{"id":204,"date":"2004-01-14T16:56:13","date_gmt":"2004-01-14T15:56:13","guid":{"rendered":"https:\/\/www.vorspeisenplatte.de\/speisen\/2004\/01\/eltern-sind-gefaehrlich.htm"},"modified":"-0001-11-30T00:00:00","modified_gmt":"-0001-11-29T22:00:00","slug":"eltern-sind-gefaehrlich","status":"publish","type":"post","link":"https:\/\/www.vorspeisenplatte.de\/speisen\/2004\/01\/eltern-sind-gefaehrlich.htm","title":{"rendered":"Eltern sind gef\u00e4hrlich"},"content":{"rendered":"<p>Dass Eltern und ihre Kinder so viel Zeit miteinander verbringen, ist ja wohl eine neuere Erfindung. Anfang 20. Jahrhundert? Im Zusammenhang mit wachsendem Wohlstand und Kleinb\u00fcrgertum?<\/p>\n<p>Ich bekomme n\u00e4mlich langsam den Verdacht, dass das gar nicht so gut ist. Die Geschichte unten ist durchaus N\u00e4hrboden f\u00fcr diesen Verdacht. Wenn Menschen in ihrer Kindheit verletzt wurden, langfristig Sch\u00e4den erlitten, dann erinnern sie sich sp\u00e4ter als erstes an die, die ihnen von ihren Eltern zugef\u00fcgt wurden. Das sind einfach die schlimmsten. Und wenn ich mich umsehe und umh\u00f6re, auch in mir selbst, k\u00f6nnen Eltern anscheinend machen, was sie wollen: Sie machen immer etwas bei ihren Kindern kaputt. Und fast immer trotz bester Absicht. Selbst Menschen, die haupts\u00e4chlich bei Gro\u00dfeltern oder noch weniger verwandten Verwandten aufwuchsen, verbinden die st\u00e4rksten Emotionen mit ihren leiblichen Eltern.<\/p>\n<p>Vor dem 20. Jahrhundert war in unserer Gesellschaft Erziehung doch nicht unbedingt Elternsache, oder? Arme Leute mussten arbeiten und hatten gar keine Zeit, sich intensiv um ihre Kinder zu k\u00fcmmern. Die reichen Leute \u00fcberlie\u00dfen die Erziehung ihrer Kinder Profis. Was, wenn das die L\u00f6sung gewesen w\u00e4re, die den Kindern die geringsten Sch\u00e4den zuf\u00fcgte? Nur so als Idee.<\/p>\n<p>Eltern k\u00f6nnten so am wenigsten anrichten, ihre Kinder am wenigsten belasten. Denn die heutige N\u00e4he zwischen Eltern und Kindern hat doch auch zur Folge, dass die Kinder mit den Befindlichkeiten ihrer Eltern belastet werden. Da m\u00f6gen die Eltern die beste theoretische Motivation bei Aufzucht und Erziehung haben &#8211; darunter liegt ihre eigene Pers\u00f6nlichkeit als eigentliche Motivation. Und die wird unabl\u00e4ssig mittransportiert.<\/p>\n<p>Die Mutter aus der S-Bahn schien ihr Kind zutiefst abzulehnen. So sehr, dass sie vergessen hatte, welche F\u00e4higkeiten ein dreij\u00e4hriger Mensch \u00fcberhaupt hat. Das war ihr sicher gar nicht bewusst. Auf Nachfrage h\u00e4tte sie vermutlich rational begr\u00fcnden k\u00f6nnen, warum sie ihr kleines Kind so und nicht anders behandelt.<\/p>\n<p>Oder die Mutter, deren d\u00fcrre kleine Tochter fahrig durch eine Partygesellschaft tappt und mit leerem Blick Weingl\u00e4ser umwirft, Zucker weitr\u00e4umig verstreut, Salat in den Parkettboden reibt &#8211; ohne dass die Mutter sie beachtet. Sie erkl\u00e4rt ihr Verhalten dem Nachwuchs gegen\u00fcber mit Toleranz und dem Einr\u00e4umen von Freiraum. Wo sie doch einfach nur am liebsten gar keine Tochter h\u00e4tte.<\/p>\n<p>Genau so wie eine Mutter den Di\u00e4tterror, unter den sie ihre Tochter von Kleinkindbeinen an setzt, damit begr\u00fcndet, dass \u00dcbergewicht schlecht f\u00fcr die Gesundheit sei. Obwohl sie m\u00f6glicherweise einfach nur eine Tochter haben will, die dem Sch\u00f6nheitsideal entspricht.<\/p>\n<p>Sollte man Kinder also m\u00f6glichst von ihren Eltern fern halten?<\/p>\n","protected":false},"excerpt":{"rendered":"<p>Dass Eltern und ihre Kinder so viel Zeit miteinander verbringen, ist ja wohl eine neuere Erfindung. Anfang 20. Jahrhundert? Im Zusammenhang mit wachsendem Wohlstand und Kleinb\u00fcrgertum? Ich bekomme n\u00e4mlich langsam den Verdacht, dass das gar nicht so gut ist. Die Geschichte unten ist durchaus N\u00e4hrboden f\u00fcr diesen Verdacht. Wenn Menschen in ihrer Kindheit verletzt wurden, [&hellip;]<\/p>\n","protected":false},"author":2,"featured_media":0,"comment_status":"open","ping_status":"open","sticky":false,"template":"","format":"standard","meta":{"footnotes":""},"categories":[1],"tags":[],"class_list":["post-204","post","type-post","status-publish","format-standard","hentry","category-general"],"_links":{"self":[{"href":"https:\/\/www.vorspeisenplatte.de\/speisen\/wp-json\/wp\/v2\/posts\/204","targetHints":{"allow":["GET"]}}],"collection":[{"href":"https:\/\/www.vorspeisenplatte.de\/speisen\/wp-json\/wp\/v2\/posts"}],"about":[{"href":"https:\/\/www.vorspeisenplatte.de\/speisen\/wp-json\/wp\/v2\/types\/post"}],"author":[{"embeddable":true,"href":"https:\/\/www.vorspeisenplatte.de\/speisen\/wp-json\/wp\/v2\/users\/2"}],"replies":[{"embeddable":true,"href":"https:\/\/www.vorspeisenplatte.de\/speisen\/wp-json\/wp\/v2\/comments?post=204"}],"version-history":[{"count":0,"href":"https:\/\/www.vorspeisenplatte.de\/speisen\/wp-json\/wp\/v2\/posts\/204\/revisions"}],"wp:attachment":[{"href":"https:\/\/www.vorspeisenplatte.de\/speisen\/wp-json\/wp\/v2\/media?parent=204"}],"wp:term":[{"taxonomy":"category","embeddable":true,"href":"https:\/\/www.vorspeisenplatte.de\/speisen\/wp-json\/wp\/v2\/categories?post=204"},{"taxonomy":"post_tag","embeddable":true,"href":"https:\/\/www.vorspeisenplatte.de\/speisen\/wp-json\/wp\/v2\/tags?post=204"}],"curies":[{"name":"wp","href":"https:\/\/api.w.org\/{rel}","templated":true}]}}