{"id":20888,"date":"2014-05-06T07:58:09","date_gmt":"2014-05-06T06:58:09","guid":{"rendered":"https:\/\/www.vorspeisenplatte.de\/speisen\/?p=20888"},"modified":"2014-05-09T17:08:21","modified_gmt":"2014-05-09T16:08:21","slug":"berlin-im-fruehling-2014-3-halle-saale","status":"publish","type":"post","link":"https:\/\/www.vorspeisenplatte.de\/speisen\/2014\/05\/berlin-im-fruehling-2014-3-halle-saale.htm","title":{"rendered":"Berlin im Fr\u00fchling 2014 &#8211; 3, Halle (Saale)"},"content":{"rendered":"<p><a href=\"https:\/\/www.vorspeisenplatte.de\/speisen\/archiv\/140505_Kleidung.jpg\"><img loading=\"lazy\" decoding=\"async\" src=\"https:\/\/www.vorspeisenplatte.de\/speisen\/archiv\/140505_Kleidung.jpg\" alt=\"140505_Kleidung\" width=\"339\" height=\"312\" class=\"alignnone size-full wp-image-20912\" \/><\/a><\/p>\n<p>Die am l\u00e4ngsten vorher getroffene Verabredung war die mit <a href=\"http:\/\/www.frau-indica.de\/\" target=\"_blank\">Frau Indica<\/a> f\u00fcr gestern: Die Arch\u00e4ologin, <a href=\"http:\/\/www.frau-indica.de\/1756\/maenner-die-in-mauern-stecken\" target=\"_blank\">die uns vergangenes Jahr ihre Ausgrabung am J\u00fcdenhof in Berlin gezeigt hatte<\/a>, Anja Grothe, ist nun f\u00fcr zwei Jahre am Museum f\u00fcr Vorgeschichte in Halle (Saale) angestellt, um dort eine Ausstellung zu kuratieren. Und hatte angeboten, uns am geschlossenen Montag durch dieses Museum zu f\u00fchren. Nu, es ist ausgesprochen unwahrscheinlich, dass sich f\u00fcr mich in diesem Leben nochmal ein Anlass f\u00fcr eine Reise nach Halle bieten wird. Und auch wenn ich mit Vorgeschichte nur mittelinteressante Pfeilspitzen und H\u00f6hlenmalerei verbinde: Die F\u00fchrung einer Arch\u00e4ologin durch ein Museum w\u00fcrde ich mir niemals entgehen lassen. Schon gleich gar nicht, wenn sie Anja Grothe ist.<\/p>\n<p>Das <a href=\"http:\/\/www.lda-lsa.de\/landesmuseum_fuer_vorgeschichte\/\" target=\"_blank\">Museum f\u00fcr Vorgeschichte<\/a> ist offensichtlich die zentrale Attraktion Halles: Der Weg dorthin ist ab Autobahn genau ausgeschildert.<\/p>\n<p><a href=\"https:\/\/www.vorspeisenplatte.de\/speisen\/archiv\/140505_08_Halle_Vorgeschichte.jpg\"><img loading=\"lazy\" decoding=\"async\" src=\"https:\/\/www.vorspeisenplatte.de\/speisen\/archiv\/140505_08_Halle_Vorgeschichte.jpg\" alt=\"140505_08_Halle_Vorgeschichte\" width=\"580\" height=\"401\" class=\"alignnone size-full wp-image-20895\" \/><\/a><\/p>\n<p>Und selbstverst\u00e4ndlich enth\u00e4lt es eine Menge Pfeilspitzen:<\/p>\n<p><a href=\"https:\/\/www.vorspeisenplatte.de\/speisen\/archiv\/140505_14_Halle_Vorgeschichte.jpg\"><img loading=\"lazy\" decoding=\"async\" src=\"https:\/\/www.vorspeisenplatte.de\/speisen\/archiv\/140505_14_Halle_Vorgeschichte.jpg\" alt=\"140505_14_Halle_Vorgeschichte\" width=\"574\" height=\"468\" class=\"alignnone size-full wp-image-20897\" \/><\/a><\/p>\n<p>Einige hundert davon sind im Atrium an Pfeilen befestigt, die wie im Flug h\u00e4ngen &#8211; eine atemberaubende Idee der Pr\u00e4sentation. Und das in einem Eingangsraum zur Sonderausstellung <a href=\"http:\/\/www.lda-lsa.de\/de\/landesmuseum_fuer_vorgeschichte\/sonderausstellungen\/3300bc\/ausstellung\/ueberblick\/\" target=\"_blank\">&#8220;3300 BC &#8211; Mysteri\u00f6se Steinzeittote und ihre Welt&#8221;<\/a>, der ohnehin schon mal geh\u00f6rig beeindruckt.<\/p>\n<p><a href=\"https:\/\/www.vorspeisenplatte.de\/speisen\/archiv\/140505_13_Halle_Vorgeschichte.jpg\"><img loading=\"lazy\" decoding=\"async\" src=\"https:\/\/www.vorspeisenplatte.de\/speisen\/archiv\/140505_13_Halle_Vorgeschichte.jpg\" alt=\"140505_13_Halle_Vorgeschichte\" width=\"416\" height=\"587\" class=\"alignnone size-full wp-image-20899\" \/><\/a><\/p>\n<p>Die n\u00e4chsten Stunden waren ungeheuer spannend: Nicht nur die Ausstellung und ihre Exponate, sondern auch ihre Pr\u00e4sentation. Anja wies uns immer wieder darauf hin, wie viel Raum hier nicht nur das Ergebnis der Grabungen einnimmt und welche Aufschl\u00fcsse sie \u00fcber die Geschichte geben. Heute ist auch der Prozess der Grabungen und Untersuchungen Teil der Pr\u00e4sentation. Im Fall des Museums f\u00fcr Vorgeschichte kommt laut Anja dazu, dass es auf Blockbergungen spezialisiert ist: Der Fund wird nicht vor Ort v\u00f6llig ausgegraben und dann abtransportiert; statt dessen nehmen die Ausgr\u00e4ber den gesamten Fundort mit. In Halle sind die Restauratoren daraufhin ausgestattet, dass sie auch richtig gro\u00dfe solche Blockbergungen analysieren und konservieren k\u00f6nnen.<\/p>\n<p>Ein Ergebnis hatten wir bereits in der Eingangshalle gesehen: Die Pferdegr\u00e4ber an der Wand. Einem anderen so geborgenen Fund war ein zentraler Abschnitt der Ausstellung gewidmet: Der Neunfachbestattung von Salzm\u00fcnde.<\/p>\n<p><a href=\"https:\/\/www.vorspeisenplatte.de\/speisen\/archiv\/140505_19_Halle_Vorgeschichte.jpg\"><img loading=\"lazy\" decoding=\"async\" src=\"https:\/\/www.vorspeisenplatte.de\/speisen\/archiv\/140505_19_Halle_Vorgeschichte.jpg\" alt=\"140505_19_Halle_Vorgeschichte\" width=\"580\" height=\"439\" class=\"alignnone size-full wp-image-20901\" \/><\/a><\/p>\n<p>Mein Banausinnenblick wurde sofort von einem Detail in der linken unteren Ecke des Exponats gefangen: Ein Hamster!<\/p>\n<p><a href=\"https:\/\/www.vorspeisenplatte.de\/speisen\/archiv\/140505_16_Halle_Vorgeschichte.jpg\"><img loading=\"lazy\" decoding=\"async\" src=\"https:\/\/www.vorspeisenplatte.de\/speisen\/archiv\/140505_16_Halle_Vorgeschichte.jpg\" alt=\"140505_16_Halle_Vorgeschichte\" width=\"463\" height=\"414\" class=\"alignnone size-full wp-image-20905\" \/><\/a><\/p>\n<p>Mein Banausentum dr\u00fcckte mich allerdings weniger als ich sah, dass diesem Hamster eine eigene Erkl\u00e4rungstafel gewidmet war. (Und gar nicht mehr, als ich im B\u00fcro der Arch\u00e4ologin die Spa\u00dfkarte &#8220;Hamster des Grauens&#8221; entdeckte.)<\/p>\n<p>Glauben Sie mir: Wenn Sie in der N\u00e4he sind, sollte Sie sich Museum und Ausstellung ansehen &#8211; auch wenn f\u00fcr Sie Vorgeschichte nur Pfeilspitzen und H\u00f6hlenmalerei sind, h\u00fcstel.<\/p>\n<p>Die Ausstellung, die Anja kuratiert, wird sich um die Schlacht von L\u00fctzen 1632 drehen (die Epoche, auf die Anja eigentlich spezialisiert ist). Und so konnte ich eine Frage, die mich seit vielen Jahren umtreibt, endlich einer Expertin stellten: Woher wussten die Schlachtbeteiligten in dieser und der davorliegenden Zeit, wer gewonnen hatte? Anjas Antwort: &#8220;Wer zuerst kneift und vom Schlachtfeld wegrennt, hat verloren.&#8221; Aber das habe doch sicher ganz sch\u00f6n lang gedauert, bis sich dieses Wegrennen rumgesprochen hatte, wandte ich skeptisch ein. Worauf Anja mich warnte, die damaligen Kommunikationsmittel zu untersch\u00e4tzen: Hornsignale, Trommeln, Boten und alle m\u00f6glichen L\u00e4ufer h\u00e4tten in Schlachten f\u00fcr eine erstaunlich schnelle Verbreitung von Informationen gesorgt.<\/p>\n<p>In Halle selbst sahen wir uns auch ein wenig um. Zu Mittag a\u00dfen wir K\u00fcrbissuppe mit Huhn im Waschhaus, was auch ein solches ist.<\/p>\n<p><a href=\"https:\/\/www.vorspeisenplatte.de\/speisen\/archiv\/140505_03_Halle_Waschhaus.jpg\"><img loading=\"lazy\" decoding=\"async\" src=\"https:\/\/www.vorspeisenplatte.de\/speisen\/archiv\/140505_03_Halle_Waschhaus.jpg\" alt=\"140505_03_Halle_Waschhaus\" width=\"398\" height=\"469\" class=\"alignnone size-full wp-image-20902\" \/><\/a><\/p>\n<p>Und in der Nachmittagssonne spazierten wir durch die Innenstadt und ihrem charmanten Mix von Renaissance und Platte (ohne Abbildung).<\/p>\n<p><a href=\"https:\/\/www.vorspeisenplatte.de\/speisen\/archiv\/140505_25_Halle_Saale.jpg\"><img loading=\"lazy\" decoding=\"async\" src=\"https:\/\/www.vorspeisenplatte.de\/speisen\/archiv\/140505_25_Halle_Saale.jpg\" alt=\"140505_25_Halle_Saale\" width=\"415\" height=\"553\" class=\"alignnone size-full wp-image-20908\" \/><\/a><\/p>\n<p><a href=\"https:\/\/www.vorspeisenplatte.de\/speisen\/archiv\/140505_26_Halle_Saale.jpg\"><img loading=\"lazy\" decoding=\"async\" src=\"https:\/\/www.vorspeisenplatte.de\/speisen\/archiv\/140505_26_Halle_Saale.jpg\" alt=\"140505_26_Halle_Saale\" width=\"382\" height=\"473\" class=\"alignnone size-full wp-image-20909\" \/><\/a><\/p>\n<p><a href=\"https:\/\/www.vorspeisenplatte.de\/speisen\/archiv\/140505_30_Halle_Saale.jpg\"><img loading=\"lazy\" decoding=\"async\" src=\"https:\/\/www.vorspeisenplatte.de\/speisen\/archiv\/140505_30_Halle_Saale.jpg\" alt=\"140505_30_Halle_Saale\" width=\"589\" height=\"420\" class=\"alignnone size-full wp-image-20910\" \/><\/a><\/p>\n<p>Auf den herausragenden St\u00fctzen im untersten Bild standen \u00fcbrigens fr\u00fcher die Aborte.<\/p>\n<p>Abends erstes gr\u00f6\u00dferes Bloggerinnentreffen \u00fcber Tapas. Ich wei\u00df nicht mehr, welcher Impuls mich zur Bestellung von Croquetas trieb: Eigentlich mag ich diese frittierten Bechamelklumpen nicht. Diese hier waren aus Fisch und ausgesprochen trocken. Vielleicht musste ich mich einfach versichern, dass ich Croquetas nicht besonders mag.<\/p>\n<p><a href=\"https:\/\/www.vorspeisenplatte.de\/speisen\/archiv\/140505_Croquetas.jpg\"><img loading=\"lazy\" decoding=\"async\" src=\"https:\/\/www.vorspeisenplatte.de\/speisen\/archiv\/140505_Croquetas.jpg\" alt=\"140505_Croquetas\" width=\"351\" height=\"359\" class=\"alignnone size-full wp-image-20911\" \/><\/a> <img loading=\"lazy\" decoding=\"async\" src=\"https:\/\/ssl-vg03.met.vgwort.de\/na\/b394943228a243328954b674d07c1a65\" width=\"1\" height=\"1\" alt=\"\"\/><\/p>\n","protected":false},"excerpt":{"rendered":"<p>Die am l\u00e4ngsten vorher getroffene Verabredung war die mit Frau Indica f\u00fcr gestern: Die Arch\u00e4ologin, die uns vergangenes Jahr ihre Ausgrabung am J\u00fcdenhof in Berlin gezeigt hatte, Anja Grothe, ist nun f\u00fcr zwei Jahre am Museum f\u00fcr Vorgeschichte in Halle (Saale) angestellt, um dort eine Ausstellung zu kuratieren. Und hatte angeboten, uns am geschlossenen Montag [&hellip;]<\/p>\n","protected":false},"author":2,"featured_media":0,"comment_status":"open","ping_status":"closed","sticky":false,"template":"","format":"standard","meta":{"footnotes":""},"categories":[2,1],"tags":[],"class_list":["post-20888","post","type-post","status-publish","format-standard","hentry","category-fotos","category-general"],"_links":{"self":[{"href":"https:\/\/www.vorspeisenplatte.de\/speisen\/wp-json\/wp\/v2\/posts\/20888","targetHints":{"allow":["GET"]}}],"collection":[{"href":"https:\/\/www.vorspeisenplatte.de\/speisen\/wp-json\/wp\/v2\/posts"}],"about":[{"href":"https:\/\/www.vorspeisenplatte.de\/speisen\/wp-json\/wp\/v2\/types\/post"}],"author":[{"embeddable":true,"href":"https:\/\/www.vorspeisenplatte.de\/speisen\/wp-json\/wp\/v2\/users\/2"}],"replies":[{"embeddable":true,"href":"https:\/\/www.vorspeisenplatte.de\/speisen\/wp-json\/wp\/v2\/comments?post=20888"}],"version-history":[{"count":19,"href":"https:\/\/www.vorspeisenplatte.de\/speisen\/wp-json\/wp\/v2\/posts\/20888\/revisions"}],"predecessor-version":[{"id":21014,"href":"https:\/\/www.vorspeisenplatte.de\/speisen\/wp-json\/wp\/v2\/posts\/20888\/revisions\/21014"}],"wp:attachment":[{"href":"https:\/\/www.vorspeisenplatte.de\/speisen\/wp-json\/wp\/v2\/media?parent=20888"}],"wp:term":[{"taxonomy":"category","embeddable":true,"href":"https:\/\/www.vorspeisenplatte.de\/speisen\/wp-json\/wp\/v2\/categories?post=20888"},{"taxonomy":"post_tag","embeddable":true,"href":"https:\/\/www.vorspeisenplatte.de\/speisen\/wp-json\/wp\/v2\/tags?post=20888"}],"curies":[{"name":"wp","href":"https:\/\/api.w.org\/{rel}","templated":true}]}}