{"id":21133,"date":"2014-05-22T14:11:13","date_gmt":"2014-05-22T13:11:13","guid":{"rendered":"https:\/\/www.vorspeisenplatte.de\/speisen\/?p=21133"},"modified":"2014-05-22T16:39:28","modified_gmt":"2014-05-22T15:39:28","slug":"beifang-aus-dem-internet-25","status":"publish","type":"post","link":"https:\/\/www.vorspeisenplatte.de\/speisen\/2014\/05\/beifang-aus-dem-internet-25.htm","title":{"rendered":"Beifang aus dem Internet"},"content":{"rendered":"<p><a href=\"http:\/\/wasmachendieda.de\/\" target=\"_blank\"><i>Was machen die da?<\/i><\/a> ist ohnehin ein ganz gro\u00dfartiges Projekt von Isabel Bogdan und Maximilian Buddenbohm, unter anderem weil es die gefragten Menschen ganz selbst zu Wort kommen l\u00e4sst. Der neueste Beitrag hat mich besonders mitgerissen, weil er nicht nur eine T\u00e4tigkeit schildert, die sich nach Traumjob anh\u00f6rt, sondern auch ganz viele Hintergrundinformationen \u00fcber die Stabi Hamburg enth\u00e4lt:<br \/>\n<a href=\"http:\/\/wasmachendieda.de\/2014-05-20\/markus-trapp-stabstelle-social-media\/\" target=\"_blank\">&#8220;Markus Trapp, Stabsstelle Social Media&#8221;<\/a><\/p>\n<p>(Vielleicht kriege ich ja doch endlich <del>die<\/del>den Arsch hoch und portraitiere hier zwei Leute in M\u00fcnchen, die mich aus genau diesem Grund faszinieren: Einen Feinkosth\u00e4ndler und eine Wirtin.)<\/p>\n<p>\u00a7<\/p>\n<p>Ich habe hier eh viel zu lange nicht \u00fcber Sport geschrieben &#8211; oder auch nur die Ergebnisse meines Bewegungsdrangs, die die Medien gerne &#8220;Sport&#8221; nennen. Lasse ich halt andere f\u00fcr mich schreiben, zum Beispiel dasnuf \u00fcber den Berliner Zombierun:<br \/>\n<a href=\"http:\/\/dasnuf.de\/zeug\/in-der-zombieapokalypse-ueberlebt-man-nur-im-team\/\" target=\"_blank\">&#8220;In der Zombieapokalypse \u00fcberlebt man nur im Team&#8221;<\/a>.<\/p>\n<blockquote><p>Es ist faszinierend, wie schnell man laufen kann, wenn ein massig wirkender Typ mit hervorquellendem Gehirn schreiend wie ein Ochse hinter einem herl\u00e4uft. Man m\u00f6chte im Anschluss daran erbrechen, ist aber sehr, sehr gl\u00fccklich.<\/p><\/blockquote>\n<p>\u00a7<\/p>\n<p>Bilder und W\u00f6rter zur brutalen Realit\u00e4t:<br \/>\n<a href=\"http:\/\/www.abeautifulbodyproject.com\/i_didn_t_lose_my_hair_and_breasts_cancer_took_them\" target=\"_blank\">&#8220;I Didn&#8217;t Lose My Hair and Breasts, Cancer Took Them&#8221;<\/a><br \/>\nErst recht Teil des Projekts <a href=\"http:\/\/www.abeautifulbodyproject.com\/\" target=\"_blank\"><i>A beautiful body<\/i><\/a>.<\/p>\n<p>via <a href=\"https:\/\/twitter.com\/HappySchnitzel\/status\/469208778291032064\" target=\"_blank\">@happyschnitzel<\/a><\/p>\n<p>\u00a7<\/p>\n<p><a href=\"https:\/\/www.vorspeisenplatte.de\/speisen\/archiv\/Untitled.jpg\"><img loading=\"lazy\" decoding=\"async\" src=\"https:\/\/www.vorspeisenplatte.de\/speisen\/archiv\/Untitled.jpg\" alt=\"Untitled\" width=\"587\" height=\"761\" class=\"alignnone size-full wp-image-21145\" srcset=\"https:\/\/www.vorspeisenplatte.de\/speisen\/archiv\/Untitled.jpg 587w, https:\/\/www.vorspeisenplatte.de\/speisen\/archiv\/Untitled-462x600.jpg 462w\" sizes=\"auto, (max-width: 587px) 100vw, 587px\" \/><\/a><\/p>\n<p>via <a href=\"https:\/\/twitter.com\/JoLendle\/status\/469373532552826880\" target=\"_blank\">@JoLendle<\/a><\/p>\n","protected":false},"excerpt":{"rendered":"<p>Was machen die da? ist ohnehin ein ganz gro\u00dfartiges Projekt von Isabel Bogdan und Maximilian Buddenbohm, unter anderem weil es die gefragten Menschen ganz selbst zu Wort kommen l\u00e4sst. Der neueste Beitrag hat mich besonders mitgerissen, weil er nicht nur eine T\u00e4tigkeit schildert, die sich nach Traumjob anh\u00f6rt, sondern auch ganz viele Hintergrundinformationen \u00fcber die [&hellip;]<\/p>\n","protected":false},"author":2,"featured_media":0,"comment_status":"open","ping_status":"closed","sticky":false,"template":"","format":"standard","meta":{"footnotes":""},"categories":[1],"tags":[],"class_list":["post-21133","post","type-post","status-publish","format-standard","hentry","category-general"],"_links":{"self":[{"href":"https:\/\/www.vorspeisenplatte.de\/speisen\/wp-json\/wp\/v2\/posts\/21133","targetHints":{"allow":["GET"]}}],"collection":[{"href":"https:\/\/www.vorspeisenplatte.de\/speisen\/wp-json\/wp\/v2\/posts"}],"about":[{"href":"https:\/\/www.vorspeisenplatte.de\/speisen\/wp-json\/wp\/v2\/types\/post"}],"author":[{"embeddable":true,"href":"https:\/\/www.vorspeisenplatte.de\/speisen\/wp-json\/wp\/v2\/users\/2"}],"replies":[{"embeddable":true,"href":"https:\/\/www.vorspeisenplatte.de\/speisen\/wp-json\/wp\/v2\/comments?post=21133"}],"version-history":[{"count":7,"href":"https:\/\/www.vorspeisenplatte.de\/speisen\/wp-json\/wp\/v2\/posts\/21133\/revisions"}],"predecessor-version":[{"id":21149,"href":"https:\/\/www.vorspeisenplatte.de\/speisen\/wp-json\/wp\/v2\/posts\/21133\/revisions\/21149"}],"wp:attachment":[{"href":"https:\/\/www.vorspeisenplatte.de\/speisen\/wp-json\/wp\/v2\/media?parent=21133"}],"wp:term":[{"taxonomy":"category","embeddable":true,"href":"https:\/\/www.vorspeisenplatte.de\/speisen\/wp-json\/wp\/v2\/categories?post=21133"},{"taxonomy":"post_tag","embeddable":true,"href":"https:\/\/www.vorspeisenplatte.de\/speisen\/wp-json\/wp\/v2\/tags?post=21133"}],"curies":[{"name":"wp","href":"https:\/\/api.w.org\/{rel}","templated":true}]}}