{"id":21185,"date":"2014-05-26T08:58:34","date_gmt":"2014-05-26T07:58:34","guid":{"rendered":"https:\/\/www.vorspeisenplatte.de\/speisen\/?p=21185"},"modified":"2023-06-02T12:12:54","modified_gmt":"2023-06-02T10:12:54","slug":"wahlgeholfen","status":"publish","type":"post","link":"https:\/\/www.vorspeisenplatte.de\/speisen\/2014\/05\/wahlgeholfen.htm","title":{"rendered":"Wahlgeholfen"},"content":{"rendered":"<p>Die Stadt M\u00fcnchen warb vergangenes Jahr mit einer gro\u00dfen Kampagne (Plakate und Flyer) <a href=\"http:\/\/www.muenchen.de\/rathaus\/Stadtverwaltung\/Kreisverwaltungsreferat\/Wahlen-und-Abstimmungen\/Wahlhelfer.html\" target=\"_blank\" rel=\"noopener\">um Wahlhelfer und Wahlhelferinnen<\/a>. Neugierig war ich schon lange darauf gewesen, bei Wahlen auch mal hinter die Kulissen zu schauen; diese Kampagne brachte mich endlich tats\u00e4chlich zu einer Bewerbung. Am Termin der Kommunalwahl war ich leider schon f\u00fcr eine Familienfeier verplant, deshalb half ich erst gestern bei der Europawahl.<\/p>\n<p>Ende April hatte ich die Benachrichtigung \u00fcber den Ort meines Einsatzes bekommen (nur zehn Fu\u00dfminuten von daheim entfernt) und meine zugewiesene Funktion: Beisitzerin. Das war mir f\u00fcrs erste Mal ganz recht, denn ich w\u00fcrde mich nicht gro\u00df einarbeiten m\u00fcssen. Die Benachrichtigung hatte mich auch gebeten, um 7.30 Uhr anzutreten, doch ein Anruf des Wahlvorstehers vergangene Woche teilte mich in die Nachmittagsschicht ab 12.30 Uhr ein.<\/p>\n<p>Und so war f\u00fcr einen Nachmittag das meine Aussicht:<\/p>\n<p><a href=\"https:\/\/www.vorspeisenplatte.de\/speisen\/archiv\/140525_Wahlraum.jpg\"><img loading=\"lazy\" decoding=\"async\" src=\"https:\/\/www.vorspeisenplatte.de\/speisen\/archiv\/140525_Wahlraum.jpg\" alt=\"140525_Wahlraum\" width=\"482\" height=\"387\" class=\"alignnone size-full wp-image-21187\" \/><\/a><\/p>\n<p>Mit mir hatten Dienst eine Stadtplanerin (stellvertretende Wahlvorsteherin) und ein Jurastudent kurz vor dem Examen (Schriftf\u00fchrer) &#8211; zwei sehr angenehme und interessante Menschen, mit denen ich anregende Stunden verbrachte. Unter anderem erfuhr ich, dass von st\u00e4dtischen Angestellten Wahlhilfe erwartet wird (sie bekommen im Gegenzug aber auch einen Tag frei), ich lernte Hochinteressantes \u00fcber Stadtplanung in M\u00fcnchen (nein, es ist kein Zufall, dass in M\u00fcnchen eigentlich jedes Viertel bunt ist), bekam den Tipp, dass die Gegend um die <a href=\"http:\/\/de.wikipedia.org\/wiki\/Regattastrecke_Oberschlei%C3%9Fheim\" target=\"_blank\" rel=\"noopener\">Ruderstrecke Oberschlei\u00dfheim<\/a> sehr sch\u00f6n zum Wandern ist, merkte mir die Information vor, dass man w\u00e4hrend des Oktoberfests auf den Turm der <a href=\"http:\/\/www.erzbistum-muenchen.de\/Pfarrei\/Page010890.aspx\" target=\"_blank\" rel=\"noopener\">Kirche St. Paul<\/a> steigen kann. Sp\u00e4ter am Nachmittag kam eine Freundin der Stadtplanerin mit Kaffee vorbei, und es ergab sich ein munterer Austausch \u00fcber Formalit\u00e4ten und Anekdoten zur Erlangung der deutschen Staatsb\u00fcrgerschaft: Der Herr Student ist Bulgare und \u00e4u\u00dferte entsprechende Pl\u00e4ne, die Stadtplanerinfreundin ist sowjetisch-tschetschenisch-ukrainischer Herkunft und konnte Lustiges sowie Haarstr\u00e4ubendes beitragen, ich sch\u00f6pfte aus meiner spanisch-polnischen Herkunft und erz\u00e4hlte von der Einb\u00fcrgerung meiner Familie &#8211; die Atmosph\u00e4re war ausgesprochen europ\u00e4isch.<\/p>\n<p>\u00dcber die Stunden bekam ich einen \u00dcberblick \u00fcber die Bev\u00f6lkerung des Viertels, meines Viertels &#8211; von sehr jung bis sehr alt, Familien, Skater, junge Frauen frisch vom Sonnenbaden an der Isar (zumindest lie\u00dfen Aussehen und Gep\u00e4ck darauf schlie\u00dfen), Menschen mit Vorfahren aller Art, Originale. Ich trug ein Handtuch \u00fcber der Schulter (gestern war <a href=\"http:\/\/en.wikipedia.org\/wiki\/Towel_Day\" target=\"_blank\" rel=\"noopener\">Towel Day<\/a>), ein W\u00e4hler tauchte tats\u00e4chlich mit einem ebensolchen auf (ignorierte aber meines).<\/p>\n<p>Meine Aufgabe war es, die Wahlbenachrichtigungen auf Korrektheit des Stimmbezirks zu pr\u00fcfen und den Wahlzettel auszuh\u00e4ndigen (hin und wieder wies ich darauf hin: &#8220;Jeder nur ein Kreuz.&#8221;). Nach Ausf\u00fcllen des Stimmzettels bat der Kollege neben mir um die Wahlbenachrichtigung, um den Namen im W\u00e4hlerverzeichnis abzuhaken (wie eine W\u00e4hlerin richtig beobachtete, blieb sie dadurch nicht ganz anonym, doch, so erkl\u00e4rten wir es auch immer wieder, wird damit verhindert, dass jemand mehrfach W\u00e4hlen kommt). Wer die Wahlbenachrichtigung nicht dabei hatte, identifizierte sich per Ausweis. Die weitere Kollegin lie\u00df W\u00e4hler und W\u00e4hlerinnen anschlie\u00dfend ihren Wahlzettel in die Urne werfen; parallel z\u00e4hlte sie per Strichliste die Zahl der abgegebenen Zettel. Die Wahlbenachrichtigung gaben wir den Inhabern und Inhaberinnen wieder mit. Es tauchten einige Sonderf\u00e4lle auf, f\u00fcr alle fanden wir Regelungen im umfangreichen Infomaterial (zur Not h\u00e4tten wir auch Telefonnummern von Informationsstellen gehabt).<\/p>\n<p>Bei Schlie\u00dfung des Wahllokals um 18 Uhr war auch die Vormittagsschicht wieder da zum Ausz\u00e4hlen &#8211; bei dieser Wahl sehr einfach, die Helfer der Kommunalwahl im M\u00e4rz hatten da ganz andere Geschichten zu erz\u00e4hlen: Die Zahl der Zettel in der Wahlurne wurde mit der mitgez\u00e4hlten und der abgehakten abgeglichen, dann z\u00e4hlten wir Stimmen pro Partei sowie leere und ung\u00fcltige Wahlzettel, f\u00fcllten mit den Ergebnissen Formulare aus. Abschlie\u00dfend kamen alle Unterlagen zur\u00fcck in die Wahlurne. Kurz vor 19 Uhr verabschiedeten wir uns voneinander.<\/p>\n<p>Als Beisitzerin bekam ich 35 Euro ausgeh\u00e4ndigt, au\u00dferdem hatte sich das M\u00fcnchner KVR hiermit charmant bedankt:<\/p>\n<p><a href=\"https:\/\/www.vorspeisenplatte.de\/speisen\/archiv\/140525_Wahldank-1.jpg\"><img loading=\"lazy\" decoding=\"async\" src=\"https:\/\/www.vorspeisenplatte.de\/speisen\/archiv\/140525_Wahldank-1.jpg\" alt=\"\" width=\"262\" height=\"329\" class=\"alignnone size-full wp-image-87846\" \/><\/a><\/p>\n<p>Das mache ich wieder. <img loading=\"lazy\" decoding=\"async\" src=\"https:\/\/ssl-vg03.met.vgwort.de\/na\/c23d8db947ef497c9ad7f7e56a0f3740\" width=\"1\" height=\"1\" alt=\"\"\/><\/p>\n","protected":false},"excerpt":{"rendered":"<p>Die Stadt M\u00fcnchen warb vergangenes Jahr mit einer gro\u00dfen Kampagne (Plakate und Flyer) um Wahlhelfer und Wahlhelferinnen. Neugierig war ich schon lange darauf gewesen, bei Wahlen auch mal hinter die Kulissen zu schauen; diese Kampagne brachte mich endlich tats\u00e4chlich zu einer Bewerbung. Am Termin der Kommunalwahl war ich leider schon f\u00fcr eine Familienfeier verplant, deshalb [&hellip;]<\/p>\n","protected":false},"author":2,"featured_media":0,"comment_status":"open","ping_status":"closed","sticky":false,"template":"","format":"standard","meta":{"footnotes":""},"categories":[2],"tags":[],"class_list":["post-21185","post","type-post","status-publish","format-standard","hentry","category-fotos"],"_links":{"self":[{"href":"https:\/\/www.vorspeisenplatte.de\/speisen\/wp-json\/wp\/v2\/posts\/21185","targetHints":{"allow":["GET"]}}],"collection":[{"href":"https:\/\/www.vorspeisenplatte.de\/speisen\/wp-json\/wp\/v2\/posts"}],"about":[{"href":"https:\/\/www.vorspeisenplatte.de\/speisen\/wp-json\/wp\/v2\/types\/post"}],"author":[{"embeddable":true,"href":"https:\/\/www.vorspeisenplatte.de\/speisen\/wp-json\/wp\/v2\/users\/2"}],"replies":[{"embeddable":true,"href":"https:\/\/www.vorspeisenplatte.de\/speisen\/wp-json\/wp\/v2\/comments?post=21185"}],"version-history":[{"count":3,"href":"https:\/\/www.vorspeisenplatte.de\/speisen\/wp-json\/wp\/v2\/posts\/21185\/revisions"}],"predecessor-version":[{"id":87847,"href":"https:\/\/www.vorspeisenplatte.de\/speisen\/wp-json\/wp\/v2\/posts\/21185\/revisions\/87847"}],"wp:attachment":[{"href":"https:\/\/www.vorspeisenplatte.de\/speisen\/wp-json\/wp\/v2\/media?parent=21185"}],"wp:term":[{"taxonomy":"category","embeddable":true,"href":"https:\/\/www.vorspeisenplatte.de\/speisen\/wp-json\/wp\/v2\/categories?post=21185"},{"taxonomy":"post_tag","embeddable":true,"href":"https:\/\/www.vorspeisenplatte.de\/speisen\/wp-json\/wp\/v2\/tags?post=21185"}],"curies":[{"name":"wp","href":"https:\/\/api.w.org\/{rel}","templated":true}]}}