{"id":21226,"date":"2014-06-10T08:09:02","date_gmt":"2014-06-10T06:09:02","guid":{"rendered":"https:\/\/www.vorspeisenplatte.de\/speisen\/?p=21226"},"modified":"2014-06-09T22:09:55","modified_gmt":"2014-06-09T20:09:55","slug":"beifang-aus-dem-internet-26","status":"publish","type":"post","link":"https:\/\/www.vorspeisenplatte.de\/speisen\/2014\/06\/beifang-aus-dem-internet-26.htm","title":{"rendered":"Beifang aus dem Internet"},"content":{"rendered":"<p>Katia Kelm ist K\u00fcnstlerin. Eine der wenigen, die ich pers\u00f6nlich kenne, davon eine der noch wenigeren, mit deren Werk ich viel anfangen kann (<a href=\"https:\/\/www.vorspeisenplatte.de\/speisen\/2008\/04\/bekannte-kunstler.htm\" target=\"_blank\">schrieb ich schon mal<\/a>).<\/p>\n<p>Als in den vergangenen Wochen Bilder von ihr mit Staffel- in der Wallachei auftauchten, dachte ich erst an einen Scherz, aber sie hat das tats\u00e4chlich gemacht:<br \/>\n<a href=\"http:\/\/katiakelm.de\/blog\/2014\/06\/09\/viele-fliegen-und-ein-kuckuck\/\" target=\"_blank\">&#8220;Viele Fliegen und ein Kuckuck&#8221;.<\/a><\/p>\n<p>\u00a7<\/p>\n<p>Volker Ladenthin lehrt Historische und Systematische Erziehungswissenschaft an der Universit\u00e4t Bonn. Er prognostiziert:<br \/>\n<a href=\"http:\/\/www.faz.net\/aktuell\/politik\/inland\/bildungsdefizite-durch-verkuerzte-schulzeit-g8-wird-die-studienzeit-verlaengern-12972213.html\" target=\"_blank\">&#8220;Bildungsdefizite durch verk\u00fcrzte Schulzeit: &#8216;G8 wird die Studienzeit verl\u00e4ngern'&#8221;<\/a>.<\/p>\n<blockquote><p>Das bisherige Leben scheint nur in Klassenzimmern und Kursen und der genehmigten Peergroup der Gleichaltrigen und Freunde stattgefunden zu haben. Eigene Erlebnisschilderungen (\u201eBeispiele\u201c) beziehen sich auf Schule, Elternhaus und die ganz enge Peergroup oder aber \u2013 sehr h\u00e4ufig \u2013 auf mediale Klischees (\u201eVater arbeitslos, Mutter trinkt\u201c). Lebensweltliche Konfliktsituationen werden entweder als bereits von anderen gekl\u00e4rt oder als individuell beliebig l\u00f6sbar entproblematisiert. Zusammen mit mangelnder Urteilskraft ist das ein Problem f\u00fcr Handlungstheorien und sozialwissenschaftliche Theoriebildung. P\u00e4dagogisches Handeln wird mechanistisch als Aktion und Reaktion begriffen: \u201eWie muss man mit auff\u00e4lligen Sch\u00fclern umgehen?\u201c<\/p><\/blockquote>\n<p>Doch beschreibt er nicht im Grunde die Haltung und Informationsverarbeitung des Bev\u00f6lkerungsdurchschnitts (einschlie\u00dflich der Medien)? Und auch in meinem ausf\u00fchrlichen Studium erinnere ich mich, war es nur eine Minderheit der Kommilitonen und Kommilitoninnen, die reflektiert und mit Weitblick herangingen: Die meisten wollten halt ihren Studienabschluss und basta. <\/p>\n<p>\u00a7<\/p>\n<p>Brot! Ganz wie fr\u00fcher!<br \/>\nWie bei so vielen Achfr\u00fcherwarallesbesser-Seufzern lohnt sich genaues Hinschauen und Durchz\u00e4hlen:<br \/>\n<a href=\"http:\/\/brotandbreaddeutsch.blogspot.de\/2014\/06\/echtes-brot-ein-gast-post-von-don.html\" target=\"_blank\">&#8220;Echtes Brot? Wirklich?&#8221;<\/a><\/p>\n<p>\u00a7<\/p>\n<p><a href=\"http:\/\/novemberregen.blogger.de\/\" target=\"_blank\">Novemberregen<\/a> hat sich wieder die M\u00fche gemacht, etwas Komplexes so zu erkl\u00e4ren, so dass man es lesen mag und versteht. (Denn nein: Manche Dinge sind eben <i>nicht<\/i> einfach und eine Vereinfachung verf\u00e4lscht sie.)<br \/>\nDiesmal:<br \/>\n<a href=\"http:\/\/novemberregen.blogger.de\/stories\/2408722\/\" target=\"_blank\">&#8220;Europ\u00e4ische Kommission&#8221;.<\/a><\/p>\n<p>\u00c4ltere Serviceposts erkl\u00e4rten <a href=\"http:\/\/novemberregen.blogger.de\/stories\/2049326\/\" target=\"_blank\">Fu\u00dfballturniere<\/a> und <a href=\"http:\/\/novemberregen.blogger.de\/stories\/2035664\/\" target=\"_blank\">Ostern<\/a>.<\/p>\n<p>\u00a7<\/p>\n<p>Vielleicht kann man die westliche Zivilisation mittlerweile in zwei Gruppen teilen: Die eine kennt als Schriftart f\u00fcr auszudruckende Zettel nur Comic Sans, die andere macht Witze dar\u00fcber. Aber wussten Sie \u00fcberhaupt, wer sie warum erschuf? Dann wird&#8217;s Zeit:<br \/>\n<a href=\"http:\/\/www.theguardian.com\/artanddesign\/shortcuts\/2014\/jun\/04\/comic-sans-creator-vincent-connare\" target=\"_blank\">&#8220;The Comic Sans creator explains how he made the world&#8217;s most-hated font&#8221;.<\/a><\/p>\n<p>(In Wirklichkeit geht der Artikel um die Boring Conference, aber das macht nichts.)<\/p>\n<p>\u00a7<\/p>\n<p>Der Postillon:<br \/>\n<a href=\"http:\/\/www.der-postillon.com\/2014\/06\/eugh-urteil-spanien-muss-vakante.html\" target=\"_blank\">&#8220;EuGH-Urteil: Spanien muss vakante K\u00f6nigsstelle EU-weit ausschreiben&#8221;.<\/a><\/p>\n<p>\u00a7<\/p>\n<p>Abschlie\u00dfend noch etwas, was sich bewegt und T\u00f6ne macht:<\/p>\n<p>Disability is not an achievement.<\/p>\n<p><iframe loading=\"lazy\" src=\"http:\/\/embed.ted.com\/talks\/stella_young_i_m_not_your_inspiration_thank_you_very_much.html\" width=\"640\" height=\"360\" frameborder=\"0\" scrolling=\"no\" webkitAllowFullScreen mozallowfullscreen allowFullScreen><\/iframe><\/p>\n<p>Ich merke mir den Begriff <i>inspiration porn<\/i>. (Wei\u00df aber, wie schwierig es ist, ihn gutherzigen Nichtbehinderten zu erkl\u00e4ren, die es doch nur gut meinen.)<\/p>\n<p>via <a href=\"https:\/\/twitter.com\/Christiane\/status\/476074759361273857\" target=\"_blank\">@christiane<\/a><\/p>\n","protected":false},"excerpt":{"rendered":"<p>Katia Kelm ist K\u00fcnstlerin. Eine der wenigen, die ich pers\u00f6nlich kenne, davon eine der noch wenigeren, mit deren Werk ich viel anfangen kann (schrieb ich schon mal). Als in den vergangenen Wochen Bilder von ihr mit Staffel- in der Wallachei auftauchten, dachte ich erst an einen Scherz, aber sie hat das tats\u00e4chlich gemacht: &#8220;Viele Fliegen [&hellip;]<\/p>\n","protected":false},"author":2,"featured_media":0,"comment_status":"open","ping_status":"closed","sticky":false,"template":"","format":"standard","meta":{"footnotes":""},"categories":[1],"tags":[],"class_list":["post-21226","post","type-post","status-publish","format-standard","hentry","category-general"],"_links":{"self":[{"href":"https:\/\/www.vorspeisenplatte.de\/speisen\/wp-json\/wp\/v2\/posts\/21226","targetHints":{"allow":["GET"]}}],"collection":[{"href":"https:\/\/www.vorspeisenplatte.de\/speisen\/wp-json\/wp\/v2\/posts"}],"about":[{"href":"https:\/\/www.vorspeisenplatte.de\/speisen\/wp-json\/wp\/v2\/types\/post"}],"author":[{"embeddable":true,"href":"https:\/\/www.vorspeisenplatte.de\/speisen\/wp-json\/wp\/v2\/users\/2"}],"replies":[{"embeddable":true,"href":"https:\/\/www.vorspeisenplatte.de\/speisen\/wp-json\/wp\/v2\/comments?post=21226"}],"version-history":[{"count":16,"href":"https:\/\/www.vorspeisenplatte.de\/speisen\/wp-json\/wp\/v2\/posts\/21226\/revisions"}],"predecessor-version":[{"id":21364,"href":"https:\/\/www.vorspeisenplatte.de\/speisen\/wp-json\/wp\/v2\/posts\/21226\/revisions\/21364"}],"wp:attachment":[{"href":"https:\/\/www.vorspeisenplatte.de\/speisen\/wp-json\/wp\/v2\/media?parent=21226"}],"wp:term":[{"taxonomy":"category","embeddable":true,"href":"https:\/\/www.vorspeisenplatte.de\/speisen\/wp-json\/wp\/v2\/categories?post=21226"},{"taxonomy":"post_tag","embeddable":true,"href":"https:\/\/www.vorspeisenplatte.de\/speisen\/wp-json\/wp\/v2\/tags?post=21226"}],"curies":[{"name":"wp","href":"https:\/\/api.w.org\/{rel}","templated":true}]}}