{"id":21619,"date":"2014-07-22T20:55:31","date_gmt":"2014-07-22T18:55:31","guid":{"rendered":"https:\/\/www.vorspeisenplatte.de\/speisen\/?p=21619"},"modified":"2014-07-23T11:19:12","modified_gmt":"2014-07-23T09:19:12","slug":"beifang-aus-dem-internetz-30","status":"publish","type":"post","link":"https:\/\/www.vorspeisenplatte.de\/speisen\/2014\/07\/beifang-aus-dem-internetz-30.htm","title":{"rendered":"Beifang aus dem Internetz &#8211; 30"},"content":{"rendered":"<p>So schlimm kann ein Ereignis gar nicht sein, dass nicht irgendjemand eine Weltverschw\u00f6rung dahinter sieht. Dabei sind die eigentlichen Ursachen f\u00fcr Merkw\u00fcrdigkeiten oft l\u00e4cherlich banal. Zum Beispiel dass jemand versehentlich statt F6 die Taste F7 gedr\u00fcckt hat.<\/p>\n<p><a href=\"http:\/\/johncbeck.tumblr.com\/post\/92074597917\/count-to-ten-when-a-plane-goes-down\" target=\"_blank\">&#8220;Count to ten when a plane goes down\u2026&#8221;<\/a><\/p>\n<p>\u00a7<\/p>\n<p>Wo kommen eigentlich die Zahlen her? (Nein, nicht die Zeichen an sich, die wurden in Indien erfunden.) Das ist vor allem dann interessant, wenn diese Zahlen etwas beweisen oder eine Wirkung erzielen sollen. Wo kommen also zum Beispiel zur Zeit die Zahlen der Todesopfer in Gaza her? (Echt ehrlich, in diesem ausgesprochen spannenden Artikel geht es nur darum: um die Prozesse und Mechanismen, die die offiziellen Zahlen ergeben.)<\/p>\n<blockquote><p>&#8230; we\u2019re very, very good at counting fatalities. It\u2019s quite macabre and very depressing to say we\u2019re good at it. We check and double-check everything before we publish it. <\/p><\/blockquote>\n<p><a href=\"http:\/\/fivethirtyeight.com\/features\/determining-the-body-count-in-gaza\/\" target=\"_blank\">&#8220;Determining the Body Count in Gaza&#8221;.<\/a><\/p>\n<p>\u00a7<\/p>\n<p>Wenn jemand von sich sagt, sie sei keine Feministin, lohnt es sich immer, freundlich (!) nach dem Grund zu fragen &#8211; die Antworten sind lehrreich. Zu einigen hat Blogess etwas geschrieben, und zwar so, wie nur sie es kann:<br \/>\n<a href=\"http:\/\/thebloggess.com\/2014\/07\/women-who-are-ambivalent-about-women-against-women-against-feminism\/\" target=\"_blank\">&#8220;Women Who are Ambivalent about Women Against Women Against Feminism&#8221;<\/a>.<\/p>\n<blockquote><p>Feminism is inherently good. It\u2019s not even close to perfect and still needs <i>lots<\/i> of work and sometimes it gets all fucked up and backward and awful but that doesn\u2019t mean it\u2019s not still worth fighting for. Now go back and replace \u201cFeminism\u201d with \u201cThe human race\u201d. It works, right?. That\u2019s because feminists are made of human. Men <i>and<\/i> women.<\/p><\/blockquote>\n<p>(Es kommen aber auch Haie und Bienen vor.)<\/p>\n<p>\u00a7<\/p>\n<p>Nun noch ein Sack Beifang, der hier schon einige Zeit vor sich hin gammelt. Vielleicht ist er ja bereits alt genug, dass niemand sich erinnert, das alles l\u00e4ngst schon gelesen zu haben?<\/p>\n<p>Ja, wir m\u00fcssen alle sterben. Das macht den einen mehr, den anderen weniger aus. In der <i>Washington Post<\/i> schreibt ein Klinikarzt \u00fcber seine Erlebnisse mit den Angeh\u00f6rigen von Sterbenden:<br \/>\n<a href=\"http:\/\/m.washingtonpost.com\/opinions\/our-unrealistic-views-of-death-through-a-doctors-eyes\/2012\/01\/31\/gIQAeaHpJR_story.html\" target=\"_blank\">&#8220;Our unrealistic views of death, through a doctor\u2019s eyes&#8221;<\/a>.<\/p>\n<blockquote><p>Suffering is like a fire: Those who sit closest feel the most heat; a picture of a fire gives off no warmth. That\u2019s why it\u2019s typically the son or daughter who has been physically closest to an elderly parent\u2019s pain who is the most willing to let go. Sometimes an estranged family member is \u201cflying in next week to get all this straightened out.\u201d This is usually the person who knows the least about her struggling parent\u2019s health; she\u2019ll have problems bringing her white horse as carry-on luggage. This person may think she is being driven by compassion, but a good deal of what got her on the plane was the guilt and regret of living far away and having not done any of the heavy lifting in caring for her parent.<\/p><\/blockquote>\n<p>\u00a7<\/p>\n<p><a href=\"http:\/\/www.nytimes.com\/2014\/07\/09\/business\/media\/the-new-yorker-alters-its-online-strategy.html?_r=0\" target=\"_blank\">&#8220;The New Yorker Alters Its Online Strategy&#8221;.<\/a><\/p>\n<p>Voller Hoffnung hatte ich mich in diesen Artikel gest\u00fcrzt: Vielleicht hatte ja endlich ein traditionelles Medium einen Weg gefunden, unseren Wunsch nach Bezahlung von Online-Artikeln zu erf\u00fcllen &#8211; einzeln, egal, wo er steht. Doch leider f\u00e4llt auch dem <i>New Yorker<\/i> nur das Abonnementmodell aus der Print-\u00c4ra zum Geldverdienen ein.<\/p>\n<p>\u00a7<\/p>\n<p>Eine wundersch\u00f6ne Geschichte \u00fcber ganz subjektive Vorteile des Dickseins:<\/p>\n<p><a href=\"http:\/\/www.mindbodygreen.com\/0-13018\/5-things-i-miss-about-weighing-more-than-300-pounds.html\" target=\"_blank\">&#8220;5 Things I Miss About Weighing More Than 300 Pounds&#8221;.<\/a><\/p>\n<blockquote><p>As an obese woman I experienced the world every day in a body that was judged, undervalued, demonized, mocked, feared, despised, and avoided. Those awful experiences gave me more empathy, more character, more personality, and a broader, richer and more inclusive perspective than lifelong thinness ever could have (back off, deep and interesting lifelong-skinny women \u2014 I\u2019m speaking for myself here). I also have a much more meaningful appreciation for my health and the body I have today, and I sure as hell will never take it for granted. Not to mention the deep respect I automatically have for every person I meet who doesn\u2019t fit the (white, straight, middle-class, able-bodied) mold.<\/p><\/blockquote>\n<p>(Menschen sind verschieden. Auch dicke Menschen sind verschieden. Nur so zum Merken.)<\/p>\n<p>\u00a7<\/p>\n<blockquote><p>Bio boomt im Supermarkt. Doch die \u00d6kolandwirte haben nichts davon. Sie strecken reihenweise die Waffen \u2013 6000 Betriebe haben schon aufgegeben.<\/p><\/blockquote>\n<p><a href=\"http:\/\/www.faz.net\/aktuell\/wirtschaft\/bio-lebensmittel-oekobauern-in-not-13016021.html\" target=\"_blank\">&#8220;\u00d6kobauern in Not&#8221;.<\/a><\/p>\n<p>\u00a7<\/p>\n<p>Ah, weil wir gerade dabei sind: Unser Kartoffelkombinat sucht Anbaufl\u00e4che.<\/p>\n<blockquote><p>F\u00fcr die weiteren Ausbaustufen suchen wir \u2026<br \/>\na) einen Gem\u00fcseanbaubetrieb ab einer Fl\u00e4che von ca. 4 Hektar im Umland von M\u00fcnchen zur \u00dcbernahme und\/oder<br \/>\nb) einen gr\u00f6\u00dferen Gem\u00fcseanbaubetrieb f\u00fcr eine Betriebsgemeinschaft<\/p><\/blockquote>\n<p>Falls Sie sowas haben oder wissen? <a href=\"http:\/\/www.kartoffelkombinat.de\/blog\/2014\/07\/das-kartoffelkombinat-sucht-weiteren-betrieb-fuer-solidarische-landwirtschaft\/\" target=\"_blank\">Details finden sich hier.<\/a><\/p>\n","protected":false},"excerpt":{"rendered":"<p>So schlimm kann ein Ereignis gar nicht sein, dass nicht irgendjemand eine Weltverschw\u00f6rung dahinter sieht. Dabei sind die eigentlichen Ursachen f\u00fcr Merkw\u00fcrdigkeiten oft l\u00e4cherlich banal. Zum Beispiel dass jemand versehentlich statt F6 die Taste F7 gedr\u00fcckt hat. &#8220;Count to ten when a plane goes down\u2026&#8221; \u00a7 Wo kommen eigentlich die Zahlen her? (Nein, nicht die [&hellip;]<\/p>\n","protected":false},"author":2,"featured_media":0,"comment_status":"open","ping_status":"closed","sticky":false,"template":"","format":"standard","meta":{"footnotes":""},"categories":[1],"tags":[],"class_list":["post-21619","post","type-post","status-publish","format-standard","hentry","category-general"],"_links":{"self":[{"href":"https:\/\/www.vorspeisenplatte.de\/speisen\/wp-json\/wp\/v2\/posts\/21619","targetHints":{"allow":["GET"]}}],"collection":[{"href":"https:\/\/www.vorspeisenplatte.de\/speisen\/wp-json\/wp\/v2\/posts"}],"about":[{"href":"https:\/\/www.vorspeisenplatte.de\/speisen\/wp-json\/wp\/v2\/types\/post"}],"author":[{"embeddable":true,"href":"https:\/\/www.vorspeisenplatte.de\/speisen\/wp-json\/wp\/v2\/users\/2"}],"replies":[{"embeddable":true,"href":"https:\/\/www.vorspeisenplatte.de\/speisen\/wp-json\/wp\/v2\/comments?post=21619"}],"version-history":[{"count":19,"href":"https:\/\/www.vorspeisenplatte.de\/speisen\/wp-json\/wp\/v2\/posts\/21619\/revisions"}],"predecessor-version":[{"id":21818,"href":"https:\/\/www.vorspeisenplatte.de\/speisen\/wp-json\/wp\/v2\/posts\/21619\/revisions\/21818"}],"wp:attachment":[{"href":"https:\/\/www.vorspeisenplatte.de\/speisen\/wp-json\/wp\/v2\/media?parent=21619"}],"wp:term":[{"taxonomy":"category","embeddable":true,"href":"https:\/\/www.vorspeisenplatte.de\/speisen\/wp-json\/wp\/v2\/categories?post=21619"},{"taxonomy":"post_tag","embeddable":true,"href":"https:\/\/www.vorspeisenplatte.de\/speisen\/wp-json\/wp\/v2\/tags?post=21619"}],"curies":[{"name":"wp","href":"https:\/\/api.w.org\/{rel}","templated":true}]}}