{"id":21631,"date":"2014-07-07T09:13:53","date_gmt":"2014-07-07T07:13:53","guid":{"rendered":"https:\/\/www.vorspeisenplatte.de\/speisen\/?p=21631"},"modified":"2024-07-16T17:16:50","modified_gmt":"2024-07-16T15:16:50","slug":"bachmannpreis-2014-der-rest","status":"publish","type":"post","link":"https:\/\/www.vorspeisenplatte.de\/speisen\/2014\/07\/bachmannpreis-2014-der-rest.htm","title":{"rendered":"Bachmannpreis 2014, der Rest"},"content":{"rendered":"<p>Ein v\u00f6llig undifferenziertes &#8220;Wow!&#8221; war meine Reaktion auf den Umstand, dass der Bachmannpreis 2014 an Tex Rubinowitz<del datetime=\"2014-07-14T04:50:44+00:00\">sch<\/del> ging. WOW! Thema und Textsorte ein krasser Unterschied zu den Preistr\u00e4gern der Jahre davor. Ich freue mich sehr f\u00fcr ihn. Einige Stimmen sprachen davon, dass die Gratulation Christian Ankowitschs an Tex zum Bachmannpreis (<a href=\"http:\/\/www.stefan.cc\/books\/nzuzg\/wie-franz.html\" target=\"_blank\" rel=\"noopener\">die beiden haben zusammen das Forum H\u00f6fliche Paparazzi gegr\u00fcndet<\/a>) vor laufenden Kameras dieses Forum einen Schritt n\u00e4her zur Weltherrschaft gebracht habe. Und auf Twitter hie\u00df es, Tex m\u00fcsse jetzt zur Vervollkommnung seines Lebenswerks nur noch den European Song Contest gewinnen (f\u00fcr den er mindestens so leidenschaftlich schlachtenbummelt wie f\u00fcr den Bachmannpreis).<sup><a href=\"#footnote_1_21631\" id=\"identifier_1_21631\" class=\"footnote-link footnote-identifier-link\" title=\"Und ich kenne jetzt ZWEI Menschen pers&ouml;nlich, die den Bachmannpreis gewonnen haben! Claim to fame!\">1<\/a><\/sup><\/p>\n<p><a href=\"https:\/\/www.vorspeisenplatte.de\/speisen\/archiv\/140706_25_ORF_Theater.jpg\"><img loading=\"lazy\" decoding=\"async\" src=\"https:\/\/www.vorspeisenplatte.de\/speisen\/archiv\/140706_25_ORF_Theater.jpg\" alt=\"140706_25_ORF_Theater\" width=\"460\" height=\"374\" class=\"alignnone size-full wp-image-21641\" \/><\/a><\/p>\n<p>Den <a href=\"https:\/\/www.indiegogo.com\/projects\/automatische-literaturkritik-preis\" target=\"_blank\" rel=\"noopener\">Federwelt Preis der Automatischen Literaturkritik<\/a> (f\u00fcr den die angestrebten 5000 Euro tats\u00e4chlich zusammenkamen!) gewann Michael Fehr &#8211; der sich erst am Vortag hatte erkl\u00e4ren lassen, was das \u00fcberhaupt war. Hier mit den Initiatorinnen Angela Leinen (links) und Kathrin Passig (rechts). Die restlichen Preistr\u00e4ger und Preistr\u00e4gerinnen <a href=\"http:\/\/bachmannpreis.eu\/de\/news\/4919\" target=\"_blank\" rel=\"noopener\">finden Sie hier<\/a>.<\/p>\n<p><a href=\"https:\/\/www.vorspeisenplatte.de\/speisen\/archiv\/140706_11_ORF_Theater.jpg\"><img loading=\"lazy\" decoding=\"async\" src=\"https:\/\/www.vorspeisenplatte.de\/speisen\/archiv\/140706_11_ORF_Theater.jpg\" alt=\"140706_11_ORF_Theater\" width=\"360\" height=\"481\" class=\"alignnone size-full wp-image-21640\" \/><\/a> <\/p>\n<p>Wolfgang Tischer hat <a href=\"http:\/\/www.literaturcafe.de\/bachmannpreis-fuer-tex-rubinowitz-bachmannpreis-videopodcast-2014-folge-5\/\" target=\"_blank\" rel=\"noopener\">eine Videozusammenfassung f\u00fcr sein Literaturcaf\u00e9<\/a> gemacht (ich sitze 20 Meter rechts davon unter einer Kastanie &#8211; nicht im Bild), darin auch die Abstimmung \u00fcber das beste Jurymitglied und ein Interview mit Gewinnerin Daniela Strigl. (Interessante Information: &#8220;Wir reden ja nicht \u00fcber die Texte au\u00dfer \u00f6ffentlich.&#8221; Das war mir neu.)<\/p>\n<p>\u00a7<\/p>\n<p>Am Samstag hatte die zentrale Veranstaltung dieser ganze Klagenfurtgeschichte stattgefunden: Das Bachmannschwimmen. Vom Strandbad Maria Loretto aus schwammen Menschen in zwei Kategorien (Forelle und Stein, letztere nur mit Schwimmtier) hinaus zu einer kurzfristig zur Kehre erkl\u00e4rten Boje und wieder zur\u00fcck. <a href=\"https:\/\/www.flickr.com\/photos\/sopran\/14557512566\/in\/set-72157645514849091\" target=\"_blank\" rel=\"noopener\">Angela Leinen hat fotografiert, den harten Wettkampf sowie die Sieger festgehalten<\/a> (erkennen Sie die zahlreichen Literaten und Literatinnen im Wettkampffeld?) In dieser flickr-Gruppe finden Sie auch weitere Impressionen aus Klagenfurt.<\/p>\n<p>Andere wiederum behaupten, die zentrale Veranstaltung Anfang Juli in Klagenfurt sei das brutale Musikquiz am abendlichen Lendhafen.<\/p>\n<p><a href=\"https:\/\/www.vorspeisenplatte.de\/speisen\/archiv\/140705_23_Musikquiz.jpg\"><img loading=\"lazy\" decoding=\"async\" src=\"https:\/\/www.vorspeisenplatte.de\/speisen\/archiv\/140705_23_Musikquiz.jpg\" alt=\"140705_23_Musikquiz\" width=\"484\" height=\"390\" class=\"alignnone size-full wp-image-21643\" \/><\/a><\/p>\n<p><a href=\"https:\/\/www.facebook.com\/photo.php?fbid=10204076407969674&#038;set=a.2104232244586.2130833.1208889631&#038;type=1&#038;theater\" target=\"_blank\" rel=\"noopener\">Das Team<\/a> mit den meisten mobilen Internetzug\u00e4ngen und den besten Recherchek\u00fcnsten gewann.<\/p>\n<p>\u00a7<\/p>\n<p>Von wegen Impressionen:<\/p>\n<p>B\u00fcrgermeisterempfang am Schloss Maria Loretto<\/p>\n<p><a href=\"https:\/\/www.vorspeisenplatte.de\/speisen\/archiv\/140703_Buergermeisterempfang.jpg\"><img loading=\"lazy\" decoding=\"async\" src=\"https:\/\/www.vorspeisenplatte.de\/speisen\/archiv\/140703_Buergermeisterempfang.jpg\" alt=\"140703_Buergermeisterempfang\" width=\"661\" height=\"512\" class=\"alignnone size-full wp-image-21645\" srcset=\"https:\/\/www.vorspeisenplatte.de\/speisen\/archiv\/140703_Buergermeisterempfang.jpg 661w, https:\/\/www.vorspeisenplatte.de\/speisen\/archiv\/140703_Buergermeisterempfang-600x464.jpg 600w\" sizes=\"auto, (max-width: 661px) 100vw, 661px\" \/><\/a><\/p>\n<p>Und ein bisschen Klagenfurt<\/p>\n<p><a href=\"https:\/\/www.vorspeisenplatte.de\/speisen\/archiv\/140703_28_Lendkanal.jpg\"><img loading=\"lazy\" decoding=\"async\" src=\"https:\/\/www.vorspeisenplatte.de\/speisen\/archiv\/140703_28_Lendkanal.jpg\" alt=\"140703_28_Lendkanal\" width=\"541\" height=\"438\" class=\"alignnone size-full wp-image-21646\" \/><\/a><\/p>\n<p><a href=\"https:\/\/www.vorspeisenplatte.de\/speisen\/archiv\/140706_30_Klagenfurt-1.jpg\"><img loading=\"lazy\" decoding=\"async\" src=\"https:\/\/www.vorspeisenplatte.de\/speisen\/archiv\/140706_30_Klagenfurt-1.jpg\" alt=\"\" width=\"358\" height=\"524\" class=\"alignnone size-full wp-image-99696\" \/><\/a><\/p>\n<p><a href=\"https:\/\/www.vorspeisenplatte.de\/speisen\/archiv\/140706_26_Lendhafen-1.jpg\"><img loading=\"lazy\" decoding=\"async\" src=\"https:\/\/www.vorspeisenplatte.de\/speisen\/archiv\/140706_26_Lendhafen-1.jpg\" alt=\"\" width=\"436\" height=\"493\" class=\"alignnone size-full wp-image-99695\" \/><\/a><\/p>\n<p><a href=\"https:\/\/www.vorspeisenplatte.de\/speisen\/archiv\/140706_14_ORF_Theater.jpg\"><img loading=\"lazy\" decoding=\"async\" src=\"https:\/\/www.vorspeisenplatte.de\/speisen\/archiv\/140706_14_ORF_Theater.jpg\" alt=\"140706_14_ORF_Theater\" width=\"341\" height=\"430\" class=\"alignnone size-full wp-image-21650\" \/><\/a> <img loading=\"lazy\" decoding=\"async\" src=\"https:\/\/ssl-vg03.met.vgwort.de\/na\/c216e968c4c64e9286951d2e1a8070c7\" width=\"1\" height=\"1\" alt=\"\"\/><\/p>\n<ol class=\"footnotes\"><li id=\"footnote_1_21631\" class=\"footnote\">Und ich kenne jetzt ZWEI Menschen pers\u00f6nlich, die den Bachmannpreis gewonnen haben! Claim to fame!<span class=\"footnote-back-link-wrapper\"> [<a href=\"#identifier_1_21631\" class=\"footnote-link footnote-back-link\">&#8617;<\/a>]<\/span><\/li><\/ol>","protected":false},"excerpt":{"rendered":"<p>Ein v\u00f6llig undifferenziertes &#8220;Wow!&#8221; war meine Reaktion auf den Umstand, dass der Bachmannpreis 2014 an Tex Rubinowitzsch ging. WOW! Thema und Textsorte ein krasser Unterschied zu den Preistr\u00e4gern der Jahre davor. Ich freue mich sehr f\u00fcr ihn. Einige Stimmen sprachen davon, dass die Gratulation Christian Ankowitschs an Tex zum Bachmannpreis (die beiden haben zusammen das [&hellip;]<\/p>\n","protected":false},"author":2,"featured_media":0,"comment_status":"open","ping_status":"closed","sticky":false,"template":"","format":"standard","meta":{"footnotes":""},"categories":[2,1],"tags":[],"class_list":["post-21631","post","type-post","status-publish","format-standard","hentry","category-fotos","category-general"],"_links":{"self":[{"href":"https:\/\/www.vorspeisenplatte.de\/speisen\/wp-json\/wp\/v2\/posts\/21631","targetHints":{"allow":["GET"]}}],"collection":[{"href":"https:\/\/www.vorspeisenplatte.de\/speisen\/wp-json\/wp\/v2\/posts"}],"about":[{"href":"https:\/\/www.vorspeisenplatte.de\/speisen\/wp-json\/wp\/v2\/types\/post"}],"author":[{"embeddable":true,"href":"https:\/\/www.vorspeisenplatte.de\/speisen\/wp-json\/wp\/v2\/users\/2"}],"replies":[{"embeddable":true,"href":"https:\/\/www.vorspeisenplatte.de\/speisen\/wp-json\/wp\/v2\/comments?post=21631"}],"version-history":[{"count":3,"href":"https:\/\/www.vorspeisenplatte.de\/speisen\/wp-json\/wp\/v2\/posts\/21631\/revisions"}],"predecessor-version":[{"id":99697,"href":"https:\/\/www.vorspeisenplatte.de\/speisen\/wp-json\/wp\/v2\/posts\/21631\/revisions\/99697"}],"wp:attachment":[{"href":"https:\/\/www.vorspeisenplatte.de\/speisen\/wp-json\/wp\/v2\/media?parent=21631"}],"wp:term":[{"taxonomy":"category","embeddable":true,"href":"https:\/\/www.vorspeisenplatte.de\/speisen\/wp-json\/wp\/v2\/categories?post=21631"},{"taxonomy":"post_tag","embeddable":true,"href":"https:\/\/www.vorspeisenplatte.de\/speisen\/wp-json\/wp\/v2\/tags?post=21631"}],"curies":[{"name":"wp","href":"https:\/\/api.w.org\/{rel}","templated":true}]}}