{"id":2210,"date":"2007-09-18T08:37:53","date_gmt":"2007-09-18T06:37:53","guid":{"rendered":"https:\/\/www.vorspeisenplatte.de\/speisen\/2007\/09\/furs-oktoberfest-unbedingt-beachten-sonst.htm"},"modified":"2007-09-18T08:37:53","modified_gmt":"2007-09-18T06:37:53","slug":"furs-oktoberfest-unbedingt-beachten-sonst","status":"publish","type":"post","link":"https:\/\/www.vorspeisenplatte.de\/speisen\/2007\/09\/furs-oktoberfest-unbedingt-beachten-sonst.htm","title":{"rendered":"F\u00fcr\u2019s Oktoberfest unbedingt beachten \u2013 SONST!"},"content":{"rendered":"<p><a href=\"http:\/\/martinakink.typepad.com\/martina_kink\/2007\/09\/glei-a-watschn.html\" target=_new>Martina Kink, die es wissen muss, weist auf die Essenzialien des weiblichen Oktoberfest-Dresscodes hin.<\/a><\/p>\n<blockquote><p>Es heisst Oktoberfest oder Wiesn, meine Damen, es heisst nicht &#8216;die Wiese&#8217; und es heisst vor allem und schon gar nicht Fasching oder Karneval. Ich m\u00f6chte zu gerne heute schon die Mehrheit der weiblichen Oktoberfestbesucher dazu verdonnern, obigen Satz dreihundertmal mit Kreide an eine Tafel zu quietschen. Weil aber selten jemand macht, was ich sage, erkl\u00e4re ich es kurz hier und umst\u00e4ndlich aber trotzdem ein f\u00fcr allemal. <\/p>\n<p>Das Oktoberfest heisst Oktoberfest weil es im September in M\u00fcnchen stattfindet, und nicht im Februar in K\u00f6ln oder D\u00fcsseldorf. Das ist \u00fcbrigens auch der Grund, warum die Menschen &#8216;ein Prosit!&#8217; pl\u00e4rren und nicht etwa &#8216;Alaaf!&#8217; Ein Dirndl ist kein Clownkost\u00fcm sondern eine Tracht und steht f\u00fcr Bayern Berge Brauchtum. Wer davon nichts versteht ziehe sich bitte an wie sonst auch, es ist genug Bier f\u00fcr alle da, versprochen, man muss sich nicht als Bayer verkleiden. Ganz Australien st\u00fcnde ja draussen vorm Zelt, ausserdem bekommt man im T-Shirt weit leichter die H\u00e4nde zum Himmel als in einer doch sehr engen Dirndlbluse.<\/p><\/blockquote>\n<p><a href=\"http:\/\/martinakink.typepad.com\/martina_kink\/2007\/09\/glei-a-watschn.html\" target=_new>Bitte ganz lesen.<\/a><\/p>\n<p>Wo M\u00fcnchen doch sonst die Stadt der T\u00fcrsteher ist: Ich sehe da eine wundervolle und fruchtbare Karrierem\u00f6glichkeit f\u00fcr Frau Kink. Dann, aber nur dann, gehe ich vielleicht auch mal hin.<\/p>\n","protected":false},"excerpt":{"rendered":"<p>Martina Kink, die es wissen muss, weist auf die Essenzialien des weiblichen Oktoberfest-Dresscodes hin. Es heisst Oktoberfest oder Wiesn, meine Damen, es heisst nicht &#8216;die Wiese&#8217; und es heisst vor allem und schon gar nicht Fasching oder Karneval. Ich m\u00f6chte zu gerne heute schon die Mehrheit der weiblichen Oktoberfestbesucher dazu verdonnern, obigen Satz dreihundertmal mit [&hellip;]<\/p>\n","protected":false},"author":2,"featured_media":0,"comment_status":"open","ping_status":"closed","sticky":false,"template":"","format":"standard","meta":{"footnotes":""},"categories":[1],"tags":[],"class_list":["post-2210","post","type-post","status-publish","format-standard","hentry","category-general"],"_links":{"self":[{"href":"https:\/\/www.vorspeisenplatte.de\/speisen\/wp-json\/wp\/v2\/posts\/2210","targetHints":{"allow":["GET"]}}],"collection":[{"href":"https:\/\/www.vorspeisenplatte.de\/speisen\/wp-json\/wp\/v2\/posts"}],"about":[{"href":"https:\/\/www.vorspeisenplatte.de\/speisen\/wp-json\/wp\/v2\/types\/post"}],"author":[{"embeddable":true,"href":"https:\/\/www.vorspeisenplatte.de\/speisen\/wp-json\/wp\/v2\/users\/2"}],"replies":[{"embeddable":true,"href":"https:\/\/www.vorspeisenplatte.de\/speisen\/wp-json\/wp\/v2\/comments?post=2210"}],"version-history":[{"count":0,"href":"https:\/\/www.vorspeisenplatte.de\/speisen\/wp-json\/wp\/v2\/posts\/2210\/revisions"}],"wp:attachment":[{"href":"https:\/\/www.vorspeisenplatte.de\/speisen\/wp-json\/wp\/v2\/media?parent=2210"}],"wp:term":[{"taxonomy":"category","embeddable":true,"href":"https:\/\/www.vorspeisenplatte.de\/speisen\/wp-json\/wp\/v2\/categories?post=2210"},{"taxonomy":"post_tag","embeddable":true,"href":"https:\/\/www.vorspeisenplatte.de\/speisen\/wp-json\/wp\/v2\/tags?post=2210"}],"curies":[{"name":"wp","href":"https:\/\/api.w.org\/{rel}","templated":true}]}}