{"id":22165,"date":"2014-08-24T22:07:24","date_gmt":"2014-08-24T20:07:24","guid":{"rendered":"https:\/\/www.vorspeisenplatte.de\/speisen\/?p=22165"},"modified":"2014-08-25T08:17:51","modified_gmt":"2014-08-25T06:17:51","slug":"bloggeburtstag","status":"publish","type":"post","link":"https:\/\/www.vorspeisenplatte.de\/speisen\/2014\/08\/bloggeburtstag.htm","title":{"rendered":"Bloggeburtstag"},"content":{"rendered":"<p>Heute wird die Vorspeisenplatte elf Jahre alt.<\/p>\n<p>Dieses Blog ist nicht mehr wegzudenkender Bestandteil meines Lebens geworden &#8211; inklusive seiner Leserinnen und Leser. Ich bin sehr dankbar, wie sorgsam und wohlgesonnen Sie alle mit diesem Blog umgehen.<\/p>\n<p>Ich glaube zu beobachten, dass das Bloggen immer weiter an Bedeutung verliert, die es ohnehin nie gro\u00df hatte. Viele einstige Funktionen wurden von Diensten wie Twitter, Facebook, Instagram, Pinterest \u00fcbernommen. Lehrer berichten, dass heutige Sch\u00fcler wieder (oder immer noch?) verbl\u00fcfft sind, dass jeder und jede auch so einfach ins Internet reinschreiben kann &#8211; selbst k\u00e4men nur die wenigsten auf die Idee.<\/p>\n<p>F\u00fcr mich ist mein Blog mit den Jahren immer mehr Nachschlagewerk f\u00fcrs eigene Leben geworden, sehr praktisch.<\/p>\n<p>Anlass f\u00fcr eine neue Runde Tagebuchbloggen, ich versuche wieder einen Monat Chronik.<\/p>\n","protected":false},"excerpt":{"rendered":"<p>Heute wird die Vorspeisenplatte elf Jahre alt. Dieses Blog ist nicht mehr wegzudenkender Bestandteil meines Lebens geworden &#8211; inklusive seiner Leserinnen und Leser. Ich bin sehr dankbar, wie sorgsam und wohlgesonnen Sie alle mit diesem Blog umgehen. Ich glaube zu beobachten, dass das Bloggen immer weiter an Bedeutung verliert, die es ohnehin nie gro\u00df hatte. [&hellip;]<\/p>\n","protected":false},"author":2,"featured_media":0,"comment_status":"open","ping_status":"closed","sticky":false,"template":"","format":"standard","meta":{"footnotes":""},"categories":[1],"tags":[],"class_list":["post-22165","post","type-post","status-publish","format-standard","hentry","category-general"],"_links":{"self":[{"href":"https:\/\/www.vorspeisenplatte.de\/speisen\/wp-json\/wp\/v2\/posts\/22165","targetHints":{"allow":["GET"]}}],"collection":[{"href":"https:\/\/www.vorspeisenplatte.de\/speisen\/wp-json\/wp\/v2\/posts"}],"about":[{"href":"https:\/\/www.vorspeisenplatte.de\/speisen\/wp-json\/wp\/v2\/types\/post"}],"author":[{"embeddable":true,"href":"https:\/\/www.vorspeisenplatte.de\/speisen\/wp-json\/wp\/v2\/users\/2"}],"replies":[{"embeddable":true,"href":"https:\/\/www.vorspeisenplatte.de\/speisen\/wp-json\/wp\/v2\/comments?post=22165"}],"version-history":[{"count":2,"href":"https:\/\/www.vorspeisenplatte.de\/speisen\/wp-json\/wp\/v2\/posts\/22165\/revisions"}],"predecessor-version":[{"id":22202,"href":"https:\/\/www.vorspeisenplatte.de\/speisen\/wp-json\/wp\/v2\/posts\/22165\/revisions\/22202"}],"wp:attachment":[{"href":"https:\/\/www.vorspeisenplatte.de\/speisen\/wp-json\/wp\/v2\/media?parent=22165"}],"wp:term":[{"taxonomy":"category","embeddable":true,"href":"https:\/\/www.vorspeisenplatte.de\/speisen\/wp-json\/wp\/v2\/categories?post=22165"},{"taxonomy":"post_tag","embeddable":true,"href":"https:\/\/www.vorspeisenplatte.de\/speisen\/wp-json\/wp\/v2\/tags?post=22165"}],"curies":[{"name":"wp","href":"https:\/\/api.w.org\/{rel}","templated":true}]}}