{"id":22844,"date":"2014-09-26T09:28:52","date_gmt":"2014-09-26T07:28:52","guid":{"rendered":"https:\/\/www.vorspeisenplatte.de\/speisen\/?p=22844"},"modified":"2024-10-29T17:19:34","modified_gmt":"2024-10-29T16:19:34","slug":"journal-donnerstag-25-september-2014-reparaturen","status":"publish","type":"post","link":"https:\/\/www.vorspeisenplatte.de\/speisen\/2014\/09\/journal-donnerstag-25-september-2014-reparaturen.htm","title":{"rendered":"Journal Donnerstag, 25. September 2014 &#8211; Reparaturen"},"content":{"rendered":"<p>Nochmal Morgenkaffee vom B\u00e4cker (Instant-Espresso br\u00e4uchte ja Milch, die ich ohne Herd nicht erhitzen kann).<\/p>\n<p>Da der Mitbewohner und ich beide den ganzen Tag au\u00dfer Haus waren, sprangen meine Eltern zum Handwerkerbeistehen ein &#8211; wie schon vergangenen Donnerstag. Ich h\u00e4tte es eigentlich ahnen k\u00f6nnen: Mein Vater kann nicht einfach herumsitzen (Lesen besch\u00e4ftigt ihn nicht l\u00e4nger als 15 bis 30 Minuten), er muss sich irgendwie besch\u00e4ftigen. Und das nimmt fast unweigerlich <a href=\"https:\/\/www.vorspeisenplatte.de\/speisen\/2005\/05\/elternsorgen-und-urlaubsuberraschungen.htm\" target=\"_blank\" rel=\"noopener\">die Form von Reparieren<\/a> an.<\/p>\n<p>Am Telefon hatte er mir bereits erz\u00e4hlt, dass er letzte Woche die Deckenlampe im Wohnzimmer gereingt habe &#8211; weil dort so viele tote Insekten ruhten, habe er vorher ein \u00f6rtliches Bestattungsinstitut informieren m\u00fcssen. Nun stellte sich heraus, dass er sich auch um das kaputte Schloss (abgebrochener Schl\u00fcssel) des alten Garderobenschranks im Flur gek\u00fcmmert hatte: Da drei Schl\u00fcssell\u00e4den behauptet hatten, oh, das sei schwierig, das m\u00fcsse man einschicken und ma\u00dffertigen lassen (kein handwerklicher Ehrgeiz), hatte mein Vater im Baumarkt einen schlichten einb\u00e4rtigen Schl\u00fcssel besorgt und in seiner kleinen Werkstatt so lange bearbeitet, bis er passte (handwerklicher Ehrgeiz).<\/p>\n<p>\u00a7<\/p>\n<p>Als Hiwi arbeitete ich w\u00e4hrend meines Studiums bis Mitte der 90er f\u00fcr einen Professor (Englische Literaturwissenschaft), der bei seiner wissenschaftlichen Recherche keine Quellen notierte. Wenn er seine Aufs\u00e4tze zur Ver\u00f6ffentlichung fertig machte, bat er dann uns Hiwis, die Quellen f\u00fcr die verwendeten Zitate zu recherchieren und als Fu\u00dfnoten einzuf\u00fcgen. (Das verschwieg ich, als ich sp\u00e4ter als Dozentin den Studierenden einbl\u00e4ute, bei Notizen <i>immer<\/i> gleich die Quelle abzuschreiben.) Es minderte seinerzeit ein wenig unseren fachlichen Respekt vor dem Professor, doch lernten wir Hiwis so nicht nur die Bibliothek gr\u00fcndlich kennen, sondern hatten am Ende unseres Studiums alle vorhandenen wissenschaftlichen Zeitschriften mal in der Hand gehabt und die Gesamtwerke praktisch aller gro\u00dfen Schriftstellerinnen und Denker mindestens einmal durchgebl\u00e4ttert. In verschiedenen Ausgaben. Vor der Verf\u00fcgbarkeit digitaler Versionen.<br \/>\nNietzsche? Kenn&#8217; ich. Ich musste einmal einen einzelnen Satz in seinem Gesamtwerk finden. (Von Verstehen hat niemand was gesagt.)<\/p>\n<p>Daran musste ich gestern denken, als ich gebeten wurde, in den Dateien der Firma etwas aus dem Jahr 2012 zu finden. Von jemanden, der das Material damals erstellt und abgelegt hat.<\/p>\n<p>\u00a7<\/p>\n<p>Wo kam eigentlich die ganze Arbeit her? Und dann auch noch so viel?<\/p>\n<p>Mittags den Teil des Ernteanteils verarbeitet, der wirklich schnell gegessen werden muss: Blattsalat. Dazu Tomaten und Fr\u00fchlingszwiebeln aus dem Ernteanteil. Den Spinat hatte ich meinen Eltern mitgegeben.<\/p>\n<p>\u00a7<\/p>\n<p>Abends Termin bei der Kosmetikerin &#8211; in der K\u00fcchenumbruchszeit eigentlich bl\u00f6d, doch den Termin hatte ich schon vor zwei Monaten vereinbart, Abendtermine sind rar. Und damals sollte ja alles in der ersten Septemberwoche rum sein.<\/p>\n<p>\u00a7<\/p>\n<p>Der Mitbewohner wollte daheim essen und hatte eine Discounterbrotzeit angerichtet. Immerhin mit einem vom Kollegen gebackenen Brot.<\/p>\n<p><a href=\"https:\/\/www.vorspeisenplatte.de\/speisen\/archiv\/140925_Nachtmahl-1.jpg\"><img loading=\"lazy\" decoding=\"async\" src=\"https:\/\/www.vorspeisenplatte.de\/speisen\/archiv\/140925_Nachtmahl-1.jpg\" alt=\"\" width=\"391\" height=\"380\" class=\"size-full wp-image-102837\" \/><\/a><\/p>\n<p>\u00a7<\/p>\n<p>Der Stand der K\u00fcche. Die Sp\u00fclenseite, noch ohne Wasserhahn:<\/p>\n<p><a href=\"https:\/\/www.vorspeisenplatte.de\/speisen\/archiv\/140925_Kueche_3-1.jpg\"><img loading=\"lazy\" decoding=\"async\" src=\"https:\/\/www.vorspeisenplatte.de\/speisen\/archiv\/140925_Kueche_3-1.jpg\" alt=\"\" width=\"353\" height=\"503\" class=\"alignnone size-full wp-image-102835\" \/><\/a><\/p>\n<p>Gegenschuss Herdseite, noch ohne Herdanschluss:<\/p>\n<p><a href=\"https:\/\/www.vorspeisenplatte.de\/speisen\/archiv\/140925_Kueche_4-1.jpg\"><img loading=\"lazy\" decoding=\"async\" src=\"https:\/\/www.vorspeisenplatte.de\/speisen\/archiv\/140925_Kueche_4-1.jpg\" alt=\"\" width=\"380\" height=\"507\" class=\"alignnone size-full wp-image-102836\" \/><\/a><\/p>\n<p>Nochmal alles zusammen:<\/p>\n<p><a href=\"https:\/\/www.vorspeisenplatte.de\/speisen\/archiv\/140925_Kueche_1-1.jpg\"><img loading=\"lazy\" decoding=\"async\" src=\"https:\/\/www.vorspeisenplatte.de\/speisen\/archiv\/140925_Kueche_1-1.jpg\" alt=\"\" width=\"345\" height=\"495\" class=\"alignnone size-full wp-image-102834\" \/><\/a><\/p>\n<p>Es fehlt noch das Anschlie\u00dfen von allem, das eine oder andere St\u00fcck wurde nicht oder falsch geliefert, die Unterseite der Hochschr\u00e4nke links sollte eigentlich L\u00e4mpchen enthalten. Wie&#8217;s halt so ist. Von Lampen ganz zu schweigen.<br \/>\nDaf\u00fcr muss ich Ihnen zeigen, wie zauberhaft der M\u00fclleimer unter der Sp\u00fcle einer solchen Luxusk\u00fcche aussieht:<\/p>\n<p><a href=\"https:\/\/www.vorspeisenplatte.de\/speisen\/archiv\/140925_Kueche_5.jpg\"><img loading=\"lazy\" decoding=\"async\" src=\"https:\/\/www.vorspeisenplatte.de\/speisen\/archiv\/140925_Kueche_5.jpg\" alt=\"140925_Kueche_5\" width=\"340\" height=\"440\" class=\"alignnone size-full wp-image-22872\" \/><\/a><\/p>\n<p>Mit Sch\u00e4ufele und Besen! <img loading=\"lazy\" decoding=\"async\" src=\"https:\/\/ssl-vg03.met.vgwort.de\/na\/4b7bcfe941bf4e13b3d394ddfe27ae18\" width=\"1\" height=\"1\" alt=\"\"\/><\/p>\n","protected":false},"excerpt":{"rendered":"<p>Nochmal Morgenkaffee vom B\u00e4cker (Instant-Espresso br\u00e4uchte ja Milch, die ich ohne Herd nicht erhitzen kann). Da der Mitbewohner und ich beide den ganzen Tag au\u00dfer Haus waren, sprangen meine Eltern zum Handwerkerbeistehen ein &#8211; wie schon vergangenen Donnerstag. Ich h\u00e4tte es eigentlich ahnen k\u00f6nnen: Mein Vater kann nicht einfach herumsitzen (Lesen besch\u00e4ftigt ihn nicht l\u00e4nger [&hellip;]<\/p>\n","protected":false},"author":2,"featured_media":0,"comment_status":"open","ping_status":"closed","sticky":false,"template":"","format":"standard","meta":{"footnotes":""},"categories":[6,2,1],"tags":[],"class_list":["post-22844","post","type-post","status-publish","format-standard","hentry","category-essen","category-fotos","category-general"],"_links":{"self":[{"href":"https:\/\/www.vorspeisenplatte.de\/speisen\/wp-json\/wp\/v2\/posts\/22844","targetHints":{"allow":["GET"]}}],"collection":[{"href":"https:\/\/www.vorspeisenplatte.de\/speisen\/wp-json\/wp\/v2\/posts"}],"about":[{"href":"https:\/\/www.vorspeisenplatte.de\/speisen\/wp-json\/wp\/v2\/types\/post"}],"author":[{"embeddable":true,"href":"https:\/\/www.vorspeisenplatte.de\/speisen\/wp-json\/wp\/v2\/users\/2"}],"replies":[{"embeddable":true,"href":"https:\/\/www.vorspeisenplatte.de\/speisen\/wp-json\/wp\/v2\/comments?post=22844"}],"version-history":[{"count":3,"href":"https:\/\/www.vorspeisenplatte.de\/speisen\/wp-json\/wp\/v2\/posts\/22844\/revisions"}],"predecessor-version":[{"id":102838,"href":"https:\/\/www.vorspeisenplatte.de\/speisen\/wp-json\/wp\/v2\/posts\/22844\/revisions\/102838"}],"wp:attachment":[{"href":"https:\/\/www.vorspeisenplatte.de\/speisen\/wp-json\/wp\/v2\/media?parent=22844"}],"wp:term":[{"taxonomy":"category","embeddable":true,"href":"https:\/\/www.vorspeisenplatte.de\/speisen\/wp-json\/wp\/v2\/categories?post=22844"},{"taxonomy":"post_tag","embeddable":true,"href":"https:\/\/www.vorspeisenplatte.de\/speisen\/wp-json\/wp\/v2\/tags?post=22844"}],"curies":[{"name":"wp","href":"https:\/\/api.w.org\/{rel}","templated":true}]}}