{"id":23003,"date":"2014-10-02T07:34:06","date_gmt":"2014-10-02T05:34:06","guid":{"rendered":"https:\/\/www.vorspeisenplatte.de\/speisen\/?p=23003"},"modified":"2024-10-24T16:42:36","modified_gmt":"2024-10-24T14:42:36","slug":"journal-mittwoch-1-oktober-2014-durchackern","status":"publish","type":"post","link":"https:\/\/www.vorspeisenplatte.de\/speisen\/2014\/10\/journal-mittwoch-1-oktober-2014-durchackern.htm","title":{"rendered":"Journal Mittwoch, 1. Oktober 2014 &#8211; Durchackern"},"content":{"rendered":"<p>Um 5 Uhr panikwach: WIE sollte ich in zwei Tagen all die Arbeit schaffen, die ich gerade auf dem B\u00fcroschreibtisch habe?<\/p>\n<p>\u00a7<\/p>\n<p>Endlich wieder eine Runde Crosstrainer. Das St\u00fcndchen verflog geradezu, weil mein Hirn immer noch mit Arbeitsplanung besch\u00e4ftigt war.<\/p>\n<p>\u00a7<\/p>\n<p>Dann halt ordentlich fr\u00fcher in die Arbeit. Tats\u00e4chlich in der ersten Stunde flink und strukturiert eine Menge weggeschafft. Mit neuneinhalb Stunden Durchackern (so genau <a href=\"http:\/\/techniktagebuch.tumblr.com\/post\/83076578674\/2002-2006-17-4-2014-zeit-erfassen\" target=\"_blank\" rel=\"noopener\">wegen Zeiterfassung<\/a>) \u00dcberblick geschaffen. Wenn heute nichts dazwischenkommt, kann ich halbwegs ruhig ins lange Wochenende gehen.<\/p>\n<p>Abends klingelte die Kollegin aus USA, die mein Buchhaltungskontakt ist: Sie macht gerade Urlaub in Europa und nutzte das zu einem Besuch in M\u00fcnchen.<\/p>\n<p>\u00a7<\/p>\n<p>Die Oktoberfestisierung schreitet weiter voran. Der Friseur ums Eck vom B\u00fcro hat Kleiderst\u00e4nder mit Verkleidung vorm Laden, und &#8220;Afro Kings &#038; Ebony Beauty&#8221; hat sich ebenfalls auf die Jahreszeit eingestellt.<\/p>\n<p><a href=\"https:\/\/www.vorspeisenplatte.de\/speisen\/archiv\/141001_Wiesnzoepfe_2.jpg\"><img loading=\"lazy\" decoding=\"async\" src=\"https:\/\/www.vorspeisenplatte.de\/speisen\/archiv\/141001_Wiesnzoepfe_2.jpg\" alt=\"\" width=\"405\" height=\"548\" class=\"alignnone size-full wp-image-102653\" \/><\/a><\/p>\n<p><a href=\"https:\/\/www.vorspeisenplatte.de\/speisen\/archiv\/141001_Wiesnzoepfe_3.jpg\"><img loading=\"lazy\" decoding=\"async\" src=\"https:\/\/www.vorspeisenplatte.de\/speisen\/archiv\/141001_Wiesnzoepfe_3.jpg\" alt=\"\" width=\"334\" height=\"355\" class=\"alignnone size-full wp-image-102654\" \/><\/a><\/p>\n<p>Rechts von der Aufnahme stand ein Herr, der <a href=\"http:\/\/www.imdb.com\/media\/rm3107884032\/tt0315327?ref_=ttmd_md_pv\" target=\"_blank\" rel=\"noopener\">in einem Hollywoodfilm jederzeit als Gott besetzt werden k\u00f6nnte<\/a>, vergn\u00fcgt vor sich hin schmunzelnd (das Englische bietet das pr\u00e4zisere <i>chuckle<\/i>). Ganz meinerseits.<\/p>\n<p>\u00a7<\/p>\n<p>Der Mitbewohner hatte aus Teilen des Ernteanteils einen k\u00f6stlichen Salat bereitet und Kale Chips gebacken &#8211; endlich eine Form, in der ich Gr\u00fcnkohl wirklich mag.<\/p>\n<p>Den Abend verbrachte ich mir der Auswahl und Auflistung meiner Lieblingstweets f\u00fcr September.<\/p>\n<p>\u00a7<\/p>\n<p>Eine bezaubernde Geschichte vom Oktoberfest (im Ernst &#8211; und mit ein bisschen Hintergrundinfo f\u00fcr Nicht-M\u00fcnchnerinnen):<br \/>\n<a href=\"http:\/\/www.kuechengoetter.de\/rezept-blog\/ICH-koste...-Spanferkel-statt-Baumstriezl-daheim-statt-auf-der-Wiesn-beitrag-9360581.html\" target=\"_blank\" rel=\"noopener\">&#8220;ICH koste&#8230; Spanferkel statt Baumstriezl daheim statt auf der Wiesn&#8221;.<\/a> <\/p>\n<p>\u00a7<\/p>\n<p>Die Braut (die deutsche) der Oldenburger Hochzeit spricht &#8211; und packt nun auch selbst den Elephanten der Ehe zweier Frauen bei den Sto\u00dfz\u00e4hnen:<br \/>\n<a href=\"http:\/\/adelhaid.wordpress.com\/2014\/09\/30\/der-schonste-tag-im-leben-und-seine-vorbildfunktion-eine-abhandlung\/\" target=\"_blank\" rel=\"noopener\">&#8220;der sch\u00f6nste tag im leben \u2013 und seine vorbildfunktion. eine abhandlung.&#8221;<\/a><\/p>\n<blockquote><p>vor ein paar tagen hat eine neue mitarbeiterin bei mir angefangen, d.h. vielmehr habe ich sie das erste mal am arbeitsplatz angetroffen (flitterwochen und so). und das erste, was sie macht, ist mir die hand zu geben und mir und meiner frau alles erdenklich gute und sch\u00f6ne zu w\u00fcnschen und mir sehr zur meiner hochzeit zu gratulieren. und das war wirklich nett. nicht nur, war es nett, weil die mitarbeiterin sowieso nett ist und das vermutlich auch das h\u00f6fliche thing to do ist, sondern weil sie so ohne jegliches z\u00f6gern, ohne jedes stolpern \u201aIhnen und Ihrer Frau\u2019 gesagt hat.<br \/>\ndas hat mich im ersten moment etwas \u00fcberrascht und ich habs abends dann meiner frau (hihi) erz\u00e4hlt und wollte das auch unbedingt erz\u00e4hlen, weil es mich so hat nachdenken lassen.<\/p><\/blockquote>\n<p>\u00a7<\/p>\n<p>Weil es leider immer wieder thematisiert werden muss: Wie kommen Dicke im Alltag besser zurecht?<br \/>\n<a href=\"http:\/\/danceswithfat.wordpress.com\/2014\/10\/01\/living-a-normal-life\/\" target=\"_blank\" rel=\"noopener\">&#8220;Living a Normal Life&#8221;.<\/a><\/p>\n<blockquote><p>the problematic idea that fat people who deal with social stigma should solve it by losing weight, rather than by fighting social stigma<\/p><\/blockquote>\n","protected":false},"excerpt":{"rendered":"<p>Um 5 Uhr panikwach: WIE sollte ich in zwei Tagen all die Arbeit schaffen, die ich gerade auf dem B\u00fcroschreibtisch habe? \u00a7 Endlich wieder eine Runde Crosstrainer. Das St\u00fcndchen verflog geradezu, weil mein Hirn immer noch mit Arbeitsplanung besch\u00e4ftigt war. \u00a7 Dann halt ordentlich fr\u00fcher in die Arbeit. Tats\u00e4chlich in der ersten Stunde flink und [&hellip;]<\/p>\n","protected":false},"author":2,"featured_media":0,"comment_status":"open","ping_status":"closed","sticky":false,"template":"","format":"standard","meta":{"footnotes":""},"categories":[6,2,1],"tags":[],"class_list":["post-23003","post","type-post","status-publish","format-standard","hentry","category-essen","category-fotos","category-general"],"_links":{"self":[{"href":"https:\/\/www.vorspeisenplatte.de\/speisen\/wp-json\/wp\/v2\/posts\/23003","targetHints":{"allow":["GET"]}}],"collection":[{"href":"https:\/\/www.vorspeisenplatte.de\/speisen\/wp-json\/wp\/v2\/posts"}],"about":[{"href":"https:\/\/www.vorspeisenplatte.de\/speisen\/wp-json\/wp\/v2\/types\/post"}],"author":[{"embeddable":true,"href":"https:\/\/www.vorspeisenplatte.de\/speisen\/wp-json\/wp\/v2\/users\/2"}],"replies":[{"embeddable":true,"href":"https:\/\/www.vorspeisenplatte.de\/speisen\/wp-json\/wp\/v2\/comments?post=23003"}],"version-history":[{"count":3,"href":"https:\/\/www.vorspeisenplatte.de\/speisen\/wp-json\/wp\/v2\/posts\/23003\/revisions"}],"predecessor-version":[{"id":102655,"href":"https:\/\/www.vorspeisenplatte.de\/speisen\/wp-json\/wp\/v2\/posts\/23003\/revisions\/102655"}],"wp:attachment":[{"href":"https:\/\/www.vorspeisenplatte.de\/speisen\/wp-json\/wp\/v2\/media?parent=23003"}],"wp:term":[{"taxonomy":"category","embeddable":true,"href":"https:\/\/www.vorspeisenplatte.de\/speisen\/wp-json\/wp\/v2\/categories?post=23003"},{"taxonomy":"post_tag","embeddable":true,"href":"https:\/\/www.vorspeisenplatte.de\/speisen\/wp-json\/wp\/v2\/tags?post=23003"}],"curies":[{"name":"wp","href":"https:\/\/api.w.org\/{rel}","templated":true}]}}