{"id":23065,"date":"2014-10-03T21:27:50","date_gmt":"2014-10-03T19:27:50","guid":{"rendered":"https:\/\/www.vorspeisenplatte.de\/speisen\/?p=23065"},"modified":"2024-10-24T16:47:26","modified_gmt":"2024-10-24T14:47:26","slug":"wie-mir-der-dallmayr-einmal-kaffee-schenkte","status":"publish","type":"post","link":"https:\/\/www.vorspeisenplatte.de\/speisen\/2014\/10\/wie-mir-der-dallmayr-einmal-kaffee-schenkte.htm","title":{"rendered":"Wie mir der Dallmayr einmal Kaffee schenkte"},"content":{"rendered":"<p>Mittwochabend lag ein P\u00e4ckchen daheim, adressiert an mich als Bloggerin, von Dallmayr. (Die betreuende PR-Agentur hat sich mittlerweile entschuldigt, dass das Paket ohne vorherige Absprache gesendet wurde: &#8220;technischer Fehler in der Datenbank&#8221;.)<\/p>\n<p>Drin war Kaffee, in kleinen Porti\u00f6nchen. Ach wie nett, dachte ich, da hat ein Blogger-Relations-Mensch mitbekommen, dass ich mangels K\u00fcche nach l\u00f6slichem Ersatz sucht. Aber nein, das war kein l\u00f6slicher Kaffe, sondern normales Kaffeepulver, nur halt ganz wenig davon einzeln in Alud\u00f6schen verpackt.<\/p>\n<p><a href=\"https:\/\/www.vorspeisenplatte.de\/speisen\/archiv\/141003_Dallmayr_9-1.jpg\"><img loading=\"lazy\" decoding=\"async\" src=\"https:\/\/www.vorspeisenplatte.de\/speisen\/archiv\/141003_Dallmayr_9-1.jpg\" alt=\"\" width=\"465\" height=\"512\" class=\"alignnone size-full wp-image-102656\" \/><\/a><\/p>\n<p>Ein Anschreiben informierte mich, dass die D\u00f6schen f\u00fcr spezielle Kaffemaschinen (&#8220;\u00ae *&#8221; &#8211; &#8220;*Markenzeichen eines Drittunternehmens&#8221;) gedacht sind. So eine besitze ich nicht &#8211; hat die wirklich derma\u00dfen jede, dass man blind Zubeh\u00f6r daf\u00fcr verschicken kann? (Beigelegt war auch ein Dallmayr-USB-Stick &#8211; ein Hinweis auf einen geplanten Einstieg ins Elektronikgesch\u00e4ft?)<\/p>\n<p>Nun gut, Kaffepulver ist Kaffepulver, und das von Dallmayr soll ja besonders gut sein, sieht man doch in der Fernsehwerbung mit diesen h\u00fcbschen Frauen in wei\u00dfen Sch\u00fcrzen, zu denen der flotte Anzugm\u00fcnchner im mittleren Alter geht, der offensichtlich oben im Literaturhaus wohnt, l\u00e4sst sich n\u00e4mlich am Blick aus seinem Fenster auf die Theatinerkirche erkennen. Und einem geschenkten Araberhengst schaut man nicht auf die Darreichungsform.<\/p>\n<p>Dann bef\u00fcllte ich heute halt meine Cafetera damit. War weniger aufw\u00e4ndig, als ich bef\u00fcrchtet hatte, die Dinger lassen sich mit dem Daumennagel \u00f6ffnen. Und ich bin sicher, das haben Sie sich schon immer gefragt: Um die 6-Espressotassen-Bialetti zu f\u00fcllen, braucht man f\u00fcnf Kapselinhalte.<\/p>\n<p><a href=\"https:\/\/www.vorspeisenplatte.de\/speisen\/archiv\/141003_Dallmayr_6.jpg\"><img loading=\"lazy\" decoding=\"async\" src=\"https:\/\/www.vorspeisenplatte.de\/speisen\/archiv\/141003_Dallmayr_6.jpg\" alt=\"141003_Dallmayr_6\" width=\"456\" height=\"355\" class=\"alignnone size-full wp-image-23094\" \/><\/a><\/p>\n<p>Der Cappuccino aus der Sorte Indian Sundara schmeckte hervorragend. Danke, Dallmayr!<\/p>\n<p><i>(Unter uns Pastorent\u00f6chtern w\u00fcrde mich allerdings die Produkt- und Marketingstrategie dahinter interessieren: Als elit\u00e4r und hochklassig platziert sich ja die Kapselerfindungsfirma selbst schon. Zielt das Dallmayprodukt wirklich darauf ab, hier Marktanteile abzugraben? Andererseits: Mit Kaffee ist Dallmayr bislang ja eine Discounter- und Supermarktmarke, \u00fcberhaupt nicht passend zum \u00fcberragenden Feinkostangebot und Niveau im M\u00fcnchner Haupthaus. Soll sich das durch die Kapseln \u00e4ndern?)<\/i> <img loading=\"lazy\" decoding=\"async\" src=\"https:\/\/ssl-vg03.met.vgwort.de\/na\/06ce08c10f0b44ab8d626e12ab38b2bd\" width=\"1\" height=\"1\" alt=\"\"\/><\/p>\n","protected":false},"excerpt":{"rendered":"<p>Mittwochabend lag ein P\u00e4ckchen daheim, adressiert an mich als Bloggerin, von Dallmayr. (Die betreuende PR-Agentur hat sich mittlerweile entschuldigt, dass das Paket ohne vorherige Absprache gesendet wurde: &#8220;technischer Fehler in der Datenbank&#8221;.) Drin war Kaffee, in kleinen Porti\u00f6nchen. Ach wie nett, dachte ich, da hat ein Blogger-Relations-Mensch mitbekommen, dass ich mangels K\u00fcche nach l\u00f6slichem Ersatz [&hellip;]<\/p>\n","protected":false},"author":2,"featured_media":0,"comment_status":"open","ping_status":"closed","sticky":false,"template":"","format":"standard","meta":{"footnotes":""},"categories":[6,2,1],"tags":[],"class_list":["post-23065","post","type-post","status-publish","format-standard","hentry","category-essen","category-fotos","category-general"],"_links":{"self":[{"href":"https:\/\/www.vorspeisenplatte.de\/speisen\/wp-json\/wp\/v2\/posts\/23065","targetHints":{"allow":["GET"]}}],"collection":[{"href":"https:\/\/www.vorspeisenplatte.de\/speisen\/wp-json\/wp\/v2\/posts"}],"about":[{"href":"https:\/\/www.vorspeisenplatte.de\/speisen\/wp-json\/wp\/v2\/types\/post"}],"author":[{"embeddable":true,"href":"https:\/\/www.vorspeisenplatte.de\/speisen\/wp-json\/wp\/v2\/users\/2"}],"replies":[{"embeddable":true,"href":"https:\/\/www.vorspeisenplatte.de\/speisen\/wp-json\/wp\/v2\/comments?post=23065"}],"version-history":[{"count":3,"href":"https:\/\/www.vorspeisenplatte.de\/speisen\/wp-json\/wp\/v2\/posts\/23065\/revisions"}],"predecessor-version":[{"id":102657,"href":"https:\/\/www.vorspeisenplatte.de\/speisen\/wp-json\/wp\/v2\/posts\/23065\/revisions\/102657"}],"wp:attachment":[{"href":"https:\/\/www.vorspeisenplatte.de\/speisen\/wp-json\/wp\/v2\/media?parent=23065"}],"wp:term":[{"taxonomy":"category","embeddable":true,"href":"https:\/\/www.vorspeisenplatte.de\/speisen\/wp-json\/wp\/v2\/categories?post=23065"},{"taxonomy":"post_tag","embeddable":true,"href":"https:\/\/www.vorspeisenplatte.de\/speisen\/wp-json\/wp\/v2\/tags?post=23065"}],"curies":[{"name":"wp","href":"https:\/\/api.w.org\/{rel}","templated":true}]}}