{"id":23098,"date":"2014-10-04T13:54:30","date_gmt":"2014-10-04T11:54:30","guid":{"rendered":"https:\/\/www.vorspeisenplatte.de\/speisen\/?p=23098"},"modified":"2024-10-24T17:02:35","modified_gmt":"2024-10-24T15:02:35","slug":"journal-freitag-3-oktober-2014-um-den-eggelburger-see","status":"publish","type":"post","link":"https:\/\/www.vorspeisenplatte.de\/speisen\/2014\/10\/journal-freitag-3-oktober-2014-um-den-eggelburger-see.htm","title":{"rendered":"Journal Freitag, 3. Oktober 2014 &#8211; um den Eggelburger See"},"content":{"rendered":"<p>Feiertag!<\/p>\n<p>Die Meteorologie hatte sch\u00f6nes Wetter vorhergesagt (Wandern!), allerdings erst nach Aufl\u00f6sung von Hochnebel &#8211; das war an den Tagen davor ab fr\u00fchem Nachmittag gewesen.<\/p>\n<p>Also nutzte ich den grauen Vormittag f\u00fcr eine Stunde Langhanteltraining in der Gruppe im Sportstudio. Ich hatte gro\u00dfe Freude daran (ein letztes Mal mit der inzwischen durchgenudelten Musik der vergangenen drei Monate) &#8211; bis es ans Bankdr\u00fccken ging. Mein linker Arm ist jetzt <a href=\"http:\/\/techniktagebuch.tumblr.com\/post\/88253121407\/2-6-2014\" target=\"_blank\" rel=\"noopener\">wegen Nackenwirbelnerveinzwickung<\/a> so deutlich schw\u00e4cher als der rechte, dass ich die \u00dcbung abbrechen musste: Der linke Arm sackte einfach weg. Ich konnte ihn auch die folgenden Stunden vor Zittern fast nicht heben. Jetzt bin ich ernstlich besorgt &#8211; wie kann ich mit diesem Ausfall sinnvoll den Oberk\u00f6rper krafttrainieren? Zumal der Neurochirurg damals gesagt hatte, die Taubheit im Arm k\u00f6nne von selbst wieder verschwinden, Kraftverlust aber bleibe. Werde mal mit den Trainerinnen sprechen.<\/p>\n<p>\u00a7<\/p>\n<p>Auf dem Heimweg vom Studio besorgte ich im Verkaufsgeschoss unterm Hauptbahnhof Semmeln, zum Gabelfr\u00fchst\u00fcck gab es gebratenen <a href=\"http:\/\/de.wikipedia.org\/wiki\/Tatsoi\" target=\"_blank\" rel=\"noopener\">Tatsoi<\/a> mit R\u00fchrei. Der Tatsoi aus dem Ernteanteil schmeckte ein wenig spinatig, ein wenig mangoldig, insgesamt aber vielschichtiger &#8211; wieder ein neuer Liebling, auf den ich von allein nicht gekommen w\u00e4re.<\/p>\n<p>\u00a7<\/p>\n<p>Das Wandern hatte eher Spaziergangformat, mit dem Mitbewohner fuhr ich mal wieder nach Kirchseeon, um \u00fcber den Egelburger See nach Ebersberg zu wandern.<\/p>\n<p><a href=\"https:\/\/www.vorspeisenplatte.de\/speisen\/archiv\/141003_14_Vordereggelburg.jpg\"><img loading=\"lazy\" decoding=\"async\" src=\"https:\/\/www.vorspeisenplatte.de\/speisen\/archiv\/141003_14_Vordereggelburg.jpg\" alt=\"141003_14_Vordereggelburg\" width=\"518\" height=\"453\" class=\"alignnone size-full \" \/><\/a><\/p>\n<p><a href=\"https:\/\/www.vorspeisenplatte.de\/speisen\/archiv\/141003_15_Vordereggelburg.jpg\"><img loading=\"lazy\" decoding=\"async\" src=\"https:\/\/www.vorspeisenplatte.de\/speisen\/archiv\/141003_15_Vordereggelburg.jpg\" alt=\"141003_15_Vordereggelburg\" width=\"571\" height=\"460\" class=\"alignnone size-full \" \/><\/a><\/p>\n<p><a href=\"https:\/\/www.vorspeisenplatte.de\/speisen\/archiv\/141003_20_Eggelburger_See.jpg\"><img loading=\"lazy\" decoding=\"async\" src=\"https:\/\/www.vorspeisenplatte.de\/speisen\/archiv\/141003_20_Eggelburger_See.jpg\" alt=\"141003_20_Eggelburger_See\" width=\"619\" height=\"462\" class=\"alignnone size-full \" \/><\/a><\/p>\n<p><a href=\"https:\/\/www.vorspeisenplatte.de\/speisen\/archiv\/141003_22_Eggelburger_See.jpg\"><img loading=\"lazy\" decoding=\"async\" src=\"https:\/\/www.vorspeisenplatte.de\/speisen\/archiv\/141003_22_Eggelburger_See.jpg\" alt=\"141003_22_Eggelburger_See\" width=\"545\" height=\"375\" class=\"alignnone size-full \" \/><\/a><\/p>\n<p><a href=\"https:\/\/www.vorspeisenplatte.de\/speisen\/archiv\/141003_25_Eggelburger_See.jpg\"><img loading=\"lazy\" decoding=\"async\" src=\"https:\/\/www.vorspeisenplatte.de\/speisen\/archiv\/141003_25_Eggelburger_See.jpg\" alt=\"141003_25_Eggelburger_See\" width=\"506\" height=\"458\" class=\"alignnone size-full wp-image-23105\" \/><\/a><\/p>\n<p><a href=\"https:\/\/www.vorspeisenplatte.de\/speisen\/archiv\/141003_27_Eggelburger_See.jpg\"><img loading=\"lazy\" decoding=\"async\" src=\"https:\/\/www.vorspeisenplatte.de\/speisen\/archiv\/141003_27_Eggelburger_See.jpg\" alt=\"141003_27_Eggelburger_See\" width=\"600\" height=\"533\" class=\"alignnone size-full \" \/><\/a><\/p>\n<p>In Ebersberg sahen wir uns nach einem Wirthaus um. Die Alte Post am zentralen Marienplatz sah genau nach sowas aus, ebenerdig, niedrige Decke, fast vergessen unmodern eingerichtet. Wir waren die einzigen G\u00e4ste, bestellten lokales helles Bier vom Fa\u00df und Cordon Bleu vom Schwein. Wir bekamen ein ausgesprochen wohlschmeckendes Forstinger Bier (wenn <i>ich<\/i> schon mal eine zweite Halbe mag!), und gutes Fleisch mit einer der S\u00e4ulen der deutschen Gasthauskultur: dem kleinen gem Salat (auch wenn die beiden Scheiben rote Bete in Wellenschliff fehlten, wie auf Instagram richtig bemerkt wurde).<\/p>\n<p><a href=\"https:\/\/www.vorspeisenplatte.de\/speisen\/archiv\/141003_33_Alte_Post-1.jpg\"><img loading=\"lazy\" decoding=\"async\" src=\"https:\/\/www.vorspeisenplatte.de\/speisen\/archiv\/141003_33_Alte_Post-1.jpg\" alt=\"\" width=\"367\" height=\"367\" class=\"alignnone size-full wp-image-102658\" srcset=\"https:\/\/www.vorspeisenplatte.de\/speisen\/archiv\/141003_33_Alte_Post-1.jpg 367w, https:\/\/www.vorspeisenplatte.de\/speisen\/archiv\/141003_33_Alte_Post-1-150x150.jpg 150w, https:\/\/www.vorspeisenplatte.de\/speisen\/archiv\/141003_33_Alte_Post-1-144x144.jpg 144w\" sizes=\"auto, (max-width: 367px) 100vw, 367px\" \/><\/a><\/p>\n<p><a href=\"https:\/\/www.vorspeisenplatte.de\/speisen\/archiv\/141003_35_Alte_Post.jpg\"><img loading=\"lazy\" decoding=\"async\" src=\"https:\/\/www.vorspeisenplatte.de\/speisen\/archiv\/141003_35_Alte_Post.jpg\" alt=\"141003_35_Alte_Post\" width=\"441\" height=\"441\" class=\"alignnone size-full wp-image-23108\" srcset=\"https:\/\/www.vorspeisenplatte.de\/speisen\/archiv\/141003_35_Alte_Post.jpg 441w, https:\/\/www.vorspeisenplatte.de\/speisen\/archiv\/141003_35_Alte_Post-150x150.jpg 150w, https:\/\/www.vorspeisenplatte.de\/speisen\/archiv\/141003_35_Alte_Post-144x144.jpg 144w\" sizes=\"auto, (max-width: 441px) 100vw, 441px\" \/><\/a><\/p>\n<p>\u00a7<\/p>\n<p>Der Mittagesser hat ein Gem\u00fcsekochbuch geschrieben, das jetzt auf dem Markt kommt:<br \/>\n<a href=\"http:\/\/www.randomhouse.de\/Buch\/JETZT-Gemuese\/Sebastian-Dickhaut\/e446245.rhd\" target=\"_blank\" rel=\"noopener\"><i>Jetzt! Gem\u00fcse<\/i><\/a><\/p>\n<p><a href=\"https:\/\/www.vorspeisenplatte.de\/speisen\/archiv\/141004_Dickhaut_Gemuese-1.jpg\"><img loading=\"lazy\" decoding=\"async\" src=\"https:\/\/www.vorspeisenplatte.de\/speisen\/archiv\/141004_Dickhaut_Gemuese-1.jpg\" alt=\"\" width=\"400\" height=\"442\" class=\"alignnone size-full wp-image-102659\" \/><\/a><\/p>\n<p>Es ist unter den knapp 12.800 Kochb\u00fcchern, die der Herr inzwischen geschrieben hat, unter anderem deshalb besonders erw\u00e4hnenswert, weil der Mitbewohner und ich daf\u00fcr probegekocht haben.<sup><a href=\"#footnote_1_23098\" id=\"identifier_1_23098\" class=\"footnote-link footnote-identifier-link\" title=\"Ich bin inzwischen sicher, dass ich selbst nie ein Buch schreiben werde. Macht nichts, wirklich. Dass es inzwischen eine Reihe B&uuml;cher gibt, die mich dankend erw&auml;hnen, finde ich aber ganz bezaubernd.\">1<\/a><\/sup><\/p>\n<p>Au\u00dferdem ist es ein sch\u00f6nes Buch, und es enth\u00e4lt gute Rezepte f\u00fcr Snacks, Beilagen, Hauptgerichte und Eingemachtes.<\/p>\n<p>Wer sich jetzt fragt: Warum <i>noch<\/i> ein Gem\u00fcsebuch? Warum nicht gleich vegan? Und warum eigentlich nicht bei seinem Hausverlag? Die m\u00f6gen vielleicht dieses Interview mit Sebastian Dickhaut lesen, in dem er darauf antwortet:<br \/>\n<a href=\"http:\/\/www.rettet-das-mittagessen.de\/blog\/2014\/10\/ich-mags-wenn-es-rasant-losgeht\/\" target=\"_blank\" rel=\"noopener\">\u201c&#8217;Ich mag\u2019s, wenn es rasant losgeht&#8217;\u201d.<\/a><\/p>\n<p>(\u00dcber Frauen mit h\u00e4sslichen F\u00fc\u00dfen reden wir aber nochmal, Sebastian.)<\/p>\n<ol class=\"footnotes\"><li id=\"footnote_1_23098\" class=\"footnote\">Ich bin inzwischen sicher, dass ich selbst nie ein Buch schreiben werde. Macht nichts, wirklich. Dass es inzwischen eine Reihe B\u00fccher gibt, die mich dankend erw\u00e4hnen, finde ich aber ganz bezaubernd.<span class=\"footnote-back-link-wrapper\"> [<a href=\"#identifier_1_23098\" class=\"footnote-link footnote-back-link\">&#8617;<\/a>]<\/span><\/li><\/ol>","protected":false},"excerpt":{"rendered":"<p>Feiertag! Die Meteorologie hatte sch\u00f6nes Wetter vorhergesagt (Wandern!), allerdings erst nach Aufl\u00f6sung von Hochnebel &#8211; das war an den Tagen davor ab fr\u00fchem Nachmittag gewesen. Also nutzte ich den grauen Vormittag f\u00fcr eine Stunde Langhanteltraining in der Gruppe im Sportstudio. Ich hatte gro\u00dfe Freude daran (ein letztes Mal mit der inzwischen durchgenudelten Musik der vergangenen [&hellip;]<\/p>\n","protected":false},"author":2,"featured_media":0,"comment_status":"open","ping_status":"closed","sticky":false,"template":"","format":"standard","meta":{"footnotes":""},"categories":[3,6,2],"tags":[],"class_list":["post-23098","post","type-post","status-publish","format-standard","hentry","category-bucher","category-essen","category-fotos"],"_links":{"self":[{"href":"https:\/\/www.vorspeisenplatte.de\/speisen\/wp-json\/wp\/v2\/posts\/23098","targetHints":{"allow":["GET"]}}],"collection":[{"href":"https:\/\/www.vorspeisenplatte.de\/speisen\/wp-json\/wp\/v2\/posts"}],"about":[{"href":"https:\/\/www.vorspeisenplatte.de\/speisen\/wp-json\/wp\/v2\/types\/post"}],"author":[{"embeddable":true,"href":"https:\/\/www.vorspeisenplatte.de\/speisen\/wp-json\/wp\/v2\/users\/2"}],"replies":[{"embeddable":true,"href":"https:\/\/www.vorspeisenplatte.de\/speisen\/wp-json\/wp\/v2\/comments?post=23098"}],"version-history":[{"count":3,"href":"https:\/\/www.vorspeisenplatte.de\/speisen\/wp-json\/wp\/v2\/posts\/23098\/revisions"}],"predecessor-version":[{"id":102662,"href":"https:\/\/www.vorspeisenplatte.de\/speisen\/wp-json\/wp\/v2\/posts\/23098\/revisions\/102662"}],"wp:attachment":[{"href":"https:\/\/www.vorspeisenplatte.de\/speisen\/wp-json\/wp\/v2\/media?parent=23098"}],"wp:term":[{"taxonomy":"category","embeddable":true,"href":"https:\/\/www.vorspeisenplatte.de\/speisen\/wp-json\/wp\/v2\/categories?post=23098"},{"taxonomy":"post_tag","embeddable":true,"href":"https:\/\/www.vorspeisenplatte.de\/speisen\/wp-json\/wp\/v2\/tags?post=23098"}],"curies":[{"name":"wp","href":"https:\/\/api.w.org\/{rel}","templated":true}]}}