{"id":23127,"date":"2014-10-06T08:35:23","date_gmt":"2014-10-06T06:35:23","guid":{"rendered":"https:\/\/www.vorspeisenplatte.de\/speisen\/?p=23127"},"modified":"2014-10-06T15:48:53","modified_gmt":"2014-10-06T13:48:53","slug":"journal-sonntag-5-oktober-2014-grauer-herbst","status":"publish","type":"post","link":"https:\/\/www.vorspeisenplatte.de\/speisen\/2014\/10\/journal-sonntag-5-oktober-2014-grauer-herbst.htm","title":{"rendered":"Journal Sonntag, 5. Oktober 2014 &#8211; grauer Herbst"},"content":{"rendered":"<p>Ein weiterer grauer Tag unter Hochnebel oder Wolken, ich wei\u00df es nicht genau und es ist mir auch egal. Grau halt. Jetzt hatten wir hier unten im S\u00fcden schon keinen Sommer, dann sind es schon wieder die n\u00f6rdlichen Deutschen, die einen goldenen Herbst bekommen &#8211; <a href=\"http:\/\/www.herzdamengeschichten.de\/2014\/10\/06\/auf-der-suche\/\" target=\"_blank\">und auch noch die Stirn besitzen, dar\u00fcber zu m\u00e4keln<\/a>.<\/p>\n<p>Zumindest hielt sich die K\u00e4lte in Grenzen: Als ich am sp\u00e4ten Morgen zu einer Stepaerobicstunde an den Ostbahnhof radelte, brauchte ich noch keine Handschuhe.<\/p>\n<p>\u00a7<\/p>\n<p>Meine Nachmittagsverabredung wurde abgesagt, also legte ich mich nach dem Fr\u00fchst\u00fcck (K\u00e4sesemmel, Melone, Apfelkuchen) zu einer Siesta hin.<\/p>\n<p><i>Die Entdeckung des Himmels<\/i> von Harry Mulisch (\u00fcbersetzt von Martina den Hertog-Vogt) ausgelesen. Ich mochte das dicke Buch sehr, es lie\u00df sich gut kapitelweise abends lesen, und obwohl ich f\u00fcr mich ungew\u00f6hnliche f\u00fcnf Wochen daf\u00fcr brauchte, verlor ich nie den Faden, freute mich im Gegenteil jeden Abend auf eine Wiederbegegnung mit Geschichte und Figuren. Ohne Schwanken ins B\u00fccherregal gestellt, wohin inzwischen nur noch B\u00fccher kommen, die ich ganz sicher nochmal lesen werde, oder in denen ich nachbl\u00e4ttern werde.<\/p>\n<p>\u00a7<\/p>\n<p>Widerwillig mittelgro\u00dfe Mengen geb\u00fcgelt, musste halt sein. Das Umr\u00e4umen Sommer-\/Winterkleidung auf n\u00e4chstes Wochenende verschoben.<\/p>\n<p>\u00a7<\/p>\n<p>Zum Nachtmahl bereitete der Mitbewohner im R\u00f6mertopf Hirschgulasch, dazu gab es die restlichen Semmelnkn\u00f6deln von gestern in Scheiben gebraten. Geschmack ganz hervorragend, das Gulasch h\u00e4tte m\u00f6glicherweise 30 bis 60 Minuten l\u00e4nger als im Rezept gebraucht (<a href=\"http:\/\/www.gu.de\/buecher\/kochbuecher\/kochen-fuer-jeden-tag\/8645-roemertopf\/\" target=\"_blank\">Ira K\u00f6nig, <i>R\u00f6mertopf<\/i>)<\/a>, wir kauten kr\u00e4ftig.<\/p>\n<p><a href=\"https:\/\/www.vorspeisenplatte.de\/speisen\/archiv\/141005_Hirschgulasch_1.jpg\"><img loading=\"lazy\" decoding=\"async\" src=\"https:\/\/www.vorspeisenplatte.de\/speisen\/archiv\/141005_Hirschgulasch_1.jpg\" alt=\"141005_Hirschgulasch_1\" width=\"431\" height=\"381\" class=\"alignnone size-full wp-image-23136\" \/><\/a><\/p>\n<p>F\u00fcr den Nachtisch hatte der Herr ein <a href=\"http:\/\/en.wikipedia.org\/wiki\/Kulfi\" target=\"_blank\">indisches Eis Kulfi<\/a> gemacht, das er schon lange mal ausprobieren wollte &#8211; schmeckte hervorragend.<\/p>\n<p><a href=\"https:\/\/www.vorspeisenplatte.de\/speisen\/archiv\/141005_Kulfi.jpg\"><img loading=\"lazy\" decoding=\"async\" src=\"https:\/\/www.vorspeisenplatte.de\/speisen\/archiv\/141005_Kulfi.jpg\" alt=\"141005_Kulfi\" width=\"454\" height=\"255\" class=\"alignnone size-full wp-image-23137\" \/><\/a><\/p>\n<p>\u00a7<\/p>\n<p>Abends zeigte arte <a href=\"http:\/\/www.imdb.com\/title\/tt0045152\/\" target=\"_blank\"><i>Singin&#8217; in the rain<\/i><\/a> (deutsch damals als <i>Du sollst mein Gl\u00fccksstern sein<\/i> in den Kinos) &#8211; einer meiner gro\u00dfen MGM-Lieblinge. Da der Mitbewohner den Film seit Kindheit liebt und gerne Dialogzeilen der deutschen Synchronfassung zitiert, freue inzwischen auch ich mich auf &#8220;Ich kannnich liem!&#8221;. An Kost\u00fcmen finde ich die der Herren sogar bemerkenswerter als die der Damen (obwohl es eine Modenschau-Tanznummer gibt) &#8211; der muskul\u00f6s-gedrungene Gene Kelly war sicher nicht einfach auszustatten.<br \/>\nViele gro\u00dfartige Tanznummern (Cyd Charisse!).<\/p>\n<p>\u00a7<\/p>\n<p>Ilse war in Kopenhagen und hat dar\u00fcber gebloggt.<br \/>\n&#8211; <a href=\"http:\/\/threefivesix.blogspot.de\/2014\/09\/kopenhagen.html\" target=\"_blank\">Kopenhagen, zum Ersten<\/a><br \/>\n&#8211; <a href=\"http:\/\/threefivesix.blogspot.de\/2014\/09\/am-meer.html\" target=\"_blank\">Am Meer<\/a><br \/>\n&#8211; <a href=\"http:\/\/threefivesix.blogspot.de\/2014\/10\/das-lousiana.html\" target=\"_blank\">Das Louisiana<\/a><br \/>\n&#8211; <a href=\"http:\/\/threefivesix.blogspot.de\/2014\/10\/tourismus-in-kopenhagen.html\" target=\"_blank\">Tourismus in Kopenhagen<\/a><\/p>\n<blockquote><p>Klar war, ich w\u00fcrde mich in den ersten Stunden wie ein Depp f\u00fchlen &#8211; ich kenne das vom Tourismus. Mir tun immer diese armen Leute Leid die in der Hauptbahnhofgegend rumirren mit ihren Rollkoffern und denken, &#8220;Ach so, das ist also M\u00fcnchen&#8221;. Weil, das ist es nat\u00fcrlich nicht.<\/p><\/blockquote>\n<p>\u00a7<\/p>\n<p>Heartbreaking ist der richtige Ausdruck: Wie Shai Agassi die m\u00f6gliche Zukunft einer individuellen Mobilit\u00e4t in den Sand setzte.<br \/>\n&#8220;<a href=\"http:\/\/www.fastcompany.com\/3028159\/a-broken-place-better-place\" target=\"_blank\">A Broken Place: The Spectacular Failure of the Startup that was going to Change the World&#8221;<\/a>.<\/p>\n<p>Ich habe Agassi auf dem DLD 2008 vortragen sehen &#8211; ich war von seiner Idee hingerissen.<\/p>\n","protected":false},"excerpt":{"rendered":"<p>Ein weiterer grauer Tag unter Hochnebel oder Wolken, ich wei\u00df es nicht genau und es ist mir auch egal. Grau halt. Jetzt hatten wir hier unten im S\u00fcden schon keinen Sommer, dann sind es schon wieder die n\u00f6rdlichen Deutschen, die einen goldenen Herbst bekommen &#8211; und auch noch die Stirn besitzen, dar\u00fcber zu m\u00e4keln. Zumindest [&hellip;]<\/p>\n","protected":false},"author":2,"featured_media":0,"comment_status":"open","ping_status":"closed","sticky":false,"template":"","format":"standard","meta":{"footnotes":""},"categories":[3,6,2,1],"tags":[],"class_list":["post-23127","post","type-post","status-publish","format-standard","hentry","category-bucher","category-essen","category-fotos","category-general"],"_links":{"self":[{"href":"https:\/\/www.vorspeisenplatte.de\/speisen\/wp-json\/wp\/v2\/posts\/23127","targetHints":{"allow":["GET"]}}],"collection":[{"href":"https:\/\/www.vorspeisenplatte.de\/speisen\/wp-json\/wp\/v2\/posts"}],"about":[{"href":"https:\/\/www.vorspeisenplatte.de\/speisen\/wp-json\/wp\/v2\/types\/post"}],"author":[{"embeddable":true,"href":"https:\/\/www.vorspeisenplatte.de\/speisen\/wp-json\/wp\/v2\/users\/2"}],"replies":[{"embeddable":true,"href":"https:\/\/www.vorspeisenplatte.de\/speisen\/wp-json\/wp\/v2\/comments?post=23127"}],"version-history":[{"count":13,"href":"https:\/\/www.vorspeisenplatte.de\/speisen\/wp-json\/wp\/v2\/posts\/23127\/revisions"}],"predecessor-version":[{"id":23145,"href":"https:\/\/www.vorspeisenplatte.de\/speisen\/wp-json\/wp\/v2\/posts\/23127\/revisions\/23145"}],"wp:attachment":[{"href":"https:\/\/www.vorspeisenplatte.de\/speisen\/wp-json\/wp\/v2\/media?parent=23127"}],"wp:term":[{"taxonomy":"category","embeddable":true,"href":"https:\/\/www.vorspeisenplatte.de\/speisen\/wp-json\/wp\/v2\/categories?post=23127"},{"taxonomy":"post_tag","embeddable":true,"href":"https:\/\/www.vorspeisenplatte.de\/speisen\/wp-json\/wp\/v2\/tags?post=23127"}],"curies":[{"name":"wp","href":"https:\/\/api.w.org\/{rel}","templated":true}]}}