{"id":2371,"date":"2008-01-06T10:03:27","date_gmt":"2008-01-06T09:03:27","guid":{"rendered":"https:\/\/www.vorspeisenplatte.de\/speisen\/2008\/01\/das-mit-der-leidenschaft.htm"},"modified":"2008-01-06T10:03:27","modified_gmt":"2008-01-06T09:03:27","slug":"das-mit-der-leidenschaft","status":"publish","type":"post","link":"https:\/\/www.vorspeisenplatte.de\/speisen\/2008\/01\/das-mit-der-leidenschaft.htm","title":{"rendered":"Das mit der Leidenschaft"},"content":{"rendered":"<p>Isabel Allende h\u00e4lt eine exzellente, hochkomische, mitrei\u00dfende Rede \u00fcber <i>passion<\/i>, also Leidenschaft und warum sie so bitter n\u00f6tig sei. (Der rote Faden: ihre vier Minuten Weltruhm als Fackeltr\u00e4gerin bei den olympischen Winterspielen in Italien.) Unbedingt anschauenswert, einfach auf Bild klicken.<\/p>\n<p><a href=\"http:\/\/www.ted.com\/index.php\/talks\/view\/id\/204\" target=new><img src='https:\/\/www.vorspeisenplatte.de\/speisen\/archiv\/allende.jpg' alt='allende.jpg' \/><\/a><\/p>\n<p>via <a href=\"http:\/\/swissmiss.typepad.com\/\" target=_new>Swissmiss<\/a><\/p>\n<p>Nur dass ich Frau Allende in ihrer zentralen Forderung widerspreche: <i>Passion<\/i> steht auch hinter religi\u00f6sem Fanatismus, Massenmord, grausamen Diktaturen, Machtgeilheit. Auch wenn Allende die vern\u00fcnftigen, netten Menschen als langweilig bel\u00e4chelt &#8211; ich f\u00fcrchte, genau von denen braucht es mehr.<\/p>\n","protected":false},"excerpt":{"rendered":"<p>Isabel Allende h\u00e4lt eine exzellente, hochkomische, mitrei\u00dfende Rede \u00fcber passion, also Leidenschaft und warum sie so bitter n\u00f6tig sei. (Der rote Faden: ihre vier Minuten Weltruhm als Fackeltr\u00e4gerin bei den olympischen Winterspielen in Italien.) Unbedingt anschauenswert, einfach auf Bild klicken. via Swissmiss Nur dass ich Frau Allende in ihrer zentralen Forderung widerspreche: Passion steht auch [&hellip;]<\/p>\n","protected":false},"author":2,"featured_media":0,"comment_status":"open","ping_status":"closed","sticky":false,"template":"","format":"standard","meta":{"footnotes":""},"categories":[1],"tags":[],"class_list":["post-2371","post","type-post","status-publish","format-standard","hentry","category-general"],"_links":{"self":[{"href":"https:\/\/www.vorspeisenplatte.de\/speisen\/wp-json\/wp\/v2\/posts\/2371","targetHints":{"allow":["GET"]}}],"collection":[{"href":"https:\/\/www.vorspeisenplatte.de\/speisen\/wp-json\/wp\/v2\/posts"}],"about":[{"href":"https:\/\/www.vorspeisenplatte.de\/speisen\/wp-json\/wp\/v2\/types\/post"}],"author":[{"embeddable":true,"href":"https:\/\/www.vorspeisenplatte.de\/speisen\/wp-json\/wp\/v2\/users\/2"}],"replies":[{"embeddable":true,"href":"https:\/\/www.vorspeisenplatte.de\/speisen\/wp-json\/wp\/v2\/comments?post=2371"}],"version-history":[{"count":0,"href":"https:\/\/www.vorspeisenplatte.de\/speisen\/wp-json\/wp\/v2\/posts\/2371\/revisions"}],"wp:attachment":[{"href":"https:\/\/www.vorspeisenplatte.de\/speisen\/wp-json\/wp\/v2\/media?parent=2371"}],"wp:term":[{"taxonomy":"category","embeddable":true,"href":"https:\/\/www.vorspeisenplatte.de\/speisen\/wp-json\/wp\/v2\/categories?post=2371"},{"taxonomy":"post_tag","embeddable":true,"href":"https:\/\/www.vorspeisenplatte.de\/speisen\/wp-json\/wp\/v2\/tags?post=2371"}],"curies":[{"name":"wp","href":"https:\/\/api.w.org\/{rel}","templated":true}]}}