{"id":23828,"date":"2014-11-18T06:35:39","date_gmt":"2014-11-18T05:35:39","guid":{"rendered":"https:\/\/www.vorspeisenplatte.de\/speisen\/?p=23828"},"modified":"2024-11-29T15:18:01","modified_gmt":"2024-11-29T14:18:01","slug":"journal-montag-17-november-2014-kuechenendspurt","status":"publish","type":"post","link":"https:\/\/www.vorspeisenplatte.de\/speisen\/2014\/11\/journal-montag-17-november-2014-kuechenendspurt.htm","title":{"rendered":"Journal Montag, 17. November 2014 &#8211; K\u00fcchenendspurt"},"content":{"rendered":"<p>Als ich fr\u00fchmorgens auf dem Crosstrainer strampelte, st\u00fcrmte der Mitbewohner herein: &#8220;ZWEI Kaninchen!&#8221; Leider war es noch zu dunkel, als dass seine Fotos vom Gehoppel unter der Kastanie vorm Balkon etwas geworden w\u00e4ren.<\/p>\n<p>Kurz bevor ich das Haus Richtung Arbeit verlie\u00df, kamen die Schreiner, um die K\u00fcche fertig zu stellen: Arbeitsplatte auswechseln (hatte beim Einbau eine heftige Macke bekommen), fehlende Teile einbauen, falsch gelieferte Teile tauschen. Nun haben wir also direktes Licht \u00fcber der Arbeitsfl\u00e4che und wir k\u00f6nnen endg\u00fcltig einr\u00e4umen. Zum Foto der fertigen K\u00fcchen fehlen dann nur noch zwei Lampen.<\/p>\n<p>\u00a7<\/p>\n<p>Arbeit zum Teil im B\u00fcro, zum Teil am Veranstaltungsort, an dem ich die beiden Folgetage verbringen werde. Wie gut, dass ich vor einem halben Jahr durch Herbeiziehen eines Telefontechnikers daf\u00fcr gesorgt hatte, dass sich die B\u00fcrotelefone auf andere Apparate umleiten lassen: So musste ich nicht meine private Telefonnummer f\u00fcr Notfallkontakte w\u00e4hrend der Veranstaltung angeben (geht&#8217;s noch?), sondern nannte meine B\u00fcronummer, die ich auf mein Handy umgeleitet hatte.<\/p>\n<p>\u00a7<\/p>\n<p>Es gab gro\u00dfartiges Abendessen, am Sonntag als Link dem Mitbewohner geschickt, gestern schon auf dem Tisch (mit viel Mangold statt mit etwas Spinat und mit Cabanossi statt Pfefferbei\u00dfer): <a href=\"http:\/\/peho.typepad.com\/chili_und_ciabatta\/2014\/11\/kartoffeln-in-scharfen-sahnelinsen-mit-spinat-und-pfefferbei%C3%9Fern.html\" target=\"_blank\">Kartoffeln in scharfen Sahnelinsen<\/a>.<\/p>\n<p><a href=\"https:\/\/www.vorspeisenplatte.de\/speisen\/archiv\/141117_Sahnelinsen-1.jpg\"><img loading=\"lazy\" decoding=\"async\" src=\"https:\/\/www.vorspeisenplatte.de\/speisen\/archiv\/141117_Sahnelinsen-1.jpg\" alt=\"\" width=\"367\" height=\"391\" class=\"alignnone size-full wp-image-103781\" \/><\/a><\/p>\n<p>K\u00f6stlich in W\u00fcrze und Leichtigkeit, die W\u00fcrste h\u00e4tte es gar nicht gebraucht.<\/p>\n","protected":false},"excerpt":{"rendered":"<p>Als ich fr\u00fchmorgens auf dem Crosstrainer strampelte, st\u00fcrmte der Mitbewohner herein: &#8220;ZWEI Kaninchen!&#8221; Leider war es noch zu dunkel, als dass seine Fotos vom Gehoppel unter der Kastanie vorm Balkon etwas geworden w\u00e4ren. Kurz bevor ich das Haus Richtung Arbeit verlie\u00df, kamen die Schreiner, um die K\u00fcche fertig zu stellen: Arbeitsplatte auswechseln (hatte beim Einbau [&hellip;]<\/p>\n","protected":false},"author":2,"featured_media":0,"comment_status":"open","ping_status":"closed","sticky":false,"template":"","format":"standard","meta":{"footnotes":""},"categories":[6,1],"tags":[],"class_list":["post-23828","post","type-post","status-publish","format-standard","hentry","category-essen","category-general"],"_links":{"self":[{"href":"https:\/\/www.vorspeisenplatte.de\/speisen\/wp-json\/wp\/v2\/posts\/23828","targetHints":{"allow":["GET"]}}],"collection":[{"href":"https:\/\/www.vorspeisenplatte.de\/speisen\/wp-json\/wp\/v2\/posts"}],"about":[{"href":"https:\/\/www.vorspeisenplatte.de\/speisen\/wp-json\/wp\/v2\/types\/post"}],"author":[{"embeddable":true,"href":"https:\/\/www.vorspeisenplatte.de\/speisen\/wp-json\/wp\/v2\/users\/2"}],"replies":[{"embeddable":true,"href":"https:\/\/www.vorspeisenplatte.de\/speisen\/wp-json\/wp\/v2\/comments?post=23828"}],"version-history":[{"count":3,"href":"https:\/\/www.vorspeisenplatte.de\/speisen\/wp-json\/wp\/v2\/posts\/23828\/revisions"}],"predecessor-version":[{"id":103782,"href":"https:\/\/www.vorspeisenplatte.de\/speisen\/wp-json\/wp\/v2\/posts\/23828\/revisions\/103782"}],"wp:attachment":[{"href":"https:\/\/www.vorspeisenplatte.de\/speisen\/wp-json\/wp\/v2\/media?parent=23828"}],"wp:term":[{"taxonomy":"category","embeddable":true,"href":"https:\/\/www.vorspeisenplatte.de\/speisen\/wp-json\/wp\/v2\/categories?post=23828"},{"taxonomy":"post_tag","embeddable":true,"href":"https:\/\/www.vorspeisenplatte.de\/speisen\/wp-json\/wp\/v2\/tags?post=23828"}],"curies":[{"name":"wp","href":"https:\/\/api.w.org\/{rel}","templated":true}]}}