{"id":2409,"date":"2008-02-04T09:24:13","date_gmt":"2008-02-04T08:24:13","guid":{"rendered":"https:\/\/www.vorspeisenplatte.de\/speisen\/2008\/02\/familienalbum-27-wieder-kinderfasching.htm"},"modified":"2008-02-04T09:36:21","modified_gmt":"2008-02-04T08:36:21","slug":"familienalbum-27-wieder-kinderfasching","status":"publish","type":"post","link":"https:\/\/www.vorspeisenplatte.de\/speisen\/2008\/02\/familienalbum-27-wieder-kinderfasching.htm","title":{"rendered":"Familienalbum &#8211; 27: Wieder Kinderfasching"},"content":{"rendered":"<p><img src='https:\/\/www.vorspeisenplatte.de\/speisen\/archiv\/kinderfasching_1972.jpg' alt='kinderfasching_1972.jpg' \/><\/p>\n<p>Ganz rechts Klein-Kaltmamsell als Pipi Langstrumpf, ich sch\u00e4tze f\u00fcnfj\u00e4hrig, also muss das 1972 gewesen sein.<\/p>\n<p>Neben mir steht der Berndi, der b\u00f6se Bub des Wohnblocks, den alle Kinder f\u00fcrchteten. Er war zerst\u00f6rerisch und aggressiv, die etwa 15 weiteren Kinder im Block gingen ihm aus dem Weg. Meine Mutter erz\u00e4hlt, sie habe mir erkl\u00e4rt, dass er vielleicht deshalb so b\u00f6se war, weil wir ihn nie mitspielen lie\u00dfen (sie hatte au\u00dferdem mitbekommen, dass Berndi von seinem Vater regelm\u00e4\u00dfig durchgepr\u00fcgelt wurde, aber das erz\u00e4hlte sie mir erst viel sp\u00e4ter). Ihre Erkl\u00e4rung habe mir eingeleuchtet. Da die anderen Kinder sich davon aber nicht h\u00e4tten beeindrucken lassen, habe ich halt als einzige mit ihm gespielt. Das war, ein wenig erinnere ich mich, immer recht aufregend, denn der Berndi war wild und komplett furchtlos, kletterte auf die h\u00f6chsten B\u00e4ume, radelte \u00fcber die buckligsten Wege, traute sich in die dunkelsten Bunker (gab es damals noch einige in der N\u00e4he) &#8211; ich immer mit. Dass ich eines Sommers beim Mitfahren auf dem Gep\u00e4ckst\u00e4nder seines Kinderrades die nackten Zehen in die Speichen brachte, war wirklich nicht seine Schuld. Als wir in einen anderen Wohnblock zogen, trennten sich unsere Wege.<\/p>\n<p>Der zweite Indianer ist der Sohn einer Freundin meiner Mutter, ich erinnere mich nicht mal an seinen Namen. Das M\u00e4dchen im Hintergrund erkenne ich nicht. Doch die kleine Piroschka ganz links im Eck (gibt es heute noch als Ungarin verkleidete Kinder?) war die zarte, vorsichtige Heike, ein Nachbarm\u00e4dchen.<\/p>\n<p>\u00dcber das Balkongitter hinweg erkennt man neben zertrampeltem Schnee (wir spielten halt wirklich viel drau\u00dfen) die Rohbauten einer Reihenhaussiedlung.<\/p>\n<p><i>Nachtrag: Erst jetzt bemerke ich den Topf auf dem Fensterbrett: Das Glas Senf daneben weist darauf hin, dass es sich um einen Topf voll W\u00fcrschtl handelt &#8211; neben Krapfen die Standard-Verk\u00f6stigung auf einem Kinderfasching.<\/i><\/p>\n","protected":false},"excerpt":{"rendered":"<p>Ganz rechts Klein-Kaltmamsell als Pipi Langstrumpf, ich sch\u00e4tze f\u00fcnfj\u00e4hrig, also muss das 1972 gewesen sein. Neben mir steht der Berndi, der b\u00f6se Bub des Wohnblocks, den alle Kinder f\u00fcrchteten. Er war zerst\u00f6rerisch und aggressiv, die etwa 15 weiteren Kinder im Block gingen ihm aus dem Weg. Meine Mutter erz\u00e4hlt, sie habe mir erkl\u00e4rt, dass er [&hellip;]<\/p>\n","protected":false},"author":2,"featured_media":0,"comment_status":"open","ping_status":"closed","sticky":false,"template":"","format":"standard","meta":{"footnotes":""},"categories":[2],"tags":[],"class_list":["post-2409","post","type-post","status-publish","format-standard","hentry","category-fotos"],"_links":{"self":[{"href":"https:\/\/www.vorspeisenplatte.de\/speisen\/wp-json\/wp\/v2\/posts\/2409","targetHints":{"allow":["GET"]}}],"collection":[{"href":"https:\/\/www.vorspeisenplatte.de\/speisen\/wp-json\/wp\/v2\/posts"}],"about":[{"href":"https:\/\/www.vorspeisenplatte.de\/speisen\/wp-json\/wp\/v2\/types\/post"}],"author":[{"embeddable":true,"href":"https:\/\/www.vorspeisenplatte.de\/speisen\/wp-json\/wp\/v2\/users\/2"}],"replies":[{"embeddable":true,"href":"https:\/\/www.vorspeisenplatte.de\/speisen\/wp-json\/wp\/v2\/comments?post=2409"}],"version-history":[{"count":0,"href":"https:\/\/www.vorspeisenplatte.de\/speisen\/wp-json\/wp\/v2\/posts\/2409\/revisions"}],"wp:attachment":[{"href":"https:\/\/www.vorspeisenplatte.de\/speisen\/wp-json\/wp\/v2\/media?parent=2409"}],"wp:term":[{"taxonomy":"category","embeddable":true,"href":"https:\/\/www.vorspeisenplatte.de\/speisen\/wp-json\/wp\/v2\/categories?post=2409"},{"taxonomy":"post_tag","embeddable":true,"href":"https:\/\/www.vorspeisenplatte.de\/speisen\/wp-json\/wp\/v2\/tags?post=2409"}],"curies":[{"name":"wp","href":"https:\/\/api.w.org\/{rel}","templated":true}]}}