{"id":24363,"date":"2014-12-23T11:55:55","date_gmt":"2014-12-23T10:55:55","guid":{"rendered":"https:\/\/www.vorspeisenplatte.de\/speisen\/?p=24363"},"modified":"2024-12-31T19:30:38","modified_gmt":"2024-12-31T18:30:38","slug":"journal-montag-22-dezember-2014-karameele-und-tantriden","status":"publish","type":"post","link":"https:\/\/www.vorspeisenplatte.de\/speisen\/2014\/12\/journal-montag-22-dezember-2014-karameele-und-tantriden.htm","title":{"rendered":"Journal Montag, 22. Dezember 2014 &#8211; Karameele und Tantriden"},"content":{"rendered":"<p>Die Kaltmamsell von vor drei Wochen hielt es f\u00fcr eine gute Idee, der gestrigen Kaltmamsell um 9 Uhr einen Termin bei der Zahn\u00e4rztin zu buchen. Die gestrige Kaltmamsell h\u00e4tte ihre Vorg\u00e4ngerin daf\u00fcr gerne ein wenig gesch\u00fcttelt. Also wieder nicht ausgeschlafen und statt dessen in der schr\u00e4gen Wintermorgensonne nach Schwabing geradelt, um mir meine Knirschschiene abzuholen. Die Knirscherei im Schlaf scheint deutlich weiter verbreitet, als ich es ahnte; ich hatte angenommen, dass bei den meisten Menschen der K\u00f6rper nie entspannter ist als im Schlaf.<\/p>\n<p>Auf dem Weg zum Olympiabad beim <a href=\"http:\/\/semikolon-onlineshop.com\/\" target=\"_blank\">Semikolon in der Hohenzollernstra\u00dfe<\/a> angehalten, um mir nach gut zwei Jahren ein neues Notizbuch zum allzeitigen Beimirtragen zu kaufen &#8211; das bisherige ist vollgeschrieben. Ich fand ein sch\u00f6nes dunkelblaues, das meine Anforderungen erf\u00fcllte: Klein (etwa A6), Papier liniiert (h\u00e4tte auch kariert sein d\u00fcrfen, nur nicht blanko), Umschlag schmutzabweisendes Kunstleder, ein fester Gummi verhindert beim Transport ein Aufbl\u00e4ttern und Verkn\u00fcllen.<\/p>\n<p>Im Olympiabad ungest\u00f6rt und mit Genuss geschwommen (allerdings zum vollen Preis, da ich meine B\u00e4derkarte daheim vergessen hatte &#8211; Geldb\u00f6rse vor Romurlaub ausger\u00e4umt, nicht wieder einger\u00e4umt).<\/p>\n<p>Zum Fr\u00fchst\u00fccken ins sch\u00f6ne <a href=\"http:\/\/www.kafehaus-karameel.de\/\" target=\"_blank\">Karameel<\/a>, mich zu meiner Begeisterung auf der Fahrt dorthin ordentlich verirrt. Ich hatte einfach die Luftline gesch\u00e4tzt und war am Olympiabad losgeradelt, hatte mich auf meinen bew\u00e4hrten Orientierungssinn verlassen &#8211; der durchaus mal zu Langweile f\u00fchrt, weil er mir \u00dcberraschungen vorenth\u00e4lt. Doch diesmal stand ich pl\u00f6tzlich bei St. Theresia an der Landshuter Allee und wusste nicht nur, dass ich hier ganz falsch war, sondern hatte auch keine Ahnung, wie ich nun ohne gro\u00dfe Umwege zum Rot-Kreuz-Platz kommen sollte. Ich lie\u00df mir von Google Maps helfen.<\/p>\n<p>Fr\u00fchst\u00fcck im Karameel war h\u00f6chst zufriedenstellend.<\/p>\n<p><a href=\"https:\/\/www.vorspeisenplatte.de\/speisen\/archiv\/141222_6_Karameel.jpg\"><img loading=\"lazy\" decoding=\"async\" src=\"https:\/\/www.vorspeisenplatte.de\/speisen\/archiv\/141222_6_Karameel.jpg\" alt=\"141222_6_Karameel\" width=\"532\" height=\"375\" class=\"alignnone size-full \" \/><\/a><\/p>\n<p>Auf dem Heimweg eine M\u00fctze gekauft, die mir beim Winterradeln Kopf samt Ohren wirkungsvoll warm h\u00e4lt und nicht zu bescheuert aussieht.<\/p>\n<p>Abends Beginn der Suche nach Orange Wines in M\u00fcnchen: <a href=\"http:\/\/www.tantris.de\/Tantris-Winebar\/\" target=\"_blank\">Tantris Natural Winebar<\/a>. Der Sommelier bot mir einen <a href=\"http:\/\/www.skerk.com\/de\/malvasia.html\" target=\"_blank\">Skerk Malvasia<\/a> an, den meine Begleitung und ich zu einer hervorragenden Bouillabaisse tranken.<\/p>\n<p><a href=\"https:\/\/www.vorspeisenplatte.de\/speisen\/archiv\/141222_7_Tantris_Winebar-1.jpg\"><img loading=\"lazy\" decoding=\"async\" src=\"https:\/\/www.vorspeisenplatte.de\/speisen\/archiv\/141222_7_Tantris_Winebar-1.jpg\" alt=\"\" width=\"366\" height=\"481\" class=\"alignnone size-full wp-image-104755\" \/><\/a><\/p>\n<p>\u00a7<\/p>\n<p>Am Sonntag hatte ich mir von meinen Eltern die Schallplatte mit spanischen Villancicos ausgeliehen, die w\u00e4hrend meiner Kindheit immer zu Weihnachten aufgelegt wurde. Ich wollte sie digitalisierten lassen, denn jede andere Version klingt in meinen Ohren verkehrt. Es stellte sich heraus, dass das gar nicht n\u00f6tig war, denn alle vier Lieder gibt es bereits samt eingescanntem Titelblatt (Zeichenstil sehr typisch f\u00fcr das Spanien der 60er und fr\u00fchen 70er) bei Youtube. Dass eines der popul\u00e4rsten spanischen Weihnachtslieder &#8220;Canta, r\u00ede, bebe&#8221; hei\u00dft, also \u00fcbersetzt &#8220;Sing, lach, trink&#8221;, fand ich immer sehr bezeichnend f\u00fcr den Unterschied zur deutschen Weihnacht. Bittesch\u00f6n, mit Texten zum Mitsingen:<\/p>\n<div class=\"video-wrapped\" style=\"width: 500px; height: 281px; background-image: url('https:\/\/www.vorspeisenplatte.de\/speisen\/wp-content\/plugins\/video-embed-privacy\/preview\/Qfamis7Rqxk.jpg')\" data-embed-frame=\"&lt;iframe title=&quot;Hacia Bel\u00e9n va una burra, rin, rin (Interpreta: Coro de las Escuelas Avemarianas) (1966)&quot; width=&quot;500&quot; height=&quot;281&quot; src=&quot;https:\/\/www.youtube.com\/embed\/Qfamis7Rqxk?feature=oembed&quot; frameborder=&quot;0&quot; allow=&quot;accelerometer; autoplay; clipboard-write; encrypted-media; gyroscope; picture-in-picture; web-share&quot; referrerpolicy=&quot;strict-origin-when-cross-origin&quot; allowfullscreen&gt;&lt;\/iframe&gt;\" data-embed-play=\"Abspielen&lt;div class=&quot;small&quot;&gt;Das Video wird von Youtube eingebettet abespielt. Es gilt die &lt;a href=&quot;https:\/\/www.google.com\/intl\/de\/policies\/privacy\/&quot; target=&quot;_blank&quot;&gt;Datenschutzerkl\u00e4rung von Google&lt;\/a&gt;&lt;\/div&gt;\">\n<div class=\"video-wrapped-nojs\">Aktivieren Sie JavaScript um das Video zu sehen.<br \/><a href=\"http:\/\/youtu.be\/Qfamis7Rqxk\">http:\/\/youtu.be\/Qfamis7Rqxk<\/a><\/div>\n<\/div>\n<div class=\"video-wrapped\" style=\"width: 500px; height: 281px; background-image: url('https:\/\/www.vorspeisenplatte.de\/speisen\/wp-content\/plugins\/video-embed-privacy\/preview\/4JYntMewrnY.jpg')\" data-embed-frame=\"&lt;iframe title=&quot;La Virgen va caminando (Interpreta: Coro de las Escuelas Avemarianas) (1966)&quot; width=&quot;500&quot; height=&quot;281&quot; src=&quot;https:\/\/www.youtube.com\/embed\/4JYntMewrnY?feature=oembed&quot; frameborder=&quot;0&quot; allow=&quot;accelerometer; autoplay; clipboard-write; encrypted-media; gyroscope; picture-in-picture; web-share&quot; referrerpolicy=&quot;strict-origin-when-cross-origin&quot; allowfullscreen&gt;&lt;\/iframe&gt;\" data-embed-play=\"Abspielen&lt;div class=&quot;small&quot;&gt;Das Video wird von Youtube eingebettet abespielt. Es gilt die &lt;a href=&quot;https:\/\/www.google.com\/intl\/de\/policies\/privacy\/&quot; target=&quot;_blank&quot;&gt;Datenschutzerkl\u00e4rung von Google&lt;\/a&gt;&lt;\/div&gt;\">\n<div class=\"video-wrapped-nojs\">Aktivieren Sie JavaScript um das Video zu sehen.<br \/><a href=\"http:\/\/youtu.be\/4JYntMewrnY\">http:\/\/youtu.be\/4JYntMewrnY<\/a><\/div>\n<\/div>\n<div class=\"video-wrapped\" style=\"width: 500px; height: 281px; background-image: url('https:\/\/www.vorspeisenplatte.de\/speisen\/wp-content\/plugins\/video-embed-privacy\/preview\/Y84-hxPXy1c.jpg')\" data-embed-frame=\"&lt;iframe title=&quot;Canta, r\u00ede, bebe, que hoy es Nochebuena (Interpreta: Coro de las Escuelas Avemarianas) (1966)&quot; width=&quot;500&quot; height=&quot;281&quot; src=&quot;https:\/\/www.youtube.com\/embed\/Y84-hxPXy1c?feature=oembed&quot; frameborder=&quot;0&quot; allow=&quot;accelerometer; autoplay; clipboard-write; encrypted-media; gyroscope; picture-in-picture; web-share&quot; referrerpolicy=&quot;strict-origin-when-cross-origin&quot; allowfullscreen&gt;&lt;\/iframe&gt;\" data-embed-play=\"Abspielen&lt;div class=&quot;small&quot;&gt;Das Video wird von Youtube eingebettet abespielt. Es gilt die &lt;a href=&quot;https:\/\/www.google.com\/intl\/de\/policies\/privacy\/&quot; target=&quot;_blank&quot;&gt;Datenschutzerkl\u00e4rung von Google&lt;\/a&gt;&lt;\/div&gt;\">\n<div class=\"video-wrapped-nojs\">Aktivieren Sie JavaScript um das Video zu sehen.<br \/><a href=\"http:\/\/youtu.be\/Y84-hxPXy1c\">http:\/\/youtu.be\/Y84-hxPXy1c<\/a><\/div>\n<\/div>\n<div class=\"video-wrapped\" style=\"width: 500px; height: 281px; background-image: url('https:\/\/www.vorspeisenplatte.de\/speisen\/wp-content\/plugins\/video-embed-privacy\/preview\/5uh5D6by5z8.jpg')\" data-embed-frame=\"&lt;iframe title=&quot;Ya viene la vieja (Interpreta: Coro de las Escuelas Avemarianas) (1966)&quot; width=&quot;500&quot; height=&quot;281&quot; src=&quot;https:\/\/www.youtube.com\/embed\/5uh5D6by5z8?feature=oembed&quot; frameborder=&quot;0&quot; allow=&quot;accelerometer; autoplay; clipboard-write; encrypted-media; gyroscope; picture-in-picture; web-share&quot; referrerpolicy=&quot;strict-origin-when-cross-origin&quot; allowfullscreen&gt;&lt;\/iframe&gt;\" data-embed-play=\"Abspielen&lt;div class=&quot;small&quot;&gt;Das Video wird von Youtube eingebettet abespielt. Es gilt die &lt;a href=&quot;https:\/\/www.google.com\/intl\/de\/policies\/privacy\/&quot; target=&quot;_blank&quot;&gt;Datenschutzerkl\u00e4rung von Google&lt;\/a&gt;&lt;\/div&gt;\">\n<div class=\"video-wrapped-nojs\">Aktivieren Sie JavaScript um das Video zu sehen.<br \/><a href=\"http:\/\/youtu.be\/5uh5D6by5z8\">http:\/\/youtu.be\/5uh5D6by5z8<\/a><\/div>\n<\/div>\n<p>\u00a7<\/p>\n<p>Einerseits hochgradig fasziniert, auf welche \u00fcberaus n\u00fctzlichen Konstrukte studierte (und ein klein wenig verr\u00fcckte) Elektrolurche kommen. Andererseits hat die Literatin in mir bereits romantauglich d\u00fcstere Kindheitserinnerungen der Betroffenen vor Augen: Georg Passig erfindet und verfeinert f\u00fcr seine bis dato f\u00fcnf Kinder \u00dcberwachungsmethoden.<br \/>\n<a href=\"http:\/\/techniktagebuch.tumblr.com\/post\/105728160087\/2003-2014\" target=\"_blank\">&#8220;Die Evolution des Babyphons&#8221;.<\/a><\/p>\n","protected":false},"excerpt":{"rendered":"<p>Die Kaltmamsell von vor drei Wochen hielt es f\u00fcr eine gute Idee, der gestrigen Kaltmamsell um 9 Uhr einen Termin bei der Zahn\u00e4rztin zu buchen. Die gestrige Kaltmamsell h\u00e4tte ihre Vorg\u00e4ngerin daf\u00fcr gerne ein wenig gesch\u00fcttelt. Also wieder nicht ausgeschlafen und statt dessen in der schr\u00e4gen Wintermorgensonne nach Schwabing geradelt, um mir meine Knirschschiene abzuholen. [&hellip;]<\/p>\n","protected":false},"author":2,"featured_media":0,"comment_status":"open","ping_status":"closed","sticky":false,"template":"","format":"standard","meta":{"footnotes":""},"categories":[6,2,1],"tags":[],"class_list":["post-24363","post","type-post","status-publish","format-standard","hentry","category-essen","category-fotos","category-general"],"_links":{"self":[{"href":"https:\/\/www.vorspeisenplatte.de\/speisen\/wp-json\/wp\/v2\/posts\/24363","targetHints":{"allow":["GET"]}}],"collection":[{"href":"https:\/\/www.vorspeisenplatte.de\/speisen\/wp-json\/wp\/v2\/posts"}],"about":[{"href":"https:\/\/www.vorspeisenplatte.de\/speisen\/wp-json\/wp\/v2\/types\/post"}],"author":[{"embeddable":true,"href":"https:\/\/www.vorspeisenplatte.de\/speisen\/wp-json\/wp\/v2\/users\/2"}],"replies":[{"embeddable":true,"href":"https:\/\/www.vorspeisenplatte.de\/speisen\/wp-json\/wp\/v2\/comments?post=24363"}],"version-history":[{"count":3,"href":"https:\/\/www.vorspeisenplatte.de\/speisen\/wp-json\/wp\/v2\/posts\/24363\/revisions"}],"predecessor-version":[{"id":104758,"href":"https:\/\/www.vorspeisenplatte.de\/speisen\/wp-json\/wp\/v2\/posts\/24363\/revisions\/104758"}],"wp:attachment":[{"href":"https:\/\/www.vorspeisenplatte.de\/speisen\/wp-json\/wp\/v2\/media?parent=24363"}],"wp:term":[{"taxonomy":"category","embeddable":true,"href":"https:\/\/www.vorspeisenplatte.de\/speisen\/wp-json\/wp\/v2\/categories?post=24363"},{"taxonomy":"post_tag","embeddable":true,"href":"https:\/\/www.vorspeisenplatte.de\/speisen\/wp-json\/wp\/v2\/tags?post=24363"}],"curies":[{"name":"wp","href":"https:\/\/api.w.org\/{rel}","templated":true}]}}