{"id":24439,"date":"2014-12-27T10:54:33","date_gmt":"2014-12-27T09:54:33","guid":{"rendered":"https:\/\/www.vorspeisenplatte.de\/speisen\/?p=24439"},"modified":"2014-12-27T10:59:34","modified_gmt":"2014-12-27T09:59:34","slug":"journal-freitag-26-dezember-2014-erster-schnee","status":"publish","type":"post","link":"https:\/\/www.vorspeisenplatte.de\/speisen\/2014\/12\/journal-freitag-26-dezember-2014-erster-schnee.htm","title":{"rendered":"Journal Freitag, 26. Dezember 2014 &#8211; erster Schnee"},"content":{"rendered":"<p>Ich kann mich an kein Jahr erinnern, in dem er so sp\u00e4t kam: Der erste Schnee der Saison. Beim Aufstehen war es eindeutig wei\u00df, und ich machte schnell das Foto f\u00fcr die Chronik, da ich \u00fcberzeugt war, der Schnee w\u00fcrde gleich wegschmelzen. Doch er lie\u00df sich sogar von Sonne bescheinen, abends legte er eine weitere Schicht auf.<\/p>\n<p><a href=\"https:\/\/www.vorspeisenplatte.de\/speisen\/archiv\/141226_4_Schnee.jpg\"><img loading=\"lazy\" decoding=\"async\" src=\"https:\/\/www.vorspeisenplatte.de\/speisen\/archiv\/141226_4_Schnee.jpg\" alt=\"141226_4_Schnee\" width=\"476\" height=\"427\" class=\"alignnone size-full wp-image-24442\" \/><\/a><\/p>\n<p><a href=\"https:\/\/www.vorspeisenplatte.de\/speisen\/archiv\/141226_7_Schnee.jpg\"><img loading=\"lazy\" decoding=\"async\" src=\"https:\/\/www.vorspeisenplatte.de\/speisen\/archiv\/141226_7_Schnee.jpg\" alt=\"141226_7_Schnee\" width=\"411\" height=\"453\" class=\"alignnone size-full wp-image-24443\" \/><\/a><\/p>\n<p><a href=\"https:\/\/www.vorspeisenplatte.de\/speisen\/archiv\/141226_12_Schnee.jpg\"><img loading=\"lazy\" decoding=\"async\" src=\"https:\/\/www.vorspeisenplatte.de\/speisen\/archiv\/141226_12_Schnee.jpg\" alt=\"141226_12_Schnee\" width=\"447\" height=\"433\" class=\"alignnone size-full wp-image-24444\" \/><\/a><\/p>\n<p>Weihnachtsessen bei Eltern, inklusive Bruderfamilie mit allen Kindern. Ging gut aus, auch wenn ich zu meiner Bedr\u00fcckung wieder die Annahme eines Geschenks verweigern musste: Eine Tagesdecke lege ich h\u00f6chstens dreimal im Jahr \u00fcber mein Bett (Besuch), und da sch\u00e4tze ich sehr die von meiner Mutter \u00fcber viele Jahre selbst geh\u00e4kelte (ich bilde mir ein, sie h\u00e4tte das H\u00e4kelzeug auf jedem einzelnen Strandurlaub meiner Kindheit dabei gehabt), die sie mir zum Einzug in diese M\u00fcnchner Wohnung \u00fcberlie\u00df. Aber noch eine werde ich wirklich, wirklich nie verwenden, auch wenn meine Mutter daf\u00fcr eigens nach Stoff gesucht und sie gen\u00e4ht hatte. Ein freundlicherer Mensch als ich h\u00e4tte wahrscheinlich nicht umgehend darauf hingewiesen, dass ich sie lediglich zur anderen unbenutzten Tagesdecke in den Schrank legen w\u00fcrde. Oder auch noch gefragt, ob ich daf\u00fcr nicht gleich einen Schrank im Elternhaus nutzen k\u00f6nnte.<\/p>\n<p>Ein freundlicherer Mensch als ich h\u00e4tte aber vermutlich auch nicht vorher um keine Geschenke gebeten, sondern wie viele Jahre zuvor lang verzweifelt irgendwelche W\u00fcnsche erfunden.<\/p>\n<p>Es gab Christbaum (kabellose LED-Lichter mit Fernbedienung scheinen <i>der<\/i> Trend Weihnachten 2014 zu sein) und \u00fcberaus k\u00f6stliche Gans.<\/p>\n<p><a href=\"https:\/\/www.vorspeisenplatte.de\/speisen\/archiv\/141226_13_Christbaum.jpg\"><img loading=\"lazy\" decoding=\"async\" src=\"https:\/\/www.vorspeisenplatte.de\/speisen\/archiv\/141226_13_Christbaum.jpg\" alt=\"141226_13_Christbaum\" width=\"306\" height=\"481\" class=\"alignnone size-full wp-image-24445\" \/><\/a><\/p>\n<p><a href=\"https:\/\/www.vorspeisenplatte.de\/speisen\/archiv\/141226_16_Weihnachtstafel.jpg\"><img loading=\"lazy\" decoding=\"async\" src=\"https:\/\/www.vorspeisenplatte.de\/speisen\/archiv\/141226_16_Weihnachtstafel.jpg\" alt=\"141226_16_Weihnachtstafel\" width=\"338\" height=\"427\" class=\"alignnone size-full wp-image-24446\" \/><\/a><\/p>\n<p>Gegen 15 Uhr Spaziergang einiger Frischluftbed\u00fcrftiger, jetzt auch in Ingolstadt dichter Schneefall.<\/p>\n<p>Nach Weihnachten ist vor Weihnachten. F\u00fcr n\u00e4chstes Jahr schon mal einen Geschenkwunsch ausgedacht: Jahreskarte f\u00fcr den M\u00fcnchner Tierpark. <img loading=\"lazy\" decoding=\"async\" src=\"https:\/\/ssl-vg03.met.vgwort.de\/na\/dd6b2b4eaa1740758633e7f04dcb1a22\" width=\"1\" height=\"1\" alt=\"\"\/><\/p>\n","protected":false},"excerpt":{"rendered":"<p>Ich kann mich an kein Jahr erinnern, in dem er so sp\u00e4t kam: Der erste Schnee der Saison. Beim Aufstehen war es eindeutig wei\u00df, und ich machte schnell das Foto f\u00fcr die Chronik, da ich \u00fcberzeugt war, der Schnee w\u00fcrde gleich wegschmelzen. Doch er lie\u00df sich sogar von Sonne bescheinen, abends legte er eine weitere [&hellip;]<\/p>\n","protected":false},"author":2,"featured_media":0,"comment_status":"open","ping_status":"closed","sticky":false,"template":"","format":"standard","meta":{"footnotes":""},"categories":[6,2,1],"tags":[],"class_list":["post-24439","post","type-post","status-publish","format-standard","hentry","category-essen","category-fotos","category-general"],"_links":{"self":[{"href":"https:\/\/www.vorspeisenplatte.de\/speisen\/wp-json\/wp\/v2\/posts\/24439","targetHints":{"allow":["GET"]}}],"collection":[{"href":"https:\/\/www.vorspeisenplatte.de\/speisen\/wp-json\/wp\/v2\/posts"}],"about":[{"href":"https:\/\/www.vorspeisenplatte.de\/speisen\/wp-json\/wp\/v2\/types\/post"}],"author":[{"embeddable":true,"href":"https:\/\/www.vorspeisenplatte.de\/speisen\/wp-json\/wp\/v2\/users\/2"}],"replies":[{"embeddable":true,"href":"https:\/\/www.vorspeisenplatte.de\/speisen\/wp-json\/wp\/v2\/comments?post=24439"}],"version-history":[{"count":6,"href":"https:\/\/www.vorspeisenplatte.de\/speisen\/wp-json\/wp\/v2\/posts\/24439\/revisions"}],"predecessor-version":[{"id":24450,"href":"https:\/\/www.vorspeisenplatte.de\/speisen\/wp-json\/wp\/v2\/posts\/24439\/revisions\/24450"}],"wp:attachment":[{"href":"https:\/\/www.vorspeisenplatte.de\/speisen\/wp-json\/wp\/v2\/media?parent=24439"}],"wp:term":[{"taxonomy":"category","embeddable":true,"href":"https:\/\/www.vorspeisenplatte.de\/speisen\/wp-json\/wp\/v2\/categories?post=24439"},{"taxonomy":"post_tag","embeddable":true,"href":"https:\/\/www.vorspeisenplatte.de\/speisen\/wp-json\/wp\/v2\/tags?post=24439"}],"curies":[{"name":"wp","href":"https:\/\/api.w.org\/{rel}","templated":true}]}}