{"id":24801,"date":"2015-01-17T07:17:38","date_gmt":"2015-01-17T06:17:38","guid":{"rendered":"https:\/\/www.vorspeisenplatte.de\/speisen\/?p=24801"},"modified":"2015-01-17T18:24:36","modified_gmt":"2015-01-17T17:24:36","slug":"journal-donnerstagfreitag-15-16-januar-2015-musiksentimentalitaet","status":"publish","type":"post","link":"https:\/\/www.vorspeisenplatte.de\/speisen\/2015\/01\/journal-donnerstagfreitag-15-16-januar-2015-musiksentimentalitaet.htm","title":{"rendered":"Journal Donnerstag\/Freitag, 15.\/16. Januar 2015 &#8211; Musiksentimentalit\u00e4t"},"content":{"rendered":"<p>Ohrwurm dieser Tage: H\u00e9roes del silencio<\/p>\n<p>http:\/\/youtu.be\/YVgZtUZXyfI<\/p>\n<p>Geh\u00f6rt zur Musik f\u00fcr das neue Hot-Iron-Programm, und Dienstagmorgen war ich in Grinsen ausgebrochen, fast so breit wie die Langhantel, die gerade auf meinem Nacken lag: Mein kleiner Bruder, der mich damals bereits \u00fcberragte, h\u00f6rte diese Kapelle und dieses Lied sehr gern. Selbst hatte ich zu dieser Zeit ein zu gro\u00dfes Problem mit der manierierten Aussprache des S\u00e4ngers (aspirierte P, T und K sind komplett unspanisch). Doch mit genug zeitlichem Abstand \u00fcberlagert Sentimentalit\u00e4t Geschmack, und jetzt freute ich mich \u00fcber das Zeugs.<br \/>\nLange Locken und eine Bandana zum Hirnzusammenhalten (so scherzten wir damals) trug auch mein Br\u00fcderchen Anfang der 90er, sah aber deutlich besser damit aus als Enrique Bunbury.<\/p>\n<p>Gestern holte ich bereits Luft, um den Werkstudenten gegen\u00fcber zu fragen, wie er diese Band sieht. Lie\u00df sie ungenutzt wieder raus, als mir einfiel, dass der 19-j\u00e4hrige 1992 noch gar nicht auf der Welt war.<\/p>\n<p>\u00a7<\/p>\n<p>Donnerstagabend gab es mal wieder <a href=\"http:\/\/www.esskultur.at\/index.php\/2009\/12\/04\/unsichtbarer-salat\/\" target=\"_blank\">Unsichtbaren Salat<\/a>, wieder war er ein Ereignis. Dazu im Fernsehen den <a href=\"http:\/\/www.br.de\/fernsehen\/bayerisches-fernsehen\/import\/audiovideo\/unsere-tracht-und-die-macht-102.html\" target=\"_blank\">zweiten Teil &#8220;Unsere Tracht und die Macht&#8221;<\/a>, diesmal mit der Rolle der Salzburger Festspiele (zu denen sich auch G\u00e4ste aus anderen L\u00e4ndern als Tageskleidung Trachtiges schneidern lie\u00dfen) bis zu den j\u00fcngsten Jahrzehnten, in denen das Oktoberfest Zentrum der Trachtenkleidung wurde (davor unz\u00e4hlige Foto- und Filmbelege, dass auf dem Oktoberfest traditionell <i>nicht<\/i> Tracht getragen wurde, im \u00e4ltesten Festzelt Schottenhammel bis heute die Bedienungen keine Dirndl tragen, sondern Kellnerinnenkleidung). Zum gegenw\u00e4rtigen Umgang mit Tracht meinten die Expertinnen, jetzt sei die Trachtenkleidung wieder dort angekommen, wo sie angefangen habe: Jede und jeder kleide sich damit so, wie es zu ihnen passe, unabh\u00e4ngig von irgendwelchen Diktaten.<\/p>\n<p>\u00a7<\/p>\n<p>Freitagabend Fischmen\u00fc im <a href=\"http:\/\/www.il-castagno.de\/\" target=\"_blank\">Il Castagno<\/a>, gut gegessen. Mein Lieblingsgang:<\/p>\n<p><a href=\"https:\/\/www.vorspeisenplatte.de\/speisen\/archiv\/150115_Il_Castagno_7.jpg\"><img loading=\"lazy\" decoding=\"async\" src=\"https:\/\/www.vorspeisenplatte.de\/speisen\/archiv\/150115_Il_Castagno_7.jpg\" alt=\"150115_Il_Castagno_7\" width=\"373\" height=\"490\" class=\"alignnone size-full wp-image-24814\" \/><\/a><\/p>\n<p>\u00a7<\/p>\n<p>Weswegen wir Blogs m\u00f6gen: Sie machen die Auswirkungen von Geschehnissen in der gro\u00dfen Welt auf die kleine Welt einzelner Menschen nachvollziehbar. Zum Beispiel die Aufhebung der Deckelung des Schweizer Franken im Bezug auf den Euro bei <del>Grenzg\u00e4ngerin<\/del>Wahlschweizerin Frau Bruellen:<br \/>\n<a href=\"http:\/\/bruellen.blogspot.de\/2015\/01\/wahrungsspekulanten.html\" target=\"_blank\">&#8220;W\u00e4hrungsspekulanten&#8221;.<\/a><\/p>\n<p>\u00a7<\/p>\n<p>2010 machte eine Studie die Runde, nach der auch dicke Frauen in den Medien lieber ganzganz d\u00fcnne als Models in der Werbung sehen wollen, Diversit\u00e4t in der Darstellung also gesch\u00e4ftsch\u00e4digend w\u00e4re. Auf diese bezieht sich die Branche seither.<br \/>\nDass die Ergebnisse dieser Studie sich mittlerweile als gef\u00e4lscht herausgestellt haben und zur\u00fcckgezogen wurden, dass einer ihrer Herausgeber schon 2012 wegen des Vorwurf der F\u00e4lschung von seiner Professur zur\u00fcck getreten ist &#8211; das macht nicht die Runde. Vielleicht m\u00f6gen Sie nachlesen:<br \/>\n<a href=\"https:\/\/pinkstinks.de\/ooops-studie-gefaelscht-aber-wen-interessierts\/\" target=\"_blank\">&#8220;Ooops, Studie gef\u00e4lscht! Aber wen interessiert\u2019s?&#8221;<\/a><\/p>\n<p>\u00a7<\/p>\n<p>Lassen Sie uns noch ein wenig spielen: Wie s\u00e4hen die Harry-Potter-Filme aus, wenn sie &#8220;Hermione Granger&#8221; hie\u00dfen? Hier eine Bildergeschichte:<br \/>\n<a href=\"http:\/\/www.buzzfeed.com\/danieldalton\/boss-witch#.cg7z1wAWJ\" target=\"_blank\">&#8220;If Hermione Were The Main Character In &#8216;Harry Potter&#8217;<br \/>\nHermione Granger and the Goddamn Patriarchy.&#8221;<\/a> <img loading=\"lazy\" decoding=\"async\" src=\"https:\/\/ssl-vg03.met.vgwort.de\/na\/148285a59e604ee7969fca6f2e02ee55\" width=\"1\" height=\"1\" alt=\"\"\/><\/p>\n","protected":false},"excerpt":{"rendered":"<p>Ohrwurm dieser Tage: H\u00e9roes del silencio http:\/\/youtu.be\/YVgZtUZXyfI Geh\u00f6rt zur Musik f\u00fcr das neue Hot-Iron-Programm, und Dienstagmorgen war ich in Grinsen ausgebrochen, fast so breit wie die Langhantel, die gerade auf meinem Nacken lag: Mein kleiner Bruder, der mich damals bereits \u00fcberragte, h\u00f6rte diese Kapelle und dieses Lied sehr gern. Selbst hatte ich zu dieser Zeit [&hellip;]<\/p>\n","protected":false},"author":2,"featured_media":0,"comment_status":"open","ping_status":"closed","sticky":false,"template":"","format":"standard","meta":{"footnotes":""},"categories":[1],"tags":[],"class_list":["post-24801","post","type-post","status-publish","format-standard","hentry","category-general"],"_links":{"self":[{"href":"https:\/\/www.vorspeisenplatte.de\/speisen\/wp-json\/wp\/v2\/posts\/24801","targetHints":{"allow":["GET"]}}],"collection":[{"href":"https:\/\/www.vorspeisenplatte.de\/speisen\/wp-json\/wp\/v2\/posts"}],"about":[{"href":"https:\/\/www.vorspeisenplatte.de\/speisen\/wp-json\/wp\/v2\/types\/post"}],"author":[{"embeddable":true,"href":"https:\/\/www.vorspeisenplatte.de\/speisen\/wp-json\/wp\/v2\/users\/2"}],"replies":[{"embeddable":true,"href":"https:\/\/www.vorspeisenplatte.de\/speisen\/wp-json\/wp\/v2\/comments?post=24801"}],"version-history":[{"count":18,"href":"https:\/\/www.vorspeisenplatte.de\/speisen\/wp-json\/wp\/v2\/posts\/24801\/revisions"}],"predecessor-version":[{"id":24822,"href":"https:\/\/www.vorspeisenplatte.de\/speisen\/wp-json\/wp\/v2\/posts\/24801\/revisions\/24822"}],"wp:attachment":[{"href":"https:\/\/www.vorspeisenplatte.de\/speisen\/wp-json\/wp\/v2\/media?parent=24801"}],"wp:term":[{"taxonomy":"category","embeddable":true,"href":"https:\/\/www.vorspeisenplatte.de\/speisen\/wp-json\/wp\/v2\/categories?post=24801"},{"taxonomy":"post_tag","embeddable":true,"href":"https:\/\/www.vorspeisenplatte.de\/speisen\/wp-json\/wp\/v2\/tags?post=24801"}],"curies":[{"name":"wp","href":"https:\/\/api.w.org\/{rel}","templated":true}]}}