{"id":2483,"date":"2008-04-12T13:20:20","date_gmt":"2008-04-12T12:20:20","guid":{"rendered":"https:\/\/www.vorspeisenplatte.de\/speisen\/?p=2483"},"modified":"2008-04-12T13:20:20","modified_gmt":"2008-04-12T12:20:20","slug":"konsumentenirritation","status":"publish","type":"post","link":"https:\/\/www.vorspeisenplatte.de\/speisen\/2008\/04\/konsumentenirritation.htm","title":{"rendered":"Konsumentenirritation"},"content":{"rendered":"<p>Lebensmittel kaufe ich wirklich gerne ein &#8211; das mag daran liegen, dass ich kein Auto habe und anstrengende Gro\u00dfeink\u00e4ufe nicht kenne. Besonders gerne schaue ich nach neuen Produkten aus, um sie zu probieren. Als ich also an der B\u00e4ckerei unten im Hertie am Hauptbahnhof ein \u201eAndalusisches Bergbauernbrot\u201c angeboten sah (Wei\u00dfbrot in Ciabattaform), nahm ich sofort eines. Doch schon als ich es in meinem Rucksack verstaute, stutzte ich: Welche andalusischen Bergbauern bitte? Das einzige Gebirge in Andalusien hei\u00dft Sierra Nevada. Da gibt es ein paar wenige, winzige D\u00f6rfer &#8211; aber Bergbauern? Das w\u00e4re mir neu. Seither gr\u00fcble ich, ob ich eine peinliche Wissensl\u00fccke entdeckt habe. Oder ob ein m\u00fcnchner B\u00e4cker sich schlicht eine Riesengaudi gemacht hat.<\/p>\n","protected":false},"excerpt":{"rendered":"<p>Lebensmittel kaufe ich wirklich gerne ein &#8211; das mag daran liegen, dass ich kein Auto habe und anstrengende Gro\u00dfeink\u00e4ufe nicht kenne. Besonders gerne schaue ich nach neuen Produkten aus, um sie zu probieren. Als ich also an der B\u00e4ckerei unten im Hertie am Hauptbahnhof ein \u201eAndalusisches Bergbauernbrot\u201c angeboten sah (Wei\u00dfbrot in Ciabattaform), nahm ich sofort [&hellip;]<\/p>\n","protected":false},"author":2,"featured_media":0,"comment_status":"open","ping_status":"closed","sticky":false,"template":"","format":"standard","meta":{"footnotes":""},"categories":[1],"tags":[],"class_list":["post-2483","post","type-post","status-publish","format-standard","hentry","category-general"],"_links":{"self":[{"href":"https:\/\/www.vorspeisenplatte.de\/speisen\/wp-json\/wp\/v2\/posts\/2483","targetHints":{"allow":["GET"]}}],"collection":[{"href":"https:\/\/www.vorspeisenplatte.de\/speisen\/wp-json\/wp\/v2\/posts"}],"about":[{"href":"https:\/\/www.vorspeisenplatte.de\/speisen\/wp-json\/wp\/v2\/types\/post"}],"author":[{"embeddable":true,"href":"https:\/\/www.vorspeisenplatte.de\/speisen\/wp-json\/wp\/v2\/users\/2"}],"replies":[{"embeddable":true,"href":"https:\/\/www.vorspeisenplatte.de\/speisen\/wp-json\/wp\/v2\/comments?post=2483"}],"version-history":[{"count":0,"href":"https:\/\/www.vorspeisenplatte.de\/speisen\/wp-json\/wp\/v2\/posts\/2483\/revisions"}],"wp:attachment":[{"href":"https:\/\/www.vorspeisenplatte.de\/speisen\/wp-json\/wp\/v2\/media?parent=2483"}],"wp:term":[{"taxonomy":"category","embeddable":true,"href":"https:\/\/www.vorspeisenplatte.de\/speisen\/wp-json\/wp\/v2\/categories?post=2483"},{"taxonomy":"post_tag","embeddable":true,"href":"https:\/\/www.vorspeisenplatte.de\/speisen\/wp-json\/wp\/v2\/tags?post=2483"}],"curies":[{"name":"wp","href":"https:\/\/api.w.org\/{rel}","templated":true}]}}