{"id":2498,"date":"2008-04-20T17:49:34","date_gmt":"2008-04-20T15:49:34","guid":{"rendered":"https:\/\/www.vorspeisenplatte.de\/speisen\/?p=2498"},"modified":"2008-08-13T10:24:48","modified_gmt":"2008-08-13T08:24:48","slug":"ausflug-nach-frankfurt","status":"publish","type":"post","link":"https:\/\/www.vorspeisenplatte.de\/speisen\/2008\/04\/ausflug-nach-frankfurt.htm","title":{"rendered":"Ausflug nach Frankfurt"},"content":{"rendered":"<p>Wenn ich schon mal da bin, dachte ich mir, kann ich auch gleich die Tagebuchausstellung im Museum f\u00fcr Kommunikation ansehen. Geplant war ein gem\u00fctlicher Spaziergang dorthin vom Bahnhof \u00fcber den Main, der Regen machte daraus ein Rennen auf k\u00fcrzestem Weg.<\/p>\n<p><img decoding=\"async\" src=\"https:\/\/www.vorspeisenplatte.de\/speisen\/archiv\/frankfurt_1.jpg\" alt=\"\" title=\"frankfurt_1\" \/><\/p>\n<p>In der Ausstellung unter anderem <a href=\"http:\/\/www.ankegroener.de\/?p=1772\" target=_new>die Notizbl\u00f6cke von Ankes Gro\u00dfvater<\/a> &#8211; sehr anr\u00fchrend.<\/p>\n<p><img decoding=\"async\" src=\"https:\/\/www.vorspeisenplatte.de\/speisen\/archiv\/frankfurt_2.jpg\" alt=\"\" title=\"frankfurt_2\" \/><\/p>\n<p>Und ein Wiedersehen mit einer sehr vermissten alten Bekannten.<\/p>\n<p>Dann aber mit drei weiteren Essensschreiberinnen per Taxi hinaus nach Frankfurt-Bergen in den Goldenen Engel.<\/p>\n<p><img decoding=\"async\" src=\"https:\/\/www.vorspeisenplatte.de\/speisen\/archiv\/frankfurt_3.jpg\" alt=\"\" title=\"frankfurt_3\" \/><\/p>\n<p>Der Wirt, <a href=\"http:\/\/fressack.wordpress.com\/\" target=_new>Herr fressack<\/a>, lie\u00df nur f\u00fcr uns Blogger und Bloggerinnen kochen.<\/p>\n<p><img decoding=\"async\" src=\"https:\/\/www.vorspeisenplatte.de\/speisen\/archiv\/frankfurt_4.jpg\" alt=\"\" title=\"frankfurt_4\" \/><\/p>\n<p>Unbedingt nachmachen werde ich das frische Grie-So\u00df-Risotto.<\/p>\n<p><img decoding=\"async\" src=\"https:\/\/www.vorspeisenplatte.de\/speisen\/archiv\/frankfurt_5.jpg\" alt=\"\" title=\"frankfurt_5\" \/><\/p>\n<p>Wunderbare Stapelware: Kartoffelp\u00fcree (mit Majoran!), Karamellkraut, knusprige Blutwurst, \u00c4pfel. Den n\u00e4chsten Gang, zitroniger, k\u00fcmmliger Wirsing mit gebratenem Chorizo (sehr gute Kombination!) und dem R\u00fccken vom Pata-Negra-Schwein, hatte ich bereits aufgegessen, als ich ans Fotografieren dachte. Zum Nachtisch gab es Scheiterhaufen mit k\u00f6stlicher Apfelweinso\u00dfe.<\/p>\n<p><img decoding=\"async\" src=\"https:\/\/www.vorspeisenplatte.de\/speisen\/archiv\/frankfurt_6.jpg\" alt=\"\" title=\"frankfurt_6\" \/><\/p>\n<p>Das St\u00fcck Frankfurter Kranz passte erst nach Mitternacht in mich.<br \/>\nSehr sch\u00f6nes Fescht. Fressen f\u00fcr den Weltfrieden!<\/p>\n","protected":false},"excerpt":{"rendered":"<p>Wenn ich schon mal da bin, dachte ich mir, kann ich auch gleich die Tagebuchausstellung im Museum f\u00fcr Kommunikation ansehen. Geplant war ein gem\u00fctlicher Spaziergang dorthin vom Bahnhof \u00fcber den Main, der Regen machte daraus ein Rennen auf k\u00fcrzestem Weg. In der Ausstellung unter anderem die Notizbl\u00f6cke von Ankes Gro\u00dfvater &#8211; sehr anr\u00fchrend. Und ein [&hellip;]<\/p>\n","protected":false},"author":2,"featured_media":0,"comment_status":"open","ping_status":"closed","sticky":false,"template":"","format":"standard","meta":{"footnotes":""},"categories":[6,2,1],"tags":[],"class_list":["post-2498","post","type-post","status-publish","format-standard","hentry","category-essen","category-fotos","category-general"],"_links":{"self":[{"href":"https:\/\/www.vorspeisenplatte.de\/speisen\/wp-json\/wp\/v2\/posts\/2498","targetHints":{"allow":["GET"]}}],"collection":[{"href":"https:\/\/www.vorspeisenplatte.de\/speisen\/wp-json\/wp\/v2\/posts"}],"about":[{"href":"https:\/\/www.vorspeisenplatte.de\/speisen\/wp-json\/wp\/v2\/types\/post"}],"author":[{"embeddable":true,"href":"https:\/\/www.vorspeisenplatte.de\/speisen\/wp-json\/wp\/v2\/users\/2"}],"replies":[{"embeddable":true,"href":"https:\/\/www.vorspeisenplatte.de\/speisen\/wp-json\/wp\/v2\/comments?post=2498"}],"version-history":[{"count":0,"href":"https:\/\/www.vorspeisenplatte.de\/speisen\/wp-json\/wp\/v2\/posts\/2498\/revisions"}],"wp:attachment":[{"href":"https:\/\/www.vorspeisenplatte.de\/speisen\/wp-json\/wp\/v2\/media?parent=2498"}],"wp:term":[{"taxonomy":"category","embeddable":true,"href":"https:\/\/www.vorspeisenplatte.de\/speisen\/wp-json\/wp\/v2\/categories?post=2498"},{"taxonomy":"post_tag","embeddable":true,"href":"https:\/\/www.vorspeisenplatte.de\/speisen\/wp-json\/wp\/v2\/tags?post=2498"}],"curies":[{"name":"wp","href":"https:\/\/api.w.org\/{rel}","templated":true}]}}