{"id":25180,"date":"2015-02-09T06:31:20","date_gmt":"2015-02-09T05:31:20","guid":{"rendered":"https:\/\/www.vorspeisenplatte.de\/speisen\/?p=25180"},"modified":"2015-02-09T10:31:33","modified_gmt":"2015-02-09T09:31:33","slug":"journal-sonntag-8-februar-2015-schneeradeln","status":"publish","type":"post","link":"https:\/\/www.vorspeisenplatte.de\/speisen\/2015\/02\/journal-sonntag-8-februar-2015-schneeradeln.htm","title":{"rendered":"Journal Sonntag, 8. Februar 2015 &#8211; Schneeradeln"},"content":{"rendered":"<p>Morgens schneite es. Dennoch zur Turnstunde am Ostbahnhof geradelt &#8211; dass mich die U-Bahn-Fahrt 5,20 Euro hin und zur\u00fcck gekostet h\u00e4tte, war durchaus eine Motivation. Mit Vergn\u00fcgen eine Stunde auf und um einen Step geh\u00fcpft.<\/p>\n<p><a href=\"https:\/\/www.vorspeisenplatte.de\/speisen\/archiv\/150208_Studioblick_2.jpg\"><img loading=\"lazy\" decoding=\"async\" src=\"https:\/\/www.vorspeisenplatte.de\/speisen\/archiv\/150208_Studioblick_2.jpg\" alt=\"150208_Studioblick_2\" width=\"546\" height=\"361\" class=\"alignnone size-full wp-image-25184\" \/><\/a><\/p>\n<p>Zur\u00fcck zuhause Lutz Gei\u00dflers <a href=\"http:\/\/www.ploetzblog.de\/2014\/01\/18\/leserwunsch-grosses-bauernbrot\/\" target=\"_blank\">Gro\u00dfes Bauernbrot<\/a> gebacken. (Freue mich schon <a href=\"http:\/\/www.brotbackbuch.de\/buch-2\/\" target=\"_blank\">auf Lutz&#8217; zweites Brotbackbuch<\/a> im April.)<\/p>\n<p><a href=\"https:\/\/www.vorspeisenplatte.de\/speisen\/archiv\/150208_Gro\u00dfes_Bauernbrot_2.jpg\"><img loading=\"lazy\" decoding=\"async\" src=\"https:\/\/www.vorspeisenplatte.de\/speisen\/archiv\/150208_Gro\u00dfes_Bauernbrot_2.jpg\" alt=\"150208_Gro\u00dfes_Bauernbrot_2\" width=\"367\" height=\"346\" class=\"alignnone size-full wp-image-25185\" \/><\/a><\/p>\n<p>Aber jetzt was ganz was Anderes: Was t\u00e4ten Sie denn, wenn&#8217;s in Ihrem G\u00e4rk\u00f6rbchen krabbelt? Also, rein theoretisch?<br \/>\nIch lege meine G\u00e4rk\u00f6rbchen aus Peddigrohr immer mit einem Geschirrtuch aus, dennoch bleiben Mehlreste in den Ritzen. Und da k\u00f6nnte es, rein theoretisch, irgendwann zu krabbeln beginnen. Das Internet r\u00e4t von ausb\u00fcrsten \u00fcber nass abwaschen und im ausk\u00fchlenden Ofen trocknen lassen bis zu auf keinen Fall nass machen und im ausk\u00fchlenden Ofen desinfizieren.<br \/>\nHat hier jemand Erfahrungen?<\/p>\n<p>\u00a7<\/p>\n<p>Steven Uhlys eben gelesener <i>K\u00f6nigreich der D\u00e4mmerung<\/i> handelt von den \u00dcberlebenden der NS-Verfolgung haupts\u00e4chlich in der Zeit nach dem Krieg, bis hinein in die 70er.<\/p>\n<p>Dazu passt der Text eines \u00dcberlebenden und Angestellten der Ged\u00e4nkst\u00e4tte von Peter Praschl, vor 20 Jahren erstver\u00f6ffentlicht:<br \/>\n<a href=\"http:\/\/vague.antville.org\/stories\/2216393\/\" target=\"_blank\">&#8220;Lebensl\u00e4nglich Auschwitz&#8221;.<\/a><\/p>\n<blockquote><p>Erst im Juli 1947 ernannte das Warschauer Parlament Auschwitz &#8211; wie Majdanek und Treblinka &#8211; zur Gedenkst\u00e4tte. Szymanski wurde Leiter der Besucherbetreung, ein Posten, den er bis Ende der 50er Jahre innehatte. Danach \u00fcbernahm er &#8211; bis zu seiner Pensionierung im April 1977 &#8211; die Sammlungen des Lagermuseums.<\/p><\/blockquote>\n","protected":false},"excerpt":{"rendered":"<p>Morgens schneite es. Dennoch zur Turnstunde am Ostbahnhof geradelt &#8211; dass mich die U-Bahn-Fahrt 5,20 Euro hin und zur\u00fcck gekostet h\u00e4tte, war durchaus eine Motivation. Mit Vergn\u00fcgen eine Stunde auf und um einen Step geh\u00fcpft. Zur\u00fcck zuhause Lutz Gei\u00dflers Gro\u00dfes Bauernbrot gebacken. (Freue mich schon auf Lutz&#8217; zweites Brotbackbuch im April.) Aber jetzt was ganz [&hellip;]<\/p>\n","protected":false},"author":2,"featured_media":0,"comment_status":"open","ping_status":"closed","sticky":false,"template":"","format":"standard","meta":{"footnotes":""},"categories":[6,2,1],"tags":[],"class_list":["post-25180","post","type-post","status-publish","format-standard","hentry","category-essen","category-fotos","category-general"],"_links":{"self":[{"href":"https:\/\/www.vorspeisenplatte.de\/speisen\/wp-json\/wp\/v2\/posts\/25180","targetHints":{"allow":["GET"]}}],"collection":[{"href":"https:\/\/www.vorspeisenplatte.de\/speisen\/wp-json\/wp\/v2\/posts"}],"about":[{"href":"https:\/\/www.vorspeisenplatte.de\/speisen\/wp-json\/wp\/v2\/types\/post"}],"author":[{"embeddable":true,"href":"https:\/\/www.vorspeisenplatte.de\/speisen\/wp-json\/wp\/v2\/users\/2"}],"replies":[{"embeddable":true,"href":"https:\/\/www.vorspeisenplatte.de\/speisen\/wp-json\/wp\/v2\/comments?post=25180"}],"version-history":[{"count":5,"href":"https:\/\/www.vorspeisenplatte.de\/speisen\/wp-json\/wp\/v2\/posts\/25180\/revisions"}],"predecessor-version":[{"id":25189,"href":"https:\/\/www.vorspeisenplatte.de\/speisen\/wp-json\/wp\/v2\/posts\/25180\/revisions\/25189"}],"wp:attachment":[{"href":"https:\/\/www.vorspeisenplatte.de\/speisen\/wp-json\/wp\/v2\/media?parent=25180"}],"wp:term":[{"taxonomy":"category","embeddable":true,"href":"https:\/\/www.vorspeisenplatte.de\/speisen\/wp-json\/wp\/v2\/categories?post=25180"},{"taxonomy":"post_tag","embeddable":true,"href":"https:\/\/www.vorspeisenplatte.de\/speisen\/wp-json\/wp\/v2\/tags?post=25180"}],"curies":[{"name":"wp","href":"https:\/\/api.w.org\/{rel}","templated":true}]}}