{"id":25695,"date":"2015-03-10T06:10:55","date_gmt":"2015-03-10T05:10:55","guid":{"rendered":"https:\/\/www.vorspeisenplatte.de\/speisen\/?p=25695"},"modified":"2015-03-10T06:11:02","modified_gmt":"2015-03-10T05:11:02","slug":"journal-montag-9-maerz-2015-sonniges-mittagsradeln","status":"publish","type":"post","link":"https:\/\/www.vorspeisenplatte.de\/speisen\/2015\/03\/journal-montag-9-maerz-2015-sonniges-mittagsradeln.htm","title":{"rendered":"Journal Montag, 9. M\u00e4rz 2015 &#8211; Sonniges Mittagsradeln"},"content":{"rendered":"<p>Dass morgens der Himmel \u00fcber M\u00fcnchen brannte, sah ich erst an der Spiegelung in den Fenstern gegen\u00fcber von meinem Wohnzimmer, dann <a href=\"https:\/\/instagram.com\/p\/z_sAw0AT_x\/\" target=\"_blank\">an Instagram<\/a>.<\/p>\n<p>\u00a7<\/p>\n<p>Ein \u00fcberraschender, aber \u00fcberzeugender Fr\u00fchlingsbeweis: Der Biergarten vorm B\u00fcro hatte \u00fcbers Wochenende m\u00f6bliert und deckte gestern ein.<\/p>\n<p><a href=\"https:\/\/www.vorspeisenplatte.de\/speisen\/archiv\/150309_Il_Castagno_1.jpg\"><img loading=\"lazy\" decoding=\"async\" src=\"https:\/\/www.vorspeisenplatte.de\/speisen\/archiv\/150309_Il_Castagno_1.jpg\" alt=\"150309_Il_Castagno_1\" width=\"508\" height=\"418\" class=\"alignnone size-full wp-image-25698\" \/><\/a><\/p>\n<p><a href=\"https:\/\/www.vorspeisenplatte.de\/speisen\/archiv\/150309_Il_Castagno_2.jpg\"><img loading=\"lazy\" decoding=\"async\" src=\"https:\/\/www.vorspeisenplatte.de\/speisen\/archiv\/150309_Il_Castagno_2.jpg\" alt=\"150309_Il_Castagno_2\" width=\"561\" height=\"418\" class=\"alignnone size-full wp-image-25699\" \/><\/a><\/p>\n<p>\u00a7<\/p>\n<p>Mittags in wunderbarer Fr\u00fchlingssonne und -milde zu den Kammerspielen geradelt: Ich wollte Karten f\u00fcr meinen n\u00e4chsten Abotermin tauschen, weil ich da im Urlaub bin. Doch ich war zu fr\u00fch dran: F\u00fcr diesen Termin kann ich erst ab Samstag tauschen.<\/p>\n<p>Zum Gl\u00fcck fiel mir rechtzeitig ein, dass ich ja zu Gesch\u00e4ftszeiten in der N\u00e4he der Hofbr\u00e4uhausm\u00fchle war (macht um 18 Uhr zu, Einkaufen dadurch umst\u00e4ndlich): Ich holte im M\u00fchlenladen sechs Kilo Mehle.<\/p>\n<p>\u00a7<\/p>\n<p>Wenn man bei der Pharma arbeitet, hat man was zu erz\u00e4hlen. Und wenn man das gelesen hat, bleiben vielleicht ein paar weniger Flausen \u00fcber &#8220;die Pharma&#8221; im Kopf.<br \/>\n<a href=\"http:\/\/bruellen.blogspot.ch\/2015\/03\/nobelpreistragerbesuch.html\" target=\"_blank\">&#8220;Nobelpreistr\u00e4gerbesuch&#8221;<\/a>.<\/p>\n","protected":false},"excerpt":{"rendered":"<p>Dass morgens der Himmel \u00fcber M\u00fcnchen brannte, sah ich erst an der Spiegelung in den Fenstern gegen\u00fcber von meinem Wohnzimmer, dann an Instagram. \u00a7 Ein \u00fcberraschender, aber \u00fcberzeugender Fr\u00fchlingsbeweis: Der Biergarten vorm B\u00fcro hatte \u00fcbers Wochenende m\u00f6bliert und deckte gestern ein. \u00a7 Mittags in wunderbarer Fr\u00fchlingssonne und -milde zu den Kammerspielen geradelt: Ich wollte Karten [&hellip;]<\/p>\n","protected":false},"author":2,"featured_media":0,"comment_status":"open","ping_status":"closed","sticky":false,"template":"","format":"standard","meta":{"footnotes":""},"categories":[2,1],"tags":[],"class_list":["post-25695","post","type-post","status-publish","format-standard","hentry","category-fotos","category-general"],"_links":{"self":[{"href":"https:\/\/www.vorspeisenplatte.de\/speisen\/wp-json\/wp\/v2\/posts\/25695","targetHints":{"allow":["GET"]}}],"collection":[{"href":"https:\/\/www.vorspeisenplatte.de\/speisen\/wp-json\/wp\/v2\/posts"}],"about":[{"href":"https:\/\/www.vorspeisenplatte.de\/speisen\/wp-json\/wp\/v2\/types\/post"}],"author":[{"embeddable":true,"href":"https:\/\/www.vorspeisenplatte.de\/speisen\/wp-json\/wp\/v2\/users\/2"}],"replies":[{"embeddable":true,"href":"https:\/\/www.vorspeisenplatte.de\/speisen\/wp-json\/wp\/v2\/comments?post=25695"}],"version-history":[{"count":8,"href":"https:\/\/www.vorspeisenplatte.de\/speisen\/wp-json\/wp\/v2\/posts\/25695\/revisions"}],"predecessor-version":[{"id":25705,"href":"https:\/\/www.vorspeisenplatte.de\/speisen\/wp-json\/wp\/v2\/posts\/25695\/revisions\/25705"}],"wp:attachment":[{"href":"https:\/\/www.vorspeisenplatte.de\/speisen\/wp-json\/wp\/v2\/media?parent=25695"}],"wp:term":[{"taxonomy":"category","embeddable":true,"href":"https:\/\/www.vorspeisenplatte.de\/speisen\/wp-json\/wp\/v2\/categories?post=25695"},{"taxonomy":"post_tag","embeddable":true,"href":"https:\/\/www.vorspeisenplatte.de\/speisen\/wp-json\/wp\/v2\/tags?post=25695"}],"curies":[{"name":"wp","href":"https:\/\/api.w.org\/{rel}","templated":true}]}}