{"id":25706,"date":"2015-03-11T06:47:04","date_gmt":"2015-03-11T05:47:04","guid":{"rendered":"https:\/\/www.vorspeisenplatte.de\/speisen\/?p=25706"},"modified":"2015-03-11T06:47:04","modified_gmt":"2015-03-11T05:47:04","slug":"journal-dienstag-10-maerz-2015-heimat-aufgemischt","status":"publish","type":"post","link":"https:\/\/www.vorspeisenplatte.de\/speisen\/2015\/03\/journal-dienstag-10-maerz-2015-heimat-aufgemischt.htm","title":{"rendered":"Journal Dienstag, 10. M\u00e4rz 2015 &#8211; Heimat aufgemischt"},"content":{"rendered":"<p>Radeln in den Anfang des Sonnenaufgangs, doch noch ganz sch\u00f6n frostig. Vor allem roch das Drau\u00dfen noch deutlich nach Winter.<\/p>\n<p>Beim morgendlichen Langhanteltraining st\u00f6rte der Muskelkater in den Oberschenkeln (vom Laufen am Sonntag?) nur kurz. Jetzt kommt wieder die Zeit, in der mir die \u00fcbers Quartal selbe Musik danach den ganzen Tag im Kopf dudelt.<\/p>\n<p>Vormittags kam der externe Sys-Admin ins B\u00fcro &#8211; ging mit einer deutlich l\u00e4ngeren Arbeitsliste raus als er hereingekommen war.<\/p>\n<p>Der Wirt des Lokals unterm B\u00fcro hat sofort wieder seine Rolle als Wetterfrosch eingenommen: Wenn er drau\u00dfen deckt, wird der Nachmittag sonnig. Und also geschah es. Ab 11 Uhr war der Biergarten bestens besucht (brrrr).<\/p>\n<p>Abendessen mal wieder beim <a href=\"http:\/\/www.taklamakan-restaurant.de\/\" target=\"_blank\">Uiguren<\/a>, wieder mal ausgezeichnet und umgeben von buntestem Volk und fernen Sprachen.<\/p>\n<p><a href=\"https:\/\/www.vorspeisenplatte.de\/speisen\/archiv\/150310_Taklamakan_1.jpg\"><img loading=\"lazy\" decoding=\"async\" src=\"https:\/\/www.vorspeisenplatte.de\/speisen\/archiv\/150310_Taklamakan_1.jpg\" alt=\"150310_Taklamakan_1\" width=\"375\" height=\"375\" class=\"alignnone size-full wp-image-25709\" srcset=\"https:\/\/www.vorspeisenplatte.de\/speisen\/archiv\/150310_Taklamakan_1.jpg 375w, https:\/\/www.vorspeisenplatte.de\/speisen\/archiv\/150310_Taklamakan_1-150x150.jpg 150w, https:\/\/www.vorspeisenplatte.de\/speisen\/archiv\/150310_Taklamakan_1-144x144.jpg 144w\" sizes=\"auto, (max-width: 375px) 100vw, 375px\" \/><\/a><\/p>\n<p><a href=\"https:\/\/www.vorspeisenplatte.de\/speisen\/archiv\/150310_Taklamakan_2.jpg\"><img loading=\"lazy\" decoding=\"async\" src=\"https:\/\/www.vorspeisenplatte.de\/speisen\/archiv\/150310_Taklamakan_2.jpg\" alt=\"150310_Taklamakan_2\" width=\"398\" height=\"222\" class=\"alignnone size-full wp-image-25710\" \/><\/a><\/p>\n<p><a href=\"https:\/\/www.vorspeisenplatte.de\/speisen\/archiv\/150310_Taklamakan_4.jpg\"><img loading=\"lazy\" decoding=\"async\" src=\"https:\/\/www.vorspeisenplatte.de\/speisen\/archiv\/150310_Taklamakan_4.jpg\" alt=\"150310_Taklamakan_4\" width=\"391\" height=\"401\" class=\"alignnone size-full wp-image-25711\" \/><\/a><\/p>\n<p>Ich wohne schon arg gerne im s\u00fcdlichen Bahnhofsviertel (wie die M\u00fcnchner Verwaltung es wohl zusammenfasst). M\u00f6glicherweise kann das Vertraute mir nur Heimat sein, wenn es regelm\u00e4\u00dfig aufgemischt wird, wenn es mir immer etwas zu entdecken bietet.<\/p>\n<p>\u00a7<\/p>\n<p>Sehr viel Liebe f\u00fcr diesen Herrn: Auch dieses Jahr verbrachte der britische Komiker Richard Herring den Weltfrauentag vor Twitter. Er informierte jeden und jede Quengleridioten, wann es denn bitte auch einen Weltm\u00e4nnertag gebe, dass es l\u00e4ngst einen gibt: 19. November.<br \/>\n<a href=\"http:\/\/www.telegraph.co.uk\/culture\/comedy\/comedy-news\/11458429\/Richard-Herring-tirelessly-spends-International-Womens-Day-fighting-sexism.html\" target=\"_blank\">&#8220;Richard Herring tirelessly spends International Women&#8217;s Day fighting sexism&#8221;.<\/a><\/p>\n","protected":false},"excerpt":{"rendered":"<p>Radeln in den Anfang des Sonnenaufgangs, doch noch ganz sch\u00f6n frostig. Vor allem roch das Drau\u00dfen noch deutlich nach Winter. Beim morgendlichen Langhanteltraining st\u00f6rte der Muskelkater in den Oberschenkeln (vom Laufen am Sonntag?) nur kurz. Jetzt kommt wieder die Zeit, in der mir die \u00fcbers Quartal selbe Musik danach den ganzen Tag im Kopf dudelt. [&hellip;]<\/p>\n","protected":false},"author":2,"featured_media":0,"comment_status":"open","ping_status":"closed","sticky":false,"template":"","format":"standard","meta":{"footnotes":""},"categories":[6,2,1],"tags":[],"class_list":["post-25706","post","type-post","status-publish","format-standard","hentry","category-essen","category-fotos","category-general"],"_links":{"self":[{"href":"https:\/\/www.vorspeisenplatte.de\/speisen\/wp-json\/wp\/v2\/posts\/25706","targetHints":{"allow":["GET"]}}],"collection":[{"href":"https:\/\/www.vorspeisenplatte.de\/speisen\/wp-json\/wp\/v2\/posts"}],"about":[{"href":"https:\/\/www.vorspeisenplatte.de\/speisen\/wp-json\/wp\/v2\/types\/post"}],"author":[{"embeddable":true,"href":"https:\/\/www.vorspeisenplatte.de\/speisen\/wp-json\/wp\/v2\/users\/2"}],"replies":[{"embeddable":true,"href":"https:\/\/www.vorspeisenplatte.de\/speisen\/wp-json\/wp\/v2\/comments?post=25706"}],"version-history":[{"count":7,"href":"https:\/\/www.vorspeisenplatte.de\/speisen\/wp-json\/wp\/v2\/posts\/25706\/revisions"}],"predecessor-version":[{"id":25716,"href":"https:\/\/www.vorspeisenplatte.de\/speisen\/wp-json\/wp\/v2\/posts\/25706\/revisions\/25716"}],"wp:attachment":[{"href":"https:\/\/www.vorspeisenplatte.de\/speisen\/wp-json\/wp\/v2\/media?parent=25706"}],"wp:term":[{"taxonomy":"category","embeddable":true,"href":"https:\/\/www.vorspeisenplatte.de\/speisen\/wp-json\/wp\/v2\/categories?post=25706"},{"taxonomy":"post_tag","embeddable":true,"href":"https:\/\/www.vorspeisenplatte.de\/speisen\/wp-json\/wp\/v2\/tags?post=25706"}],"curies":[{"name":"wp","href":"https:\/\/api.w.org\/{rel}","templated":true}]}}