{"id":25717,"date":"2015-03-13T06:45:06","date_gmt":"2015-03-13T05:45:06","guid":{"rendered":"https:\/\/www.vorspeisenplatte.de\/speisen\/?p=25717"},"modified":"2015-03-13T06:45:06","modified_gmt":"2015-03-13T05:45:06","slug":"journal-mittwochdonnerstag-11-12-maerz-2015-alltagsroutine-plus-kaninchen","status":"publish","type":"post","link":"https:\/\/www.vorspeisenplatte.de\/speisen\/2015\/03\/journal-mittwochdonnerstag-11-12-maerz-2015-alltagsroutine-plus-kaninchen.htm","title":{"rendered":"Journal Mittwoch\/Donnerstag, 11.\/12. M\u00e4rz 2015 &#8211; Alltagsroutine plus Kaninchen"},"content":{"rendered":"<p>Zwei Tage, deren Erz\u00e4hlen mir das Gesicht einschlafen l\u00e4sst.<\/p>\n<p>Mittwochmorgen mit Crosstrainer (dabei vorm Fenster gesehen: Maus, Bauml\u00e4ufer, Eichh\u00f6rnchen), zu Fu\u00df in die Arbeit, Arbeit, nebenbei viel Spa\u00df im Techniktagebuch-Redaktionschat, Wetter morgens nass, tags\u00fcber gemischt, abends Posteleinsalat aus Ernteanteil, Sahnejoghurt angesetzt.<\/p>\n<p>Donnerstagmorgen mit Basteln an Arbeitszukunft zur Sportpause, zwei Kaninchen vor dem Haus beobachtet (Verwunderung \u00fcber den Haustechniker gegen\u00fcber, der von seinem Souterrainb\u00fcro aus die Kaninchen direkt vor der Nase hat, aber nach kurzem entdeckenden Blick woanders hinschaut), zu Fu\u00df in die Arbeit, auf dem Weg dorthin Laugenzopf f\u00fcr die Brotzeit geholt, Arbeit mit nach fast drei Wochen verschieden verursachter Abwesenheit wieder anwesendem Chef, drau\u00dfen kalt und grau, abends diverse R\u00fcben aus Ernteanteil aus dem Ofen.<\/p>\n<p>\u00a7<\/p>\n<p>Es liegt in der Natur der Sache, dass Sie hier nicht lesen, wor\u00fcber ich absichtlich nichts schreibe. Aber auf manches, das hier nicht auftaucht, bin ich ganz sch\u00f6n stolz.<\/p>\n<p>\u00a7<\/p>\n<p>Terry Pratchett ist tot &#8211; auch wenn seine schwere Krankheit lange bekannt war, schmerzt das.<\/p>\n<p>Andrea Diener ruft ihm im FAZnet nach:<br \/>\n<a href=\"http:\/\/www.faz.net\/aktuell\/feuilleton\/zum-tod-von-terry-pratchett-autor-der-scheibenwelt-romane-gestorben-13480051.html\" target=\"_blank\">&#8220;Zum Tod von Terry Pratchett. KOMMEN SIE BITTE MIT, SIR&#8221;.<\/a><\/p>\n<p>Neil Gaiman verweist auf Twitter auf den Artikel, den er vergangenen September \u00fcber Pratchett geschrieben hatte:<br \/>\n<a href=\"http:\/\/www.theguardian.com\/books\/2014\/sep\/24\/terry-pratchett-angry-not-jolly-neil-gaiman\" target=\"_blank\">&#8220;Neil Gaiman: \u2018Terry Pratchett isn\u2019t jolly. He\u2019s angry\u2019&#8221;.<\/a><\/p>\n<p>\u00a7<\/p>\n<p>Pruuust! Klar haben Sie als Impffeindin und Wissenschaftsleugner alle M\u00f6glichkeiten der Meinungsfreiheit. Aber: Don&#8217;t mess with deutsche B\u00fcrokratie.<br \/>\n<a href=\"http:\/\/www.suedkurier.de\/region\/bodenseekreis-oberschwaben\/ravensburg\/Urteil-im-Masernprozess-Impfgegner-muss-Preisgeld-an-Arzt-zahlen;art372490,7696007\" target=\"_blank\">&#8220;Masern-Prozess: Impfgegner muss 100 000 Euro zahlen&#8221;.<\/a><\/p>\n<blockquote><p>Das Verfahren vor dem Ravensburger Landgericht dreht sich um die Frage, ob das Masern-Virus \u00fcberhaupt existiert. Der Biologe Stefan Lanka hatte im Internet demjenigen ein Preisgeld versprochen, der die Existenz des Erregers nachweist. Das Gericht entschied, dass der Beweis gef\u00fchrt worden sei.<\/p><\/blockquote>\n<p>\u00a7<\/p>\n<p>Habe wieder einen vor Stolz roten Kopf: <i>Der Freitag<\/i> schreibt \u00fcber das Techniktagebuchbuch.<br \/>\n<a href=\"https:\/\/www.freitag.de\/autoren\/der-freitag\/avant-la-lettre\" target=\"_blank\">&#8220;Avant la lettre. Wie Kathrin Passigs E-Book &#8216;Techniktagebuch&#8217; die alte B\u00fccherlogik auf den Kopf stellt&#8221;.<\/a><\/p>\n<p>(Jetzt werden Sie darauf hinweisen, dass ich doch selbst zugegeben habe, an der Erstellung des Buchbuches selbst \u00fcberhaupt keinen Anteil gehabt zu haben. Das ist v\u00f6llig richtig. Stolzesr\u00f6te ist eine seltsame Sache.)<\/p>\n<blockquote><p>Wir nicken immer voller Respekt, wenn der Name \u201eKathrin Passig\u201c f\u00e4llt. Wir lesen ihre Texte, wir h\u00f6ren ihre Vortr\u00e4ge und verfolgen ihre Projekte, wenn wir auf klare und kluge Weise \u00fcber den Stand der Dinge in der Netzkultur belehrt werden wollen. Allein an ihrer Performance l\u00e4sst sich lernen, was es hei\u00dft, unter den medialen Bedingungen der Gegenwart intellektuell zu sein.<\/p><\/blockquote>\n<p>Es ist nicht das schlechteste Freizeitvergn\u00fcgen, anhimmelnd zu Kathrin Passigs F\u00fcssen herumzulungern.<\/p>\n<p>\u00a7<\/p>\n<p>Warum man f\u00fcr einen Job in einer Pariser Konditorei Japanisch braucht.<br \/>\n<a href=\"http:\/\/blog.longreads.com\/2015\/02\/26\/kitchen-rhythm-year-in-parisian-patisserie\/\" target=\"_blank\">&#8220;Kitchen Rhythm. A Year in a Parisian P\u00e2tisserie&#8221;.<\/a><\/p>\n<blockquote><p>Sound is so important in baking. White chocolate squares clink like Scrabble tiles. Properly tempered chocolate makes a slight crack when you bite through the shell to a yielding ganache, as all the molecules have been neatly lined up \u2014 a different guilty pleasure altogether from the cottony thunk of a cheap candy bar. There is a perfect word in Japanese for the thin chocolate sheets we use for decoration, <i>pakipaki<\/i>, the sound they make when snapped into shards.<\/p><\/blockquote>\n<p> <img loading=\"lazy\" decoding=\"async\" src=\"https:\/\/ssl-vg03.met.vgwort.de\/na\/085b2f07a9c64d55ac2d6a788beea282\" width=\"1\" height=\"1\" alt=\"\"\/><\/p>\n","protected":false},"excerpt":{"rendered":"<p>Zwei Tage, deren Erz\u00e4hlen mir das Gesicht einschlafen l\u00e4sst. Mittwochmorgen mit Crosstrainer (dabei vorm Fenster gesehen: Maus, Bauml\u00e4ufer, Eichh\u00f6rnchen), zu Fu\u00df in die Arbeit, Arbeit, nebenbei viel Spa\u00df im Techniktagebuch-Redaktionschat, Wetter morgens nass, tags\u00fcber gemischt, abends Posteleinsalat aus Ernteanteil, Sahnejoghurt angesetzt. Donnerstagmorgen mit Basteln an Arbeitszukunft zur Sportpause, zwei Kaninchen vor dem Haus beobachtet (Verwunderung [&hellip;]<\/p>\n","protected":false},"author":2,"featured_media":0,"comment_status":"open","ping_status":"closed","sticky":false,"template":"","format":"standard","meta":{"footnotes":""},"categories":[6,1],"tags":[],"class_list":["post-25717","post","type-post","status-publish","format-standard","hentry","category-essen","category-general"],"_links":{"self":[{"href":"https:\/\/www.vorspeisenplatte.de\/speisen\/wp-json\/wp\/v2\/posts\/25717","targetHints":{"allow":["GET"]}}],"collection":[{"href":"https:\/\/www.vorspeisenplatte.de\/speisen\/wp-json\/wp\/v2\/posts"}],"about":[{"href":"https:\/\/www.vorspeisenplatte.de\/speisen\/wp-json\/wp\/v2\/types\/post"}],"author":[{"embeddable":true,"href":"https:\/\/www.vorspeisenplatte.de\/speisen\/wp-json\/wp\/v2\/users\/2"}],"replies":[{"embeddable":true,"href":"https:\/\/www.vorspeisenplatte.de\/speisen\/wp-json\/wp\/v2\/comments?post=25717"}],"version-history":[{"count":19,"href":"https:\/\/www.vorspeisenplatte.de\/speisen\/wp-json\/wp\/v2\/posts\/25717\/revisions"}],"predecessor-version":[{"id":25738,"href":"https:\/\/www.vorspeisenplatte.de\/speisen\/wp-json\/wp\/v2\/posts\/25717\/revisions\/25738"}],"wp:attachment":[{"href":"https:\/\/www.vorspeisenplatte.de\/speisen\/wp-json\/wp\/v2\/media?parent=25717"}],"wp:term":[{"taxonomy":"category","embeddable":true,"href":"https:\/\/www.vorspeisenplatte.de\/speisen\/wp-json\/wp\/v2\/categories?post=25717"},{"taxonomy":"post_tag","embeddable":true,"href":"https:\/\/www.vorspeisenplatte.de\/speisen\/wp-json\/wp\/v2\/tags?post=25717"}],"curies":[{"name":"wp","href":"https:\/\/api.w.org\/{rel}","templated":true}]}}