{"id":25958,"date":"2015-03-26T07:06:51","date_gmt":"2015-03-26T06:06:51","guid":{"rendered":"https:\/\/www.vorspeisenplatte.de\/speisen\/?p=25958"},"modified":"2025-03-25T15:00:33","modified_gmt":"2025-03-25T14:00:33","slug":"journal-mittwoch-25-maerz-2015-freier-tag-mit-theaterkartenabenteuer","status":"publish","type":"post","link":"https:\/\/www.vorspeisenplatte.de\/speisen\/2015\/03\/journal-mittwoch-25-maerz-2015-freier-tag-mit-theaterkartenabenteuer.htm","title":{"rendered":"Journal Mittwoch, 25. M\u00e4rz 2015 &#8211; freier Tag mit Theaterkartenabenteuer"},"content":{"rendered":"<p>Ich hatte FREI!<\/p>\n<p>Nicht so lang geschlafen wie geplant, aber mit deutlich verbesserten Kreuzschmerzen aufgewacht. Meinen Laufpl\u00e4nen stand also nichts im Weg.<\/p>\n<p>Nur dass ich mich in den Au\u00dfentemperaturen vertan hatte: Es war \u00fcber Nacht w\u00e4rmer geworden. Als ich per Radl an der Wittelbacherbr\u00fccke angelangt war, stopfte ich erst mal Stirnband und Handschuhe in die Jackentaschen, zog dann die Jacke aus und band sie mir um die Taille. Angenehmes Laufen in der Sonne zur Gro\u00dfhesseloher Br\u00fccke und zur\u00fcck, kleine Schleife f\u00fcr einen sehns\u00fcchtigen Blick ins Einzelbad.<\/p>\n<p><a href=\"https:\/\/www.vorspeisenplatte.de\/speisen\/archiv\/150325_Isarlauf_1.jpg\"><img loading=\"lazy\" decoding=\"async\" src=\"https:\/\/www.vorspeisenplatte.de\/speisen\/archiv\/150325_Isarlauf_1.jpg\" alt=\"150325_Isarlauf_1\" width=\"572\" height=\"366\" class=\"alignnone size-full \" \/><\/a><\/p>\n<p>Es gibt Hinweise, dass die Schneeschmelze in den Alpen noch nicht begonnen hat:<\/p>\n<p><a href=\"https:\/\/www.vorspeisenplatte.de\/speisen\/archiv\/150325_Isarlauf_5.jpg\"><img loading=\"lazy\" decoding=\"async\" src=\"https:\/\/www.vorspeisenplatte.de\/speisen\/archiv\/150325_Isarlauf_5.jpg\" alt=\"150325_Isarlauf_5\" width=\"581\" height=\"424\" class=\"alignnone size-full \" \/><\/a><\/p>\n<p>Blesshuhn br\u00fctet unter H\u00fctte.<\/p>\n<p><a href=\"https:\/\/www.vorspeisenplatte.de\/speisen\/archiv\/150325_Isarlauf_9.jpg\"><img loading=\"lazy\" decoding=\"async\" src=\"https:\/\/www.vorspeisenplatte.de\/speisen\/archiv\/150325_Isarlauf_9.jpg\" alt=\"150325_Isarlauf_9\" width=\"350\" height=\"490\" class=\"alignnone size-full wp-image-25974\" \/><\/a><\/p>\n<p>Streifeng\u00e4nse im Einzelbad.<\/p>\n<p><a href=\"https:\/\/www.vorspeisenplatte.de\/speisen\/archiv\/150325_Isarlauf_12.jpg\"><img loading=\"lazy\" decoding=\"async\" src=\"https:\/\/www.vorspeisenplatte.de\/speisen\/archiv\/150325_Isarlauf_12.jpg\" alt=\"150325_Isarlauf_12\" width=\"459\" height=\"313\" class=\"alignnone size-full wp-image-25975\" \/><\/a><\/p>\n<p><a href=\"https:\/\/www.vorspeisenplatte.de\/speisen\/archiv\/150325_Isarlauf_18.jpg\"><img loading=\"lazy\" decoding=\"async\" src=\"https:\/\/www.vorspeisenplatte.de\/speisen\/archiv\/150325_Isarlauf_18.jpg\" alt=\"150325_Isarlauf_18\" width=\"547\" height=\"372\" class=\"alignnone size-full \" \/><\/a><\/p>\n<p>\u00a7<\/p>\n<p>Den freien Tag nutzte ich zudem f\u00fcr einen mitt\u00e4glichen Termin bei meiner wunderbaren Fu\u00dfpflegerin.<\/p>\n<p>Fr\u00fchst\u00fcck im Baader Caf\u00e9, dazu Zeitung. Vorsichtig \u00fcber den gestrigen Flugzeugabsturz gelesen &#8211; am Vorabend hatte ich alle Sondersendungen gemieden: Neben den rohen Fakten, die ich bereits kannte, konnten Sie zu diesem Zeitpunkt unm\u00f6glich neue Informationen liefern, also waren Spekulationen oder gar Bel\u00e4stigung der Hinterbliebenen zu bef\u00fcrchten. Beides ertrage ich nicht.<\/p>\n<p>Falk Steiner beschreibt n\u00fcchtern und chronologisch die Berichterstattung vom Dienstag.<br \/>\n<a href=\"http:\/\/falk-steiner.de\/2015\/03\/berichten-was-zu-berichten-ist\/\" target=\"_blank\">&#8220;Berichten, was zu berichten ist?&#8221;<\/a><\/p>\n<p>Die <i>S\u00fcddeutsche<\/i> vom Mittwoch f\u00fcllte die rohen Daten mit ein wenig Infos \u00fcber Krisenmanagement am D\u00fcsseldorfer Flughafen auf sowie den genauen Ort des Absturzes (ertr\u00e4glich) und mit einer Seite \u00fcber die wirtschaftliche Situation und j\u00fcngere Geschichte der Lufthansa (grenzwertig).<\/p>\n<p>\u00a7<\/p>\n<p>Auf dem Viktualienmarkt beim Metzger Eisenreich Schweinenieren <a href=\"https:\/\/www.vorspeisenplatte.de\/rezepte\/riones-al-ajillobrnierchen-mit-knoblauch.htm\" target=\"_blank\">f\u00fcrs Abendessen<\/a> besorgt. Mich \u00fcber die Auslage des Metzgers gefreut.<\/p>\n<p><a href=\"https:\/\/www.vorspeisenplatte.de\/speisen\/archiv\/150325_Schweinek\u00f6pfe.jpg\"><img loading=\"lazy\" decoding=\"async\" src=\"https:\/\/www.vorspeisenplatte.de\/speisen\/archiv\/150325_Schweinek\u00f6pfe.jpg\" alt=\"150325_Schweinek\u00f6pfe\" width=\"318\" height=\"362\" class=\"alignnone size-full wp-image-25980\" \/><\/a><\/p>\n<p>Zur Kasse der M\u00fcnchner Staatstheater geradelt (da ich vormittags telefonisch nicht durchgekommen war), erst nach einmal um den Block gefunden. Denn: Ich hatte Karten f\u00fcr <a href=\"http:\/\/www.residenztheater.de\/inszenierung\/faust\" target=\"_blank\">die aktuelle <i>Faust<\/i>-Inszenierung<\/a> im Residenztheater ergattert (sehr gefragt) &#8211; doch am Dienstag eine Nachricht bekommen, dass die Auf\u00fchrung wegen Streiks gegen Tschechow ersetzt werde. (?) Ich wollte aber nicht das Residenztheater von innen mit irgendeinem St\u00fcck sehen, sondern <i>Faust<\/i>. Also tauschte ich die Karten gegen welche f\u00fcr April, auf schlechteren Pl\u00e4tzen, da bereits fast ausverkauft. Sie ist wirklich eine ziemlich hermetische, diese Theaterwelt. Aber m\u00f6glicherweise aus anderen Gr\u00fcnden, als es ihr manchmal selbst mit Schreck bewusst wird.<\/p>\n<p>\u00dcber den Nachmittag hatte sich der Himmel verd\u00fcstert, als ich um halb sechs unseren Kartoffelkombinat-Ernteanteil am Verteilerpunkt in der M\u00fcllerstra\u00dfe abholte, war es novemberd\u00fcster.<\/p>\n<p>W\u00e4sche gewaschen und aufgeh\u00e4ngt (erst wenn ich aus Krankheit mal eine Woche keinen Sport treibe, merke ich, wie viel weniger W\u00e4sche ich dadurch erzeuge &#8211; derzeit mit normaler Sportfrequenz sind es sicher 30% zus\u00e4tzlich), den sehr vernachl\u00e4ssigten Sauerteigansatz aufgefrischt, um am Wochenende Brot zu backen. <img loading=\"lazy\" decoding=\"async\" src=\"https:\/\/ssl-vg03.met.vgwort.de\/na\/e47563ca2ac54be7af0f635fc28e9a4e\" width=\"1\" height=\"1\" alt=\"\"\/><\/p>\n","protected":false},"excerpt":{"rendered":"<p>Ich hatte FREI! Nicht so lang geschlafen wie geplant, aber mit deutlich verbesserten Kreuzschmerzen aufgewacht. Meinen Laufpl\u00e4nen stand also nichts im Weg. Nur dass ich mich in den Au\u00dfentemperaturen vertan hatte: Es war \u00fcber Nacht w\u00e4rmer geworden. Als ich per Radl an der Wittelbacherbr\u00fccke angelangt war, stopfte ich erst mal Stirnband und Handschuhe in die [&hellip;]<\/p>\n","protected":false},"author":2,"featured_media":0,"comment_status":"open","ping_status":"closed","sticky":false,"template":"","format":"standard","meta":{"footnotes":""},"categories":[6,2,1],"tags":[],"class_list":["post-25958","post","type-post","status-publish","format-standard","hentry","category-essen","category-fotos","category-general"],"_links":{"self":[{"href":"https:\/\/www.vorspeisenplatte.de\/speisen\/wp-json\/wp\/v2\/posts\/25958","targetHints":{"allow":["GET"]}}],"collection":[{"href":"https:\/\/www.vorspeisenplatte.de\/speisen\/wp-json\/wp\/v2\/posts"}],"about":[{"href":"https:\/\/www.vorspeisenplatte.de\/speisen\/wp-json\/wp\/v2\/types\/post"}],"author":[{"embeddable":true,"href":"https:\/\/www.vorspeisenplatte.de\/speisen\/wp-json\/wp\/v2\/users\/2"}],"replies":[{"embeddable":true,"href":"https:\/\/www.vorspeisenplatte.de\/speisen\/wp-json\/wp\/v2\/comments?post=25958"}],"version-history":[{"count":3,"href":"https:\/\/www.vorspeisenplatte.de\/speisen\/wp-json\/wp\/v2\/posts\/25958\/revisions"}],"predecessor-version":[{"id":107059,"href":"https:\/\/www.vorspeisenplatte.de\/speisen\/wp-json\/wp\/v2\/posts\/25958\/revisions\/107059"}],"wp:attachment":[{"href":"https:\/\/www.vorspeisenplatte.de\/speisen\/wp-json\/wp\/v2\/media?parent=25958"}],"wp:term":[{"taxonomy":"category","embeddable":true,"href":"https:\/\/www.vorspeisenplatte.de\/speisen\/wp-json\/wp\/v2\/categories?post=25958"},{"taxonomy":"post_tag","embeddable":true,"href":"https:\/\/www.vorspeisenplatte.de\/speisen\/wp-json\/wp\/v2\/tags?post=25958"}],"curies":[{"name":"wp","href":"https:\/\/api.w.org\/{rel}","templated":true}]}}