{"id":26067,"date":"2015-04-01T07:50:24","date_gmt":"2015-04-01T05:50:24","guid":{"rendered":"https:\/\/www.vorspeisenplatte.de\/speisen\/?p=26067"},"modified":"2015-04-01T07:50:24","modified_gmt":"2015-04-01T05:50:24","slug":"journal-dienstag-31-maerz-2015-heftige-stuerme","status":"publish","type":"post","link":"https:\/\/www.vorspeisenplatte.de\/speisen\/2015\/04\/journal-dienstag-31-maerz-2015-heftige-stuerme.htm","title":{"rendered":"Journal Dienstag, 31. M\u00e4rz 2015 &#8211; Heftige St\u00fcrme"},"content":{"rendered":"<p>Ganz sch\u00f6n st\u00fcrmisch der Tag. Beim Radeln zum Langhanteltraining und von dort ins B\u00fcro war zwischen R\u00fccken- und Gegenwind nicht zu unterscheiden &#8211; der kam st\u00e4ndig aus einer anderen Richtung. Im Lauf des Tages regnete es dazu, die riesigen Kastanien vorm B\u00fcro, die bereits Bl\u00e4tterh\u00e4ndchen geben, schwankten besorgniserregend. Die Unterhaltungen unter Kolleginnen drehten sich um M\u00f6glichkeiten des Heimwegs (Bahn- und S-Bahnverkehr stark behindert, am sp\u00e4ten Nachmittag machte der M\u00fcnchner Bahnhof ganz dicht).<\/p>\n<p>Abends servierte Herr Kaltmamsell auf meinen Wunsch Grie So\u00df &#8211; auf Twitter mussten wir uns ob der Verwendung von Dill r\u00fcgen lassen. Ja mei, am Viktualienmarkt werden halt Grie-So\u00df-B\u00fcndel angeboten. Das Gericht &#8211; Rezept aus Sebastian Dickhauts <i>Basic Cooking<\/i> &#8211; schmeckte auf jeden Fall ganz hervorragend. (Und so lange ich ich Foodblog-auf und -ab angebliche &#8220;Paellas&#8221; sehe, in denen das Wasser oder die Br\u00fche steht, nenne ich das gestrige Gericht auch Grie So\u00df.)<\/p>\n<p><a href=\"https:\/\/www.vorspeisenplatte.de\/speisen\/archiv\/150331_GrieSoss.jpg\"><img loading=\"lazy\" decoding=\"async\" src=\"https:\/\/www.vorspeisenplatte.de\/speisen\/archiv\/150331_GrieSoss.jpg\" alt=\"150331_GrieSoss\" width=\"433\" height=\"363\" class=\"alignnone size-full wp-image-26121\" \/><\/a><\/p>\n<p>\u00a7<\/p>\n<p><a href=\"https:\/\/editionf.com\/zehn-feministinnen-alice-schwarzer\" target=\"_blank\">&#8220;Zehn Feministinnen, die mehr zu sagen haben als Alice Schwarzer&#8221;.<\/a><\/p>\n<p>10 Feministinnen, die Medien oder Konferenzen zum Feminismus fragen k\u00f6nnten &#8211; wieder ein Versuch, mehr Sprecherinnen f\u00fcr verschiedene Perspektiven des Feminismus sichtbar zu machen.<br \/>\nNur dass der allerallergr\u00f6\u00dfte Teil Journalisten und Journalistinnen vermutlich gar nicht erst sucht, weil bereits bei &#8220;Feminis-&#8221; einer &#8220;Alice Schwarzer!&#8221; pl\u00e4rrt. Und damit feststeht, von wem die Stellungnahme kommen wird.<br \/>\nDabei sind Anne Wizorek und Antje Schrupp noch nicht mal unter den aufgez\u00e4hlten zehn!<\/p>\n<p>\u00a7<\/p>\n<p>Gestern in meinem Eck des Internets viel verlinkt und tats\u00e4chlich sehr lesenswert: Christoph Kappes&#8217; Analyse, was da eigentlich nach schrecklichen Ungl\u00fccken wie dem Flugzeugabsturz bei den Nachrichtenwahrnehmern passiert, was das Mediensystem damit macht und welche Rolle das Internet dabei spielt. Inklusive optimistischem (!) Ausblick und Vorschl\u00e4gen.<br \/>\n<a href=\"http:\/\/christophkappes.de\/4u9525-und-medien-ein-einwurf-aus-dem-internet\/\" target=\"_blank\">&#8220;4U9525 und Medien \u2013 ein Einwurf aus de Internet&#8221;.<\/a><\/p>\n<p>\u00a7<\/p>\n<p>Ein paar M\u00e4nner erkl\u00e4ren (auf Englisch) Menstruation. Wobei viele der Fragen auch von Frauen nicht unbedingt korrekt beantwortet w\u00fcrden.<\/p>\n<div class=\"video-wrapped\" style=\"width: 500px; height: 281px; background-image: url('https:\/\/www.vorspeisenplatte.de\/speisen\/wp-content\/plugins\/video-embed-privacy\/preview\/9O2tfRpCpkI.jpg')\" data-embed-frame=\"&lt;iframe title=&quot;Men Explain Periods&quot; width=&quot;500&quot; height=&quot;281&quot; src=&quot;https:\/\/www.youtube.com\/embed\/9O2tfRpCpkI?feature=oembed&quot; frameborder=&quot;0&quot; allow=&quot;accelerometer; autoplay; clipboard-write; encrypted-media; gyroscope; picture-in-picture; web-share&quot; referrerpolicy=&quot;strict-origin-when-cross-origin&quot; allowfullscreen&gt;&lt;\/iframe&gt;\" data-embed-play=\"Abspielen&lt;div class=&quot;small&quot;&gt;Das Video wird von Youtube eingebettet abespielt. Es gilt die &lt;a href=&quot;https:\/\/www.google.com\/intl\/de\/policies\/privacy\/&quot; target=&quot;_blank&quot;&gt;Datenschutzerkl\u00e4rung von Google&lt;\/a&gt;&lt;\/div&gt;\">\n<div class=\"video-wrapped-nojs\">Aktivieren Sie JavaScript um das Video zu sehen.<br \/><a href=\"https:\/\/youtu.be\/9O2tfRpCpkI\">https:\/\/youtu.be\/9O2tfRpCpkI<\/a><\/div>\n<\/div>\n<p>Was ich ja bis heute nicht verwunden habe: Die Bekanntschaft mit dem britischen Tamponsystem. Erz\u00e4hle ich mal wannanders. <img loading=\"lazy\" decoding=\"async\" src=\"https:\/\/ssl-vg03.met.vgwort.de\/na\/00ac9b55842647daa0f2b6cb6346e876\" width=\"1\" height=\"1\" alt=\"\"\/><\/p>\n","protected":false},"excerpt":{"rendered":"<p>Ganz sch\u00f6n st\u00fcrmisch der Tag. Beim Radeln zum Langhanteltraining und von dort ins B\u00fcro war zwischen R\u00fccken- und Gegenwind nicht zu unterscheiden &#8211; der kam st\u00e4ndig aus einer anderen Richtung. Im Lauf des Tages regnete es dazu, die riesigen Kastanien vorm B\u00fcro, die bereits Bl\u00e4tterh\u00e4ndchen geben, schwankten besorgniserregend. Die Unterhaltungen unter Kolleginnen drehten sich um [&hellip;]<\/p>\n","protected":false},"author":2,"featured_media":0,"comment_status":"open","ping_status":"closed","sticky":false,"template":"","format":"standard","meta":{"footnotes":""},"categories":[6,2,1],"tags":[],"class_list":["post-26067","post","type-post","status-publish","format-standard","hentry","category-essen","category-fotos","category-general"],"_links":{"self":[{"href":"https:\/\/www.vorspeisenplatte.de\/speisen\/wp-json\/wp\/v2\/posts\/26067","targetHints":{"allow":["GET"]}}],"collection":[{"href":"https:\/\/www.vorspeisenplatte.de\/speisen\/wp-json\/wp\/v2\/posts"}],"about":[{"href":"https:\/\/www.vorspeisenplatte.de\/speisen\/wp-json\/wp\/v2\/types\/post"}],"author":[{"embeddable":true,"href":"https:\/\/www.vorspeisenplatte.de\/speisen\/wp-json\/wp\/v2\/users\/2"}],"replies":[{"embeddable":true,"href":"https:\/\/www.vorspeisenplatte.de\/speisen\/wp-json\/wp\/v2\/comments?post=26067"}],"version-history":[{"count":13,"href":"https:\/\/www.vorspeisenplatte.de\/speisen\/wp-json\/wp\/v2\/posts\/26067\/revisions"}],"predecessor-version":[{"id":26128,"href":"https:\/\/www.vorspeisenplatte.de\/speisen\/wp-json\/wp\/v2\/posts\/26067\/revisions\/26128"}],"wp:attachment":[{"href":"https:\/\/www.vorspeisenplatte.de\/speisen\/wp-json\/wp\/v2\/media?parent=26067"}],"wp:term":[{"taxonomy":"category","embeddable":true,"href":"https:\/\/www.vorspeisenplatte.de\/speisen\/wp-json\/wp\/v2\/categories?post=26067"},{"taxonomy":"post_tag","embeddable":true,"href":"https:\/\/www.vorspeisenplatte.de\/speisen\/wp-json\/wp\/v2\/tags?post=26067"}],"curies":[{"name":"wp","href":"https:\/\/api.w.org\/{rel}","templated":true}]}}