{"id":262,"date":"2004-02-21T18:53:43","date_gmt":"2004-02-21T17:53:43","guid":{"rendered":"https:\/\/www.vorspeisenplatte.de\/speisen\/2004\/02\/gelber-himmel-ueber-muenchen.htm"},"modified":"-0001-11-30T00:00:00","modified_gmt":"-0001-11-29T22:00:00","slug":"gelber-himmel-ueber-muenchen","status":"publish","type":"post","link":"https:\/\/www.vorspeisenplatte.de\/speisen\/2004\/02\/gelber-himmel-ueber-muenchen.htm","title":{"rendered":"Gelber Himmel \u00fcber M\u00fcnchen"},"content":{"rendered":"<p>Erst als ich bei <a href=\"http:\/\/irene.antville.org\/stories\/699563\/\" target=_new>Irene<\/a> davon las, glaubte ich meiner Wahrnehmung: Heute war der Himmel \u00fcber M\u00fcnchen gelb. Das w\u00e4re ja noch gegangen, doch das Licht, das dadurch entstand, war einfach gruslig. Wie durch eine Brille mit gelben Gl\u00e4sern. Als h\u00e4tte man eine Farbglaskuppel \u00fcber M\u00fcnchen gest\u00fclpt. Wie in <a href=\"http:\/\/www.imdb.com\/title\/tt0085404\/\" target=_new><i>The Day After<\/i><\/a>.<br \/>\nDieses seltsame Licht infizierte auch alle Innenr\u00e4ume. Ich bilde mir ein, selbst meine Pflanzen sahen aus, als hielten sie den Atem an.<\/p>\n<p>Mittlerweile ist das Ph\u00e4nomen gekl\u00e4rt: Sahara-Sand. Bilder und Infos gibts zum Beispiel bei der <a href=\"http:\/\/www.netzeitung.de\/deutschland\/274404.html\" target=_new>Netzeitung<\/a> und beim <a href=\"http:\/\/www.intrinet.de\/news\/wetter\/wetternews\/79,360293.html?fCMS=a12760e0e103748294239e275e1278ec\" target=_new>Trierischen Volksfreund<\/a>.<\/p>\n","protected":false},"excerpt":{"rendered":"<p>Erst als ich bei Irene davon las, glaubte ich meiner Wahrnehmung: Heute war der Himmel \u00fcber M\u00fcnchen gelb. Das w\u00e4re ja noch gegangen, doch das Licht, das dadurch entstand, war einfach gruslig. Wie durch eine Brille mit gelben Gl\u00e4sern. Als h\u00e4tte man eine Farbglaskuppel \u00fcber M\u00fcnchen gest\u00fclpt. Wie in The Day After. Dieses seltsame Licht [&hellip;]<\/p>\n","protected":false},"author":2,"featured_media":0,"comment_status":"open","ping_status":"open","sticky":false,"template":"","format":"standard","meta":{"footnotes":""},"categories":[1],"tags":[],"class_list":["post-262","post","type-post","status-publish","format-standard","hentry","category-general"],"_links":{"self":[{"href":"https:\/\/www.vorspeisenplatte.de\/speisen\/wp-json\/wp\/v2\/posts\/262","targetHints":{"allow":["GET"]}}],"collection":[{"href":"https:\/\/www.vorspeisenplatte.de\/speisen\/wp-json\/wp\/v2\/posts"}],"about":[{"href":"https:\/\/www.vorspeisenplatte.de\/speisen\/wp-json\/wp\/v2\/types\/post"}],"author":[{"embeddable":true,"href":"https:\/\/www.vorspeisenplatte.de\/speisen\/wp-json\/wp\/v2\/users\/2"}],"replies":[{"embeddable":true,"href":"https:\/\/www.vorspeisenplatte.de\/speisen\/wp-json\/wp\/v2\/comments?post=262"}],"version-history":[{"count":0,"href":"https:\/\/www.vorspeisenplatte.de\/speisen\/wp-json\/wp\/v2\/posts\/262\/revisions"}],"wp:attachment":[{"href":"https:\/\/www.vorspeisenplatte.de\/speisen\/wp-json\/wp\/v2\/media?parent=262"}],"wp:term":[{"taxonomy":"category","embeddable":true,"href":"https:\/\/www.vorspeisenplatte.de\/speisen\/wp-json\/wp\/v2\/categories?post=262"},{"taxonomy":"post_tag","embeddable":true,"href":"https:\/\/www.vorspeisenplatte.de\/speisen\/wp-json\/wp\/v2\/tags?post=262"}],"curies":[{"name":"wp","href":"https:\/\/api.w.org\/{rel}","templated":true}]}}