{"id":26376,"date":"2015-04-16T07:31:49","date_gmt":"2015-04-16T05:31:49","guid":{"rendered":"https:\/\/www.vorspeisenplatte.de\/speisen\/?p=26376"},"modified":"2025-04-24T16:57:54","modified_gmt":"2025-04-24T14:57:54","slug":"journal-mittwoch-15-april-2015-mangolien-und-kirschbluete","status":"publish","type":"post","link":"https:\/\/www.vorspeisenplatte.de\/speisen\/2015\/04\/journal-mittwoch-15-april-2015-mangolien-und-kirschbluete.htm","title":{"rendered":"Journal Mittwoch, 15. April 2015 &#8211; Mangolien- und Kirschbl\u00fcte"},"content":{"rendered":"<p>Morgens auf dem Crosstrainer eine Amsel beim Sammeln von Nestbaumaterial beobachtet &#8211; diese Wiese ist derzeit blau vor Veilchen. Nebenan in der Kastanie die konflikttr\u00e4chtige Situation, dass unten ein Eichh\u00f6rnchen einen Kobel gebaut hat, einige Meter dar\u00fcber Kr\u00e4hen ein Nest. Wo Eichh\u00f6rnchen doch gerne Nester ausr\u00e4ubern und Kr\u00e4hen auch mal Appetit auf Eichh\u00f6rnchenjunge haben. Erste Gerangel wurden bereits gesichtet.<\/p>\n<p>\u00a7<\/p>\n<p>Auf dem Weg in die Arbeit festgestellt: Referenzmagnolie und Referenzkirschbaum bl\u00fchen, an denen ich j\u00e4hrlich den Fr\u00fchlingsstart festmache.<\/p>\n<p><a href=\"https:\/\/www.vorspeisenplatte.de\/speisen\/archiv\/150415_Magnolie_2.jpg\"><img loading=\"lazy\" decoding=\"async\" src=\"https:\/\/www.vorspeisenplatte.de\/speisen\/archiv\/150415_Magnolie_2.jpg\" alt=\"150415_Magnolie_2\" width=\"390\" height=\"508\" class=\"alignnone size-full wp-image-26383\" \/><\/a><\/p>\n<p><a href=\"https:\/\/www.vorspeisenplatte.de\/speisen\/archiv\/150415_Kirschbluete.jpg\"><img loading=\"lazy\" decoding=\"async\" src=\"https:\/\/www.vorspeisenplatte.de\/speisen\/archiv\/150415_Kirschbluete.jpg\" alt=\"150415_Kirschbluete\" width=\"529\" height=\"399\" class=\"alignnone size-full \" \/><\/a><\/p>\n<p>Mittagspause in der Sonne auf einer Spielplatzbank, abends in wunderbarster Fr\u00fchlingsluft heimspaziert.<\/p>\n<p>\u00a7<\/p>\n<p>Wer h\u00e4tte gedacht, dass man mich mit einem Fu\u00dfballthema ernsthaft am\u00fcsieren kann? Von der Dortmunder Pressekonferenz berichtete f\u00fcr den <i>Telegraph<\/i> live ein Journalist, der kein Deutsch kann (unten mit Lesen anfangen):<br \/>\n<a href=\"http:\/\/www.telegraph.co.uk\/sport\/football\/teams\/arsenal\/11537367\/Jurgen-Klopp-quits-Borussia-Dortmund-live.html\" target=\"_blank\">&#8220;Jurgen Klopp to quit Borussia Dortmund on July 1 &#8211; as it happened.&#8221;<\/a><\/p>\n<p>\u00a7<\/p>\n<p>Warum mir unwohl ist beim allgemeinen <i>pearl clutching<\/i> wegen der <a href=\"http:\/\/www.sueddeutsche.de\/panorama\/durch-kuenstliche-befruchtung-jaehrige-berlinerin-mit-vierlingen-schwanger-1.2432248\" target=\"_blank\">65-j\u00e4hrigen Schwangeren<\/a> (abgesehen von der vergeblichen Suche nach Artikeln \u00fcber die Verwerflichkeit von Vaterschaft in diesem Alter), hat ein Kommentar in der <i>S\u00fcddeutschen<\/i> erkl\u00e4rt (Autorin und Text leider nicht im Web recherchierbar). Ich paraphrasiere:<br \/>\nAnscheinend werden Grenzen in der Entscheidungsfreiheit bei Fortpflanzung angenommen. Doch wo liegen die? Anscheinend bei einem bestimmten Alter. Auch bei Behinderung? Soll eine schwer Depressive sich f\u00fcr Kinderkriegen entscheiden d\u00fcrfen? Ein Mann mit erblichem Gendefekt? Ein Paar unter einer bestimmten Einkommensgrenze? Wenn die Antwort jeweils Ja lautet, sollte das doch eigentlich auch f\u00fcr eine 65-j\u00e4hrige gelten.<br \/>\n(Vorausgeschickt sei, dass freiwillige Fortpflanzung immer eine egoistische Entscheidung ist: Jemand will ein Kind haben. Das Kind kann ja nicht gefragt werden, ob es mit Leben oder diesen Eltern und Lebensumst\u00e4nden einverstanden ist.) <img loading=\"lazy\" decoding=\"async\" src=\"https:\/\/ssl-vg03.met.vgwort.de\/na\/22403cd52a2443abaea13cf93e9af18f\" width=\"1\" height=\"1\" alt=\"\"\/><\/p>\n","protected":false},"excerpt":{"rendered":"<p>Morgens auf dem Crosstrainer eine Amsel beim Sammeln von Nestbaumaterial beobachtet &#8211; diese Wiese ist derzeit blau vor Veilchen. Nebenan in der Kastanie die konflikttr\u00e4chtige Situation, dass unten ein Eichh\u00f6rnchen einen Kobel gebaut hat, einige Meter dar\u00fcber Kr\u00e4hen ein Nest. Wo Eichh\u00f6rnchen doch gerne Nester ausr\u00e4ubern und Kr\u00e4hen auch mal Appetit auf Eichh\u00f6rnchenjunge haben. Erste [&hellip;]<\/p>\n","protected":false},"author":2,"featured_media":0,"comment_status":"open","ping_status":"closed","sticky":false,"template":"","format":"standard","meta":{"footnotes":""},"categories":[2,1],"tags":[],"class_list":["post-26376","post","type-post","status-publish","format-standard","hentry","category-fotos","category-general"],"_links":{"self":[{"href":"https:\/\/www.vorspeisenplatte.de\/speisen\/wp-json\/wp\/v2\/posts\/26376","targetHints":{"allow":["GET"]}}],"collection":[{"href":"https:\/\/www.vorspeisenplatte.de\/speisen\/wp-json\/wp\/v2\/posts"}],"about":[{"href":"https:\/\/www.vorspeisenplatte.de\/speisen\/wp-json\/wp\/v2\/types\/post"}],"author":[{"embeddable":true,"href":"https:\/\/www.vorspeisenplatte.de\/speisen\/wp-json\/wp\/v2\/users\/2"}],"replies":[{"embeddable":true,"href":"https:\/\/www.vorspeisenplatte.de\/speisen\/wp-json\/wp\/v2\/comments?post=26376"}],"version-history":[{"count":3,"href":"https:\/\/www.vorspeisenplatte.de\/speisen\/wp-json\/wp\/v2\/posts\/26376\/revisions"}],"predecessor-version":[{"id":107952,"href":"https:\/\/www.vorspeisenplatte.de\/speisen\/wp-json\/wp\/v2\/posts\/26376\/revisions\/107952"}],"wp:attachment":[{"href":"https:\/\/www.vorspeisenplatte.de\/speisen\/wp-json\/wp\/v2\/media?parent=26376"}],"wp:term":[{"taxonomy":"category","embeddable":true,"href":"https:\/\/www.vorspeisenplatte.de\/speisen\/wp-json\/wp\/v2\/categories?post=26376"},{"taxonomy":"post_tag","embeddable":true,"href":"https:\/\/www.vorspeisenplatte.de\/speisen\/wp-json\/wp\/v2\/tags?post=26376"}],"curies":[{"name":"wp","href":"https:\/\/api.w.org\/{rel}","templated":true}]}}