{"id":26789,"date":"2015-05-12T09:27:32","date_gmt":"2015-05-12T07:27:32","guid":{"rendered":"https:\/\/www.vorspeisenplatte.de\/speisen\/?p=26789"},"modified":"2015-05-12T09:27:32","modified_gmt":"2015-05-12T07:27:32","slug":"journal-montag-11-mai-2015-erster-arbeitstag-nach-urlaub","status":"publish","type":"post","link":"https:\/\/www.vorspeisenplatte.de\/speisen\/2015\/05\/journal-montag-11-mai-2015-erster-arbeitstag-nach-urlaub.htm","title":{"rendered":"Journal Montag, 11. Mai 2015 &#8211; erster Arbeitstag nach Urlaub"},"content":{"rendered":"<p>Morgens schon wieder keine Zeitung (war vergangene Woche bereits an mehreren Tagen so), ich begann mir Sorgen um den Zeitungsaustr\u00e4ger zu machen (und reklamierte bei der SZ, die Zeitung ist so teuer, dass ich nicht gelieferte gutgeschrieben haben m\u00f6chte).<\/p>\n<p>Nach langer Pause wieder Crosstrainerstrampeln.<\/p>\n<p>Wundersch\u00f6ner Fr\u00fchlingstag, ich arbeitete den ganzen Tag heftig &#8211; war schlie\u00dflich erster Tag nach Urlaub -, aber bei offenem Fenster. Eine entscheidende E-Mail abgeschickt, Brief auf den Tisch des Chefs gelegt.<\/p>\n<p>Abends zum Nachtisch Eisbecher bei der freundlichen Nachbarschaftseisdiele in der Landwehrstra\u00dfe geholt &#8211; nicht das allerbeste Eis, einfach klassisch italienisch, aber von herzlichen und freundlichen Menschen, die das schon sehr lange machen; auch das m\u00f6chten wir ja unterst\u00fctzen.<\/p>\n<p>Im Bett Wolfgang Herrndorfs <i>In Pl\u00fcschgewittern<\/i> ausgelesen. Hm. Die Ich-Figur wird sehr erlebbar, aber ist halt ein unangenehmer Kotzbrocken. Ich bin gerne bereit, alle sprachlichen Manierismen und Meinungsarroganz des Romans diesem Charakter zuzuschreiben, zudem wird ein ganz bestimmtes Berlin lebendig &#8211; aber mit nichts davon will ich etwas zu tun haben.<\/p>\n<p>\u00a7<\/p>\n<p>Auf der re:publica hatte ich <a href=\"https:\/\/re-publica.de\/session\/techniktagebuch-person-ttip-aufzeichnungsservice\" target=\"_blank\">in der TTIP-Session<\/a> erz\u00e4hlt, wie ich w\u00e4hrend meines Volontariats beim <i>Eichst\u00e4tter Kurier<\/i> in einer Dreht\u00fcr Filme entwickelte. <a href=\"http:\/\/techniktagebuch.tumblr.com\/post\/118755890322\/dezember-1986\" target=\"_blank\">Jetzt habe ich das auch aufgeschrieben.<\/a><\/p>\n<p>\u00a7<\/p>\n<p>Hande wird von den Teilnehmern und Teilnehmerinnen ihrer Weinverkostungen <a href=\"http:\/\/www.vinoroma.com\/\" target=\"_blank\">Vinoroma<\/a> regelm\u00e4\u00dfig um Restauranttipps gebeten: Sehr gut soll es sein, nicht zu weit entfernt von der Unterkunft, und selbstverst\u00e4ndlich touristenfrei. In Handes Antwort steckt die ganze, traurige Entwicklung der italienischen K\u00fcche:<br \/>\n<a href=\"http:\/\/www.vinoroma.com\/?p=383\" target=\"_blank\">&#8220;On being the only tourist in a restaurant in Rome&#8221;.<\/a><\/p>\n","protected":false},"excerpt":{"rendered":"<p>Morgens schon wieder keine Zeitung (war vergangene Woche bereits an mehreren Tagen so), ich begann mir Sorgen um den Zeitungsaustr\u00e4ger zu machen (und reklamierte bei der SZ, die Zeitung ist so teuer, dass ich nicht gelieferte gutgeschrieben haben m\u00f6chte). Nach langer Pause wieder Crosstrainerstrampeln. Wundersch\u00f6ner Fr\u00fchlingstag, ich arbeitete den ganzen Tag heftig &#8211; war schlie\u00dflich [&hellip;]<\/p>\n","protected":false},"author":2,"featured_media":0,"comment_status":"open","ping_status":"closed","sticky":false,"template":"","format":"standard","meta":{"footnotes":""},"categories":[3,1],"tags":[],"class_list":["post-26789","post","type-post","status-publish","format-standard","hentry","category-bucher","category-general"],"_links":{"self":[{"href":"https:\/\/www.vorspeisenplatte.de\/speisen\/wp-json\/wp\/v2\/posts\/26789","targetHints":{"allow":["GET"]}}],"collection":[{"href":"https:\/\/www.vorspeisenplatte.de\/speisen\/wp-json\/wp\/v2\/posts"}],"about":[{"href":"https:\/\/www.vorspeisenplatte.de\/speisen\/wp-json\/wp\/v2\/types\/post"}],"author":[{"embeddable":true,"href":"https:\/\/www.vorspeisenplatte.de\/speisen\/wp-json\/wp\/v2\/users\/2"}],"replies":[{"embeddable":true,"href":"https:\/\/www.vorspeisenplatte.de\/speisen\/wp-json\/wp\/v2\/comments?post=26789"}],"version-history":[{"count":4,"href":"https:\/\/www.vorspeisenplatte.de\/speisen\/wp-json\/wp\/v2\/posts\/26789\/revisions"}],"predecessor-version":[{"id":26796,"href":"https:\/\/www.vorspeisenplatte.de\/speisen\/wp-json\/wp\/v2\/posts\/26789\/revisions\/26796"}],"wp:attachment":[{"href":"https:\/\/www.vorspeisenplatte.de\/speisen\/wp-json\/wp\/v2\/media?parent=26789"}],"wp:term":[{"taxonomy":"category","embeddable":true,"href":"https:\/\/www.vorspeisenplatte.de\/speisen\/wp-json\/wp\/v2\/categories?post=26789"},{"taxonomy":"post_tag","embeddable":true,"href":"https:\/\/www.vorspeisenplatte.de\/speisen\/wp-json\/wp\/v2\/tags?post=26789"}],"curies":[{"name":"wp","href":"https:\/\/api.w.org\/{rel}","templated":true}]}}