{"id":27528,"date":"2015-06-27T09:45:53","date_gmt":"2015-06-27T07:45:53","guid":{"rendered":"https:\/\/www.vorspeisenplatte.de\/speisen\/?p=27528"},"modified":"2020-08-22T08:43:22","modified_gmt":"2020-08-22T06:43:22","slug":"journal-freitag-25-juni-2015-festmahl-bei-marietta","status":"publish","type":"post","link":"https:\/\/www.vorspeisenplatte.de\/speisen\/2015\/06\/journal-freitag-25-juni-2015-festmahl-bei-marietta.htm","title":{"rendered":"Journal Freitag, 26. Juni 2015 &#8211; Festmahl bei Marietta"},"content":{"rendered":"<p>Mit der Haut meiner Lippen <a href=\"https:\/\/www.vorspeisenplatte.de\/speisen\/2007\/12\/seltsame-hautungen.htm\" target=\"_blank\" rel=\"noopener noreferrer\">habe ich ja schon l\u00e4nger Schwierigkeiten<\/a>. Anfang Mai traf mich eine besonders heftige Attacke mit blutig aufgesprungenen Lippen. Ich lie\u00df mir von der freundlichen Nachbarschaftsapothekerin eine Wundsalbe verkaufen, die zun\u00e4chst half. Doch dann gesellten sich vor drei Wochen entz\u00fcndete Mundwinkel dazu, die sich \u00fcber die Lippen ausbreiteten. Da war der Punkt erreicht, an dem ich mir nicht mehr einreden konnte, dass das nur ein kosmetisches Problem war.<\/p>\n<p>Ich stellte mir den Wecker fr\u00fch und ging zu meiner Haus\u00e4rztin. Die schloss eine Pilzinfektion aus und tippte auf Vitamin- und\/oder Eisenmangel; eine Blutanalyse soll das kl\u00e4ren. Wegen Wartens ohne Termin war der Vormittag fast herum, zum Isarlaufen kam ich nicht.<\/p>\n<p>Denn: Mittags war ich verabredet, seit Wochen geplant. Ich hatte schon lange einmal ausf\u00fchrlich bei <a href=\"http:\/\/www.marietta-cucina.de\/de\/index.php\" target=\"_blank\" rel=\"noopener noreferrer\">Marietta<\/a> essen wollen, doch da das Lokal abends nicht ge\u00f6ffnet ist, geht das nur zum Mittagessen, und deshalb nur an einem freien Tag. Herr Kaltmamsell hatte seinen Arbeitstag so arrangiert, dass das gestern m\u00f6glich war. Antipasto und Pasta teilten wir uns.<\/p>\n<p><a href=\"https:\/\/www.vorspeisenplatte.de\/speisen\/archiv\/150626_Marietta_2.jpg\"><img loading=\"lazy\" decoding=\"async\" src=\"https:\/\/www.vorspeisenplatte.de\/speisen\/archiv\/150626_Marietta_2.jpg\" alt=\"150626_Marietta_2\" width=\"359\" height=\"374\" class=\"alignnone size-full wp-image-27535\" \/><\/a><\/p>\n<p><a href=\"https:\/\/www.vorspeisenplatte.de\/speisen\/archiv\/150626_Marietta_5.jpg\"><img loading=\"lazy\" decoding=\"async\" src=\"https:\/\/www.vorspeisenplatte.de\/speisen\/archiv\/150626_Marietta_5.jpg\" alt=\"150626_Marietta_5\" width=\"401\" height=\"397\" class=\"alignnone size-full wp-image-27536\" srcset=\"https:\/\/www.vorspeisenplatte.de\/speisen\/archiv\/150626_Marietta_5.jpg 401w, https:\/\/www.vorspeisenplatte.de\/speisen\/archiv\/150626_Marietta_5-150x150.jpg 150w, https:\/\/www.vorspeisenplatte.de\/speisen\/archiv\/150626_Marietta_5-144x144.jpg 144w\" sizes=\"auto, (max-width: 401px) 100vw, 401px\" \/><\/a><\/p>\n<p><a href=\"https:\/\/www.vorspeisenplatte.de\/speisen\/archiv\/150626_Marietta_7.jpg\"><img loading=\"lazy\" decoding=\"async\" src=\"https:\/\/www.vorspeisenplatte.de\/speisen\/archiv\/150626_Marietta_7.jpg\" alt=\"150626_Marietta_7\" width=\"367\" height=\"346\" class=\"alignnone size-full wp-image-27537\" \/><\/a><\/p>\n<p><a href=\"https:\/\/www.vorspeisenplatte.de\/speisen\/archiv\/150626_Marietta_10.jpg\"><img loading=\"lazy\" decoding=\"async\" src=\"https:\/\/www.vorspeisenplatte.de\/speisen\/archiv\/150626_Marietta_10.jpg\" alt=\"150626_Marietta_10\" width=\"441\" height=\"441\" class=\"alignnone size-full wp-image-27538\" srcset=\"https:\/\/www.vorspeisenplatte.de\/speisen\/archiv\/150626_Marietta_10.jpg 441w, https:\/\/www.vorspeisenplatte.de\/speisen\/archiv\/150626_Marietta_10-150x150.jpg 150w, https:\/\/www.vorspeisenplatte.de\/speisen\/archiv\/150626_Marietta_10-144x144.jpg 144w\" sizes=\"auto, (max-width: 441px) 100vw, 441px\" \/><\/a><\/p>\n<p><a href=\"https:\/\/www.vorspeisenplatte.de\/speisen\/archiv\/150626_Marietta_12.jpg\"><img loading=\"lazy\" decoding=\"async\" src=\"https:\/\/www.vorspeisenplatte.de\/speisen\/archiv\/150626_Marietta_12.jpg\" alt=\"150626_Marietta_12\" width=\"334\" height=\"402\" class=\"alignnone size-full wp-image-27539\" \/><\/a><\/p>\n<p>Und dann noch Caf\u00e9 und Grappa.<\/p>\n<p>Jetzt war es fr\u00fcher Nachmittag, wir spazierten in der Sonne nach Hause. Wo ich, auch das war Teil meines Plans gewesen, ausf\u00fchrlich Siesta machte. Danach war ich immer noch nicht wieder n\u00fcchtern &#8211; ich hatte ganz vergessen, wie unangenehm diese lange Verdumpfung durch Alkohol tags\u00fcber sein kann. Zur Tagesschau aber war ich wieder klar und entsprechend entsetzt \u00fcber die drei Terroranschl\u00e4ge, zumal erst vorgestern die Postkarte der Bruderfamilie von ihrem Pfingsturlaub in Sousse eingetroffen war.<\/p>\n<p><a href=\"https:\/\/www.vorspeisenplatte.de\/speisen\/archiv\/150627_Postkarte_Sousse.jpg\"><img loading=\"lazy\" decoding=\"async\" src=\"https:\/\/www.vorspeisenplatte.de\/speisen\/archiv\/150627_Postkarte_Sousse.jpg\" alt=\"150627_Postkarte_Sousse\" width=\"409\" height=\"330\" class=\"alignnone size-full wp-image-27540\" \/><\/a><\/p>\n<p>\u00a7<\/p>\n<p>Kathrin Passigs <a href=\"http:\/\/www.staatstheater-hannover.de\/schauspiel\/index.php?m=425&#038;f=03_werkdetail&#038;ID_Vorstellungsart=0&#038;ID_Stueck=694&#038;ID_Vorstellung=7325\" target=\"_blank\" rel=\"noopener noreferrer\">Abendauftritt in Hannover<\/a> hat gleich mal eine Geschichte f\u00fcrs Techniktagebuch abgeworfen:<br \/>\n<a href=\"http:\/\/techniktagebuch.tumblr.com\/post\/122451372787\/25-juni-2015\" target=\"_blank\" rel=\"noopener noreferrer\">&#8220;Das Kaninchen wird per NFC aus meinem Ohr gezogen&#8221;.<\/a> <img loading=\"lazy\" decoding=\"async\" src=\"https:\/\/ssl-vg03.met.vgwort.de\/na\/38cd167c3f0140dd9aaf4166d5ca3290\" width=\"1\" height=\"1\" alt=\"\"\/><\/p>\n","protected":false},"excerpt":{"rendered":"<p>Mit der Haut meiner Lippen habe ich ja schon l\u00e4nger Schwierigkeiten. Anfang Mai traf mich eine besonders heftige Attacke mit blutig aufgesprungenen Lippen. Ich lie\u00df mir von der freundlichen Nachbarschaftsapothekerin eine Wundsalbe verkaufen, die zun\u00e4chst half. Doch dann gesellten sich vor drei Wochen entz\u00fcndete Mundwinkel dazu, die sich \u00fcber die Lippen ausbreiteten. Da war der [&hellip;]<\/p>\n","protected":false},"author":2,"featured_media":0,"comment_status":"open","ping_status":"closed","sticky":false,"template":"","format":"standard","meta":{"footnotes":""},"categories":[6,2,1],"tags":[],"class_list":["post-27528","post","type-post","status-publish","format-standard","hentry","category-essen","category-fotos","category-general"],"_links":{"self":[{"href":"https:\/\/www.vorspeisenplatte.de\/speisen\/wp-json\/wp\/v2\/posts\/27528","targetHints":{"allow":["GET"]}}],"collection":[{"href":"https:\/\/www.vorspeisenplatte.de\/speisen\/wp-json\/wp\/v2\/posts"}],"about":[{"href":"https:\/\/www.vorspeisenplatte.de\/speisen\/wp-json\/wp\/v2\/types\/post"}],"author":[{"embeddable":true,"href":"https:\/\/www.vorspeisenplatte.de\/speisen\/wp-json\/wp\/v2\/users\/2"}],"replies":[{"embeddable":true,"href":"https:\/\/www.vorspeisenplatte.de\/speisen\/wp-json\/wp\/v2\/comments?post=27528"}],"version-history":[{"count":3,"href":"https:\/\/www.vorspeisenplatte.de\/speisen\/wp-json\/wp\/v2\/posts\/27528\/revisions"}],"predecessor-version":[{"id":61486,"href":"https:\/\/www.vorspeisenplatte.de\/speisen\/wp-json\/wp\/v2\/posts\/27528\/revisions\/61486"}],"wp:attachment":[{"href":"https:\/\/www.vorspeisenplatte.de\/speisen\/wp-json\/wp\/v2\/media?parent=27528"}],"wp:term":[{"taxonomy":"category","embeddable":true,"href":"https:\/\/www.vorspeisenplatte.de\/speisen\/wp-json\/wp\/v2\/categories?post=27528"},{"taxonomy":"post_tag","embeddable":true,"href":"https:\/\/www.vorspeisenplatte.de\/speisen\/wp-json\/wp\/v2\/tags?post=27528"}],"curies":[{"name":"wp","href":"https:\/\/api.w.org\/{rel}","templated":true}]}}