{"id":28384,"date":"2015-09-01T11:49:34","date_gmt":"2015-09-01T09:49:34","guid":{"rendered":"https:\/\/www.vorspeisenplatte.de\/speisen\/?p=28384"},"modified":"2015-09-01T16:25:41","modified_gmt":"2015-09-01T14:25:41","slug":"journal-montag-31-januar-2015-letzte-male-und-rausgeschnitten","status":"publish","type":"post","link":"https:\/\/www.vorspeisenplatte.de\/speisen\/2015\/09\/journal-montag-31-januar-2015-letzte-male-und-rausgeschnitten.htm","title":{"rendered":"Journal Montag, 31. <del>Januar<\/del>August 2015 &#8211; Letzte Male und rausgeschnitten"},"content":{"rendered":"<p>Hei\u00dfer Hochsommertag, doch mit Blick auf die Wettervorhersage war alles f\u00fcr mich Abschied.<br \/>\nLetztes Mal Morgenkaffee auf dem Balkon. Zwei Eichh\u00f6rnchen jagten einander minutenlang um die St\u00e4mme der Kastanien (dieses Jahr nur sehr sp\u00e4rlich mit Fr\u00fcchten behangen).<br \/>\nLetztes Mal in Sommerkleidchen und Sandalen in die Arbeit geradelt.<\/p>\n<p>Auf den Friseurtermin am Abend hatte ich mich seit vielen Wochen gefreut: Ich hatte ihn so lange hinausgez\u00f6gert, um dem Meister genug Material f\u00fcr einen neuen Schnitt zu z\u00fcchten. Inzwischen f\u00fchlte ich mich <a href=\"http:\/\/www.sunnyskyz.com\/blog\/985\/Meet-Shrek-The-Renegade-Sheep-That-Avoided-Shearing-For-Six-Years-By-Hiding-In-A-Cave\" target=\"_blank\">wie dieses Schaf<\/a> und flehte Herrn Friseur an: &#8220;Hol mich da raus!&#8221; Mit dem Ergebnis bin ich sehr zufrieden.<\/p>\n<p>Letztes Mal durch eine Hochsommernacht quer durch M\u00fcnchen nach Hause geradelt.<br \/>\nLetztes Mal erst beim Schlafengehen alle Fenster ge\u00f6ffnet.<br \/>\nLetztes Mal nur mit einem Tuch bedeckt im Bett gelesen.<\/p>\n<p>\u00a7<\/p>\n<p>Der M\u00fcnchner Soziologieprofessor Armin Nassehi analysiert:<br \/>\n<a href=\"http:\/\/www.faz.net\/aktuell\/feuilleton\/debatten\/hass-auf-wirtschaftsfluechtlinge-in-deutschland-13776696.html?printPagedArticle=true#pageIndex_2\" target=\"_blank\">&#8220;Der Hass auf den &#8216;Wirtschaftsfl\u00fcchtling'&#8221;<\/a>.<\/p>\n<p>\u00a7<\/p>\n<p>Ein Beitrag zu #bloggerfuerfluechtlinge, der mich besonders ber\u00fchrt &#8211; ich wei\u00df gar nicht recht, warum:<br \/>\n<a href=\"http:\/\/www.marcusjohnhenrybrown.com\/en\/die-art-von-deutscher-der-ich-werden-mochte\/\" target=\"_blank\">&#8220;Die Art von Deutscher, der ich werden m\u00f6chte&#8221;.<\/a><\/p>\n<p>\u00a7<\/p>\n<p>Kitty Koma erforscht die Ursachen von Fremdenfeindlichkeit in Sachsen &#8211; mit f\u00fcr mich neuem Hintergrund und interessanten Bez\u00fcgen. Doch sie entschuldigt nichts.<br \/>\n<a href=\"http:\/\/kittykoma.de\/sonntagsmaender-am-vorletzten-sommertag\/\" target=\"_blank\">&#8220;Sonntagsm\u00e4nder am vorletzten Sommertag&#8221;.<\/a><\/p>\n<blockquote><p>Noch mal zum Mitschreiben f\u00fcr die, die sich das nicht vorstellen k\u00f6nnen. Die Dem\u00fctigungen, Kr\u00e4nkungen und Verunsicherungen, die ein durchschnittlicher ostdeutscher Mensch meiner Generation und \u00e4lter erlebt hat, sitzen nachhaltig und tief. Durch jeden dieser Menschen gehen Risse.<\/p><\/blockquote>\n<p>\u00a7<\/p>\n<p>Zo\u00eb Beck hat den Sorgen von Hassern mal hinterhergefragt:<br \/>\n<a href=\"https:\/\/zoebeck.wordpress.com\/2015\/08\/30\/toleranzgrenzen\/\" target=\"_blank\">&#8220;Toleranzgrenzen&#8221;.<\/a><\/p>\n<blockquote><p>Diese Menschen, egal welches Stempelchen man ihnen gibt oder welches sie sich selbst aufdr\u00fccken, liegen falsch. Sie verbreiten L\u00fcgen, nachweislich. Sie bedrohen andere Menschen, nachweislich. Sie rufen zu Mord und Totschlag auf, nachweislich. Sie sind voller Unzufriedeheit und Hass und nicht bereit, mit irgendjemandem zu reden, der nicht dieselben Parolen pl\u00e4rrt. Sie verwechseln das Recht zur freien Meinungs\u00e4u\u00dferung damit, dass jeder ungestraft p\u00f6beln und beleidigen d\u00fcrfe. Sie glauben, zu sagen, alle Asylsuchenden geh\u00f6rten vergast, sei freie Meinungs\u00e4u\u00dferung. Sie akzeptieren Gewalt gegen andere Menschen. Sie hei\u00dfen sie sogar gut. Manchmal insgeheim, machmal ganz offen.<\/p>\n<p>Ich habe mit einigen geredet bzw. ihnen geschrieben.<\/p><\/blockquote>\n<p>\u00a7<\/p>\n<p>Scheinbar leichtere Kost: Die Fugly-Damen schaffen es mal wieder, sich das \u00c4u\u00dfere einer aus v\u00f6llig falschen Gr\u00fcnden viel beredeten Frau vorzunehmen &#8211; und immer diesseits der \u00dcbergriffigkeitslinie zu bleiben.<br \/>\n<a href=\"http:\/\/www.gofugyourself.com\/fugs-and-fabs-and-wtfs-serena-williams-at-the-us-open-08-2015\" target=\"_blank\">&#8220;Fugs and Fabs and WTFs: Serena Williams at the US Open&#8221;.<\/a><\/p>\n<p>\u00a7<\/p>\n<p>Es fand sich dann doch ein Aspekt des <i>Kleinen Prinzen<\/i>, der mich faszinieren konnte. Danke, <a href=\"https:\/\/what-if.xkcd.com\/\" target=\"_blank\">xkcd.<\/a><br \/>\n<a href=\"https:\/\/what-if.xkcd.com\/68\/\" target=\"_blank\">&#8220;If an asteroid was very small but supermassive, could you really live on it like the Little Prince?&#8221;<\/a><\/p>\n","protected":false},"excerpt":{"rendered":"<p>Hei\u00dfer Hochsommertag, doch mit Blick auf die Wettervorhersage war alles f\u00fcr mich Abschied. Letztes Mal Morgenkaffee auf dem Balkon. Zwei Eichh\u00f6rnchen jagten einander minutenlang um die St\u00e4mme der Kastanien (dieses Jahr nur sehr sp\u00e4rlich mit Fr\u00fcchten behangen). Letztes Mal in Sommerkleidchen und Sandalen in die Arbeit geradelt. Auf den Friseurtermin am Abend hatte ich mich [&hellip;]<\/p>\n","protected":false},"author":2,"featured_media":0,"comment_status":"open","ping_status":"closed","sticky":false,"template":"","format":"standard","meta":{"footnotes":""},"categories":[1],"tags":[],"class_list":["post-28384","post","type-post","status-publish","format-standard","hentry","category-general"],"_links":{"self":[{"href":"https:\/\/www.vorspeisenplatte.de\/speisen\/wp-json\/wp\/v2\/posts\/28384","targetHints":{"allow":["GET"]}}],"collection":[{"href":"https:\/\/www.vorspeisenplatte.de\/speisen\/wp-json\/wp\/v2\/posts"}],"about":[{"href":"https:\/\/www.vorspeisenplatte.de\/speisen\/wp-json\/wp\/v2\/types\/post"}],"author":[{"embeddable":true,"href":"https:\/\/www.vorspeisenplatte.de\/speisen\/wp-json\/wp\/v2\/users\/2"}],"replies":[{"embeddable":true,"href":"https:\/\/www.vorspeisenplatte.de\/speisen\/wp-json\/wp\/v2\/comments?post=28384"}],"version-history":[{"count":13,"href":"https:\/\/www.vorspeisenplatte.de\/speisen\/wp-json\/wp\/v2\/posts\/28384\/revisions"}],"predecessor-version":[{"id":28458,"href":"https:\/\/www.vorspeisenplatte.de\/speisen\/wp-json\/wp\/v2\/posts\/28384\/revisions\/28458"}],"wp:attachment":[{"href":"https:\/\/www.vorspeisenplatte.de\/speisen\/wp-json\/wp\/v2\/media?parent=28384"}],"wp:term":[{"taxonomy":"category","embeddable":true,"href":"https:\/\/www.vorspeisenplatte.de\/speisen\/wp-json\/wp\/v2\/categories?post=28384"},{"taxonomy":"post_tag","embeddable":true,"href":"https:\/\/www.vorspeisenplatte.de\/speisen\/wp-json\/wp\/v2\/tags?post=28384"}],"curies":[{"name":"wp","href":"https:\/\/api.w.org\/{rel}","templated":true}]}}