{"id":28530,"date":"2015-09-07T07:04:05","date_gmt":"2015-09-07T05:04:05","guid":{"rendered":"https:\/\/www.vorspeisenplatte.de\/speisen\/?p=28530"},"modified":"2025-09-16T16:23:22","modified_gmt":"2025-09-16T14:23:22","slug":"journal-sonntag-6-september-2015-duesterlauf-und-nichts-geschafft","status":"publish","type":"post","link":"https:\/\/www.vorspeisenplatte.de\/speisen\/2015\/09\/journal-sonntag-6-september-2015-duesterlauf-und-nichts-geschafft.htm","title":{"rendered":"Journal Sonntag, 6. September 2015 &#8211; D\u00fcsterlauf und nichts geschafft"},"content":{"rendered":"<p>Fast bis acht ausgeschlafen, zu Regenger\u00e4uschen aufgewacht, die aber kurz danach aufh\u00f6rten.<\/p>\n<p>Nach ausf\u00fchrlichem Bloggen nach Thalkirchen zum Laufen geradelt. Die Windjacke, die ich mir eigentlich nur zum Radeln \u00fcbergezogen hatte, brauchte ich auf der ganzen Strecke und hatte doch kalte H\u00e4nde: Es war fast 20 Grad k\u00e4lter als vor einer Woche, keine Spur von dem Sp\u00e4tsommer, den man mir zum Ausgleich f\u00fcrs Hochsommerende versprochen hatte. Die gute Seite dieses Wetters: Eine fast einsame Laufstrecke.<\/p>\n<p><a href=\"https:\/\/www.vorspeisenplatte.de\/speisen\/archiv\/150906_Isarlauf_5.jpg\"><img loading=\"lazy\" decoding=\"async\" src=\"https:\/\/www.vorspeisenplatte.de\/speisen\/archiv\/150906_Isarlauf_5.jpg\" alt=\"150906_Isarlauf_5\" width=\"541\" height=\"416\" class=\"alignnone size-full \" \/><\/a><\/p>\n<p><a href=\"https:\/\/www.vorspeisenplatte.de\/speisen\/archiv\/150906_Isarlauf_11.jpg\"><img loading=\"lazy\" decoding=\"async\" src=\"https:\/\/www.vorspeisenplatte.de\/speisen\/archiv\/150906_Isarlauf_11.jpg\" alt=\"150906_Isarlauf_11\" width=\"430\" height=\"562\" class=\"alignnone size-full wp-image-28540\" \/><\/a><\/p>\n<p><a href=\"https:\/\/www.vorspeisenplatte.de\/speisen\/archiv\/150906_Isarlauf_16.jpg\"><img loading=\"lazy\" decoding=\"async\" src=\"https:\/\/www.vorspeisenplatte.de\/speisen\/archiv\/150906_Isarlauf_16.jpg\" alt=\"150906_Isarlauf_16\" width=\"570\" height=\"440\" class=\"alignnone size-full \" \/><\/a><\/p>\n<p><a href=\"https:\/\/www.vorspeisenplatte.de\/speisen\/archiv\/150906_Isarlauf_25.jpg\"><img loading=\"lazy\" decoding=\"async\" src=\"https:\/\/www.vorspeisenplatte.de\/speisen\/archiv\/150906_Isarlauf_25.jpg\" alt=\"150906_Isarlauf_25\" width=\"373\" height=\"474\" class=\"alignnone size-full wp-image-28543\" \/><\/a><\/p>\n<p><a href=\"https:\/\/www.vorspeisenplatte.de\/speisen\/archiv\/150906_Isarlauf_32.jpg\"><img loading=\"lazy\" decoding=\"async\" src=\"https:\/\/www.vorspeisenplatte.de\/speisen\/archiv\/150906_Isarlauf_32.jpg\" alt=\"150906_Isarlauf_32\" width=\"538\" height=\"401\" class=\"alignnone size-full \" \/><\/a><\/p>\n<p>Schwalben sah ich, viele, viele Schalben. Sie flitzten in einer Dichte \u00fcber das Isarwasser, die mich an Fliegenschw\u00e4rme erinnerte.<\/p>\n<p>Schon am Ende meiner Laufrunde plagten mich H\u00fcft- und Beinschmerzen (ungewohnt, bislang setzten sie erst beim Ausruhen ein).<\/p>\n<p>\u00a7<\/p>\n<p>Daheim gab&#8217;s zum Fr\u00fchst\u00fcck Salamibrot und Obst, dann bereitete ich aus Ernteanteil einen Krautsalat. <\/p>\n<p>Zweieinhalb Stunden verbrachte ich mit B\u00fcgeln. An sich hatte ich unter anderem so viel zusammenkommen lassen, um endlich mal wieder eine Gelegenheit zum Podcastsh\u00f6ren zu haben. Doch dann war mein Kopf ohnehin schon zu voll, ich h\u00f6rte statt dessen Tanzmusik. (Ist es traurig, dass sich meine Wohnung am ehesten nach Party anh\u00f6rt, wenn ich b\u00fcgle?)<\/p>\n<p>Keksteig f\u00fcr Chocolate Chip Cookies zubereitet. Mal wieder <a href=\"http:\/\/techniktagebuch.tumblr.com\/post\/120541556887\/30-mai-2015\" target=\"_blank\">ein Automatenfoto<\/a> gemacht.<\/p>\n<p>Ofengem\u00fcse zum Nachtmahl.<\/p>\n<p>Und dann war es schon kurz vor zehn, ich hatte weder die Wochenendzeitung gelesen noch in meinem aktuellen Buch, der RSS-Reader stand unver\u00e4ndert kurz vor der ungelesenen Tausend, ich war nicht im Kino gewesen, hatte den geplanten Text f\u00fcrs Techniktagebuch nicht geschrieben und fragte mich, was ich bitte das ganze Wochenende gemacht hatte.<br \/>\nKlar war allerdings, dass mich die H\u00fcftschmerzen ohne Ibu nicht w\u00fcrden schlafen lassen.<\/p>\n<p>\u00a7<\/p>\n<p>Laut Tagesschau waren \u00fcbers Wochenende 14.000 Gefl\u00fcchtete per Zug nach oder durch M\u00fcnchen gekommen, sie wurden laut den Berichten superprofessionell organisiert empfangen. Die <i>S\u00fcddeutsche<\/i> <a href=\"http:\/\/www.sueddeutsche.de\/muenchen\/fluechtlinge-in-deutschland-muenchen-zaehlt-am-wochenende-fluechtlinge-1.2636233\" target=\"_blank\">schreibt sogar von 20.000 Gefl\u00fcchteten<\/a>.<\/p>\n<p>Zwei Medien haben sich zeigen lassen, was Gefl\u00fcchtete auf der Flucht bei sich tragen:<\/p>\n<p>Der <em>Guardian<\/em>: <a href=\"http:\/\/www.theguardian.com\/world\/ng-interactive\/2015\/sep\/04\/syrian-refugees-pack-for-the-crossing-to-europe-crisis\" target=\"_blank\">&#8220;Passport, lifejacket, lemons: what Syrian refugees pack for the crossing to Europe&#8221;.<\/a><\/p>\n<p>Auf medium.com: <a href=\"https:\/\/medium.com\/@theIRC\/what-s-in-my-bag-758d435f6e62\" target=\"_blank\">&#8220;What&#8217;s in my bag? What refugees bring when they run for their lives&#8221;.<\/a><\/p>\n<p>Im gr\u00f6\u00dferen Rahmen frage auch ich mich, wie&#8217;s mit der Unterst\u00fctzung au\u00dferhalb Europas aussieht:<\/p>\n<p>Ein Kommentar in der <i>New York Times<\/i>:<br \/>\n<a href=\"http:\/\/www.nytimes.com\/2015\/09\/06\/opinion\/sunday\/the-refugee-crisis-isnt-a-european-problem.html?_r=0\" target=\"_blank\">&#8220;The Refugee Crisis Isn\u2019t a \u2018European Problem\u2019&#8221;.<\/a><\/p>\n<p><i>The Jerusalem Post<\/i> fragt:<br \/>\n<a href=\"http:\/\/www.jpost.com\/page.aspx?pageid=7&#038;articleid=415319\" target=\"_blank\">&#8220;How is the Arab world responding to the refugee crisis?&#8221;<\/a><\/p>\n<blockquote><p>So why aren\u2019t the nations absorbing refugees? The Kuwaiti politician Fahed al-Shelaimi, who heads the Gulf Forum on Peace and Security, provided an answer that shocked millions in the Arab world.<br \/>\n\u201cGulf states are expensive and aside from being laborers, these people are not suitable for life here,\u201d he said. \u201cAt the end of the day, people from a different environment who suffer from emotional problems cannot be received in your society.\u201d\n<\/p><\/blockquote>\n<p>\u00a7<\/p>\n<p>Angela Leinen macht vor, wie man das Buch eines Autors rezensiert, mit dem man befreundet ist. Das geht n\u00e4mlich schon, wenn man die Freundschaft miterz\u00e4hlt.<br \/>\n<a href=\"http:\/\/taz.de\/!5228449\/\" target=\"_blank\">&#8220;Lost in Natalie&#8221;.<\/a> <img loading=\"lazy\" decoding=\"async\" src=\"https:\/\/ssl-vg03.met.vgwort.de\/na\/0cafcdf3562a4cc7a867be9153157e3b\" width=\"1\" height=\"1\" alt=\"\"\/><\/p>\n","protected":false},"excerpt":{"rendered":"<p>Fast bis acht ausgeschlafen, zu Regenger\u00e4uschen aufgewacht, die aber kurz danach aufh\u00f6rten. Nach ausf\u00fchrlichem Bloggen nach Thalkirchen zum Laufen geradelt. Die Windjacke, die ich mir eigentlich nur zum Radeln \u00fcbergezogen hatte, brauchte ich auf der ganzen Strecke und hatte doch kalte H\u00e4nde: Es war fast 20 Grad k\u00e4lter als vor einer Woche, keine Spur von [&hellip;]<\/p>\n","protected":false},"author":2,"featured_media":0,"comment_status":"open","ping_status":"closed","sticky":false,"template":"","format":"standard","meta":{"footnotes":""},"categories":[3,2,1],"tags":[],"class_list":["post-28530","post","type-post","status-publish","format-standard","hentry","category-bucher","category-fotos","category-general"],"_links":{"self":[{"href":"https:\/\/www.vorspeisenplatte.de\/speisen\/wp-json\/wp\/v2\/posts\/28530","targetHints":{"allow":["GET"]}}],"collection":[{"href":"https:\/\/www.vorspeisenplatte.de\/speisen\/wp-json\/wp\/v2\/posts"}],"about":[{"href":"https:\/\/www.vorspeisenplatte.de\/speisen\/wp-json\/wp\/v2\/types\/post"}],"author":[{"embeddable":true,"href":"https:\/\/www.vorspeisenplatte.de\/speisen\/wp-json\/wp\/v2\/users\/2"}],"replies":[{"embeddable":true,"href":"https:\/\/www.vorspeisenplatte.de\/speisen\/wp-json\/wp\/v2\/comments?post=28530"}],"version-history":[{"count":3,"href":"https:\/\/www.vorspeisenplatte.de\/speisen\/wp-json\/wp\/v2\/posts\/28530\/revisions"}],"predecessor-version":[{"id":112319,"href":"https:\/\/www.vorspeisenplatte.de\/speisen\/wp-json\/wp\/v2\/posts\/28530\/revisions\/112319"}],"wp:attachment":[{"href":"https:\/\/www.vorspeisenplatte.de\/speisen\/wp-json\/wp\/v2\/media?parent=28530"}],"wp:term":[{"taxonomy":"category","embeddable":true,"href":"https:\/\/www.vorspeisenplatte.de\/speisen\/wp-json\/wp\/v2\/categories?post=28530"},{"taxonomy":"post_tag","embeddable":true,"href":"https:\/\/www.vorspeisenplatte.de\/speisen\/wp-json\/wp\/v2\/tags?post=28530"}],"curies":[{"name":"wp","href":"https:\/\/api.w.org\/{rel}","templated":true}]}}