{"id":28593,"date":"2015-09-11T07:14:56","date_gmt":"2015-09-11T05:14:56","guid":{"rendered":"https:\/\/www.vorspeisenplatte.de\/speisen\/?p=28593"},"modified":"2015-09-11T07:14:56","modified_gmt":"2015-09-11T05:14:56","slug":"journal-donnerstag-10-september-2015-wieder-ueberfordert","status":"publish","type":"post","link":"https:\/\/www.vorspeisenplatte.de\/speisen\/2015\/09\/journal-donnerstag-10-september-2015-wieder-ueberfordert.htm","title":{"rendered":"Journal Donnerstag, 10. September 2015 &#8211; Wieder \u00fcberfordert"},"content":{"rendered":"<p>Ich f\u00fcrchte, ich bin sehr leicht zu \u00fcberfordern.<\/p>\n<p>Abends ging ich Pizzaessen. Nachdem ich die vergangene Woche \u00fcber in Ermangelung eines Mitessers vor allem damit besch\u00e4ftigt gewesen war, den Ernteanteil zu verarbeiten, bemerkte ich meine Unlust auf den halben Salatkopf und die restlichen Radieserln im K\u00fchlschrank (Tomaten, Karotten und ein paar Radieserln hatte ich schon zur Brotzeit gehabt). Ich hatte Lust auf Pizza und bestellte zu einem Glas Vermentino eine Pizza bianca quatro formaggi.<\/p>\n<p><a href=\"https:\/\/www.vorspeisenplatte.de\/speisen\/archiv\/150910_VivaMaria.jpg\"><img loading=\"lazy\" decoding=\"async\" src=\"https:\/\/www.vorspeisenplatte.de\/speisen\/archiv\/150910_VivaMaria.jpg\" alt=\"150910_VivaMaria\" width=\"376\" height=\"479\" class=\"alignnone size-full wp-image-28606\" \/><\/a><\/p>\n<p>Ich genoss sie sehr: Frisches Wei\u00dfbrot mit einem Pfund gemischtem K\u00e4se \u00fcberbacken &#8211; was kann daran schlecht sein?<\/p>\n<p>An den Nebentisch setzte sich ein nicht mehr junger Mann, seine Tasche und seinen Anorak hatte er auf dem Stuhl gegen\u00fcber abgelegt. Er bestellte in gutem Englisch mit Akzent eine Pizza, nachdem er mit Verweis auf meine gefragt hatte, ob diese der servierte &#8220;style&#8221; sei, dazu ein Glas Wasser. Er a\u00df die Pizza und lie\u00df wie so viele (v\u00f6llig unbegreiflicherweise) einige St\u00fccke Rand \u00fcbrig. Ich hatte gerade gezahlt und war am Aufstehen, als der Mann der Bedienung eine Hand voll M\u00fcnzen hinhielt: Das sei alles, was er zahlen k\u00f6nne. Na, also das sei aber nicht genug!, rief die Bedienung, da m\u00fcsse sie ihren Chef holen.<\/p>\n<p>Ich war peinlichst ber\u00fchrt und machte mich davon. Hielt aber in der T\u00fcr nochmal inne, ob ich am Ende schon wieder vor einer Gelegenheit weglief, in der ich einem Bed\u00fcrftigen helfen k\u00f6nnte. Doch dann fiel mir ein: Er hatte etwa 4 Euro in M\u00fcnzen in der Hand gehabt (jahrelanges Sammeln von Kleingeld als Urlaubskasse \u00fcbt den Blick). Daf\u00fcr h\u00e4tte der Mann im Supermarkt um die Ecke Brot und K\u00e4se bekommen, einen Apfel dazu, und sich satt essen k\u00f6nnen. Er war sehr wahrscheinlich einfach nur ein Lump, und die Bedienung tat mir leid.<\/p>\n<p>\u00a7<\/p>\n<p><a href=\"http:\/\/www.br.de\/mediathek\/video\/video\/von-northeim-an-die-ostsee-100.html\" target=\"_blank\">Gernstls Zeitreisen<\/a> im BR angesehen &#8211; ja, die Musik hatte ich letzte Woche richtig als Sigi Schwab<sup><a href=\"#footnote_1_28593\" id=\"identifier_1_28593\" class=\"footnote-link footnote-identifier-link\" title=\"Unter anderem Ferienhausnachbar meines Englischprofessors selig.\">1<\/a><\/sup> identifiziert, sie geh\u00f6rt f\u00fcr mich sehr in die 80er Jahre, auf deren Spuren Gernstl ja war. Diesmal stie\u00df er unter anderem in Hamburg auf \u00f6ffentliches Yogaturnen und versuchte wie immer ein bisschen \u00fcber die Menschen herauszufinden.<br \/>\n&#8220;Des hei\u00dft, ihr wollt die Welt verbessern?&#8221;<br \/>\n&#8220;Ja.&#8221;<br \/>\n&#8220;Gut!&#8221;<br \/>\n(Erst k\u00fcrzlich wieder &#8220;Weltverbesserer&#8221; abf\u00e4llig gemeint gelesen. Irritiert mich \u00e4hnlich wie der Versuch, &#8220;Gutmensch&#8221; als Beschimpfung einzusetzen. Sowohl Weltverbesserung als auch ein guter Mensch zu sein geh\u00f6ren zu meinen st\u00e4ndig verpassten Zielen.)<\/p>\n<p>\u00a7<\/p>\n<p>Der <i>Postillon<\/i>:<br \/>\n<a href=\"http:\/\/www.der-postillon.com\/2015\/09\/munchen-zeltstadt-auf-theresienwiese.html\" target=\"_blank\">&#8220;M\u00fcnchen: Zeltstadt auf Theresienwiese soll 6 Millionen Realit\u00e4ts\u00adfl\u00fcchtlingen Asyl bieten&#8221;.<\/a><\/p>\n<p>In Integration brauchen die aber alle h\u00f6llenm\u00e4\u00dfig Nachhilfe. Ich glaube, ich werde dann doch im direkten Kontakt aktiv und biete Integrationskurse zu diesen Themen an:<br \/>\nAuf welchen M\u00f6beln sitzt man bei uns, worauf steht man?<br \/>\nWie viel Rausch wird als angemessen angesehen?<br \/>\nWelche Notdurftorte werden akzeptiert?<br \/>\nWelche Dinge darf man aus Jux kaputt machen?<br \/>\nIn welchem Rahmen dr\u00fcckt man sexuelle Avancen aus?<br \/>\n(Das Thema Bekleidung meide ich lieber, da geh\u00f6re ich selbst zur nicht-integrierten Minderheit.)<\/p>\n<p>\u00a7<\/p>\n<p>K\u00f6nigin Elisabeth II. amtiert seit vorgestern l\u00e4nger als K\u00f6nigin Viktoria. Die Fugly-Damen blicken anhand ihrer Outfits zur\u00fcck.<br \/>\n<a href=\"http:\/\/www.gofugyourself.com\/well-reigned-queen-elizabeth-ii-09-2015\" target=\"_blank\">&#8220;Well Reigned, Queen Elizabeth II&#8221;.<\/a><\/p>\n<blockquote><p>Please enjoy A Brief and Recentish History of Royal Lids, and of course, all hail Our Lady of Hattitude. Seriously.<\/p><\/blockquote>\n<p>Ich finde ja, Frau Windsor sah als junge Frau gro\u00dfartig aus, das mittlere Alter stand ihr dann nicht so, aber seit etwa 20 Jahren wird sie immer sch\u00f6ner.<\/p>\n<p>\u00a7<\/p>\n<div class=\"video-wrapped\" style=\"width: 500px; height: 281px; background-image: url('https:\/\/www.vorspeisenplatte.de\/speisen\/wp-content\/plugins\/video-embed-privacy\/preview\/87YgZmbB7a4.jpg')\" data-embed-frame=\"&lt;iframe title=&quot;Die Goldies - Schrei nach Liebe (Die \u00c4rzte, Cover)&quot; width=&quot;500&quot; height=&quot;281&quot; src=&quot;https:\/\/www.youtube.com\/embed\/87YgZmbB7a4?feature=oembed&quot; frameborder=&quot;0&quot; allow=&quot;accelerometer; autoplay; clipboard-write; encrypted-media; gyroscope; picture-in-picture; web-share&quot; referrerpolicy=&quot;strict-origin-when-cross-origin&quot; allowfullscreen&gt;&lt;\/iframe&gt;\" data-embed-play=\"Abspielen&lt;div class=&quot;small&quot;&gt;Das Video wird von Youtube eingebettet abespielt. Es gilt die &lt;a href=&quot;https:\/\/www.google.com\/intl\/de\/policies\/privacy\/&quot; target=&quot;_blank&quot;&gt;Datenschutzerkl\u00e4rung von Google&lt;\/a&gt;&lt;\/div&gt;\">\n<div class=\"video-wrapped-nojs\">Aktivieren Sie JavaScript um das Video zu sehen.<br \/><a href=\"https:\/\/youtu.be\/87YgZmbB7a4\">https:\/\/youtu.be\/87YgZmbB7a4<\/a><\/div>\n<\/div>\n<p>via <a href=\"https:\/\/twitter.com\/kinderdok\" target=\"_blank\">@kinderdok<\/a><\/p>\n<p>\u00a7<\/p>\n<p>Tennis interessiert mich schon lange nicht mehr, aber ich verliebe mich gerade immer mehr in Serena Willams rein.<br \/>\n<a href=\"http:\/\/www.buzzfeed.com\/sydneyscott\/never-ask-serena-williams-why-she-isnt-smiling#.tqmYk4W6P\" target=\"_blank\">&#8220;Serena Williams Gives The Best Answer To A Reporter Who Asks Why She Isn\u2019t Smiling&#8221;.<\/a> <img loading=\"lazy\" decoding=\"async\" src=\"https:\/\/ssl-vg03.met.vgwort.de\/na\/aac7c6301e434dbd91df00604b2f432c\" width=\"1\" height=\"1\" alt=\"\"\/><\/p>\n<ol class=\"footnotes\"><li id=\"footnote_1_28593\" class=\"footnote\">Unter anderem Ferienhausnachbar meines Englischprofessors selig.<span class=\"footnote-back-link-wrapper\"> [<a href=\"#identifier_1_28593\" class=\"footnote-link footnote-back-link\">&#8617;<\/a>]<\/span><\/li><\/ol>","protected":false},"excerpt":{"rendered":"<p>Ich f\u00fcrchte, ich bin sehr leicht zu \u00fcberfordern. Abends ging ich Pizzaessen. Nachdem ich die vergangene Woche \u00fcber in Ermangelung eines Mitessers vor allem damit besch\u00e4ftigt gewesen war, den Ernteanteil zu verarbeiten, bemerkte ich meine Unlust auf den halben Salatkopf und die restlichen Radieserln im K\u00fchlschrank (Tomaten, Karotten und ein paar Radieserln hatte ich schon [&hellip;]<\/p>\n","protected":false},"author":2,"featured_media":0,"comment_status":"open","ping_status":"closed","sticky":false,"template":"","format":"standard","meta":{"footnotes":""},"categories":[6,2,1],"tags":[],"class_list":["post-28593","post","type-post","status-publish","format-standard","hentry","category-essen","category-fotos","category-general"],"_links":{"self":[{"href":"https:\/\/www.vorspeisenplatte.de\/speisen\/wp-json\/wp\/v2\/posts\/28593","targetHints":{"allow":["GET"]}}],"collection":[{"href":"https:\/\/www.vorspeisenplatte.de\/speisen\/wp-json\/wp\/v2\/posts"}],"about":[{"href":"https:\/\/www.vorspeisenplatte.de\/speisen\/wp-json\/wp\/v2\/types\/post"}],"author":[{"embeddable":true,"href":"https:\/\/www.vorspeisenplatte.de\/speisen\/wp-json\/wp\/v2\/users\/2"}],"replies":[{"embeddable":true,"href":"https:\/\/www.vorspeisenplatte.de\/speisen\/wp-json\/wp\/v2\/comments?post=28593"}],"version-history":[{"count":17,"href":"https:\/\/www.vorspeisenplatte.de\/speisen\/wp-json\/wp\/v2\/posts\/28593\/revisions"}],"predecessor-version":[{"id":28614,"href":"https:\/\/www.vorspeisenplatte.de\/speisen\/wp-json\/wp\/v2\/posts\/28593\/revisions\/28614"}],"wp:attachment":[{"href":"https:\/\/www.vorspeisenplatte.de\/speisen\/wp-json\/wp\/v2\/media?parent=28593"}],"wp:term":[{"taxonomy":"category","embeddable":true,"href":"https:\/\/www.vorspeisenplatte.de\/speisen\/wp-json\/wp\/v2\/categories?post=28593"},{"taxonomy":"post_tag","embeddable":true,"href":"https:\/\/www.vorspeisenplatte.de\/speisen\/wp-json\/wp\/v2\/tags?post=28593"}],"curies":[{"name":"wp","href":"https:\/\/api.w.org\/{rel}","templated":true}]}}