{"id":286,"date":"2004-03-07T15:13:39","date_gmt":"2004-03-07T14:13:39","guid":{"rendered":"https:\/\/www.vorspeisenplatte.de\/speisen\/2004\/03\/diaetterror-die-serie-8-catch-22.htm"},"modified":"2018-11-04T21:23:02","modified_gmt":"2018-11-04T20:23:02","slug":"diaetterror-die-serie-8-catch-22","status":"publish","type":"post","link":"https:\/\/www.vorspeisenplatte.de\/speisen\/2004\/03\/diaetterror-die-serie-8-catch-22.htm","title":{"rendered":"Di\u00e4tterror &#8211; die Serie (8): Catch 22"},"content":{"rendered":"<p>Folgen <a href=\"https:\/\/www.vorspeisenplatte.de\/archives_speisen\/00000107.htm\">(1)<\/a> <a href=\"https:\/\/www.vorspeisenplatte.de\/archives_speisen\/00000113.htm\">(2)<\/a> <a href=\"https:\/\/www.vorspeisenplatte.de\/archives_speisen\/00000120.htm\">(3)<\/a> <a href=\"https:\/\/www.vorspeisenplatte.de\/archives_speisen\/00000155.htm\">(4)<\/a> <a href=\"https:\/\/www.vorspeisenplatte.de\/archives_speisen\/00000156.htm\">(5)<\/a>  <a href=\"https:\/\/www.vorspeisenplatte.de\/archives_speisen\/00000209.htm\">(6)<\/a>  <a href=\"https:\/\/www.vorspeisenplatte.de\/archives_speisen\/00000247.htm\">(7)<\/a><\/p>\n<p>Drau\u00dfen scheint die gelbe Sau(<a href=\"http:\/\/don.antville.org\/\" target=_new>TM<\/a>), von meinem B\u00fcrofenster aus sehe ich ganz viel blauen Himmel, auf dem zwei Haufenw\u00f6lkchen surfen. Mein Herz h\u00fcpft und schickt Visionen in mein Hirn: Ich im gebl\u00fcmten T\u00fcftelim\u00fcfteli-Kleid, die nackten F\u00fc\u00dfe in hochhackigen Sand\u00e4lchen spazieren mich \u00fcber eine Wiese, Wind zaust an meinen Haaren, die Sonne erkundet meine nackten Schultern.<br \/>\nBL\u00c4\u00c4P, BL\u00c4\u00c4P, BL\u00c4\u00c4P! Der automatische Illusionsalarm zerschie\u00dft das Bild: In einem schulterfreien T\u00fcftelim\u00fcfteli-Kleid s\u00e4he ich bei Gr\u00f6\u00dfe 46 aus wie eine flusige Qualle in Horrorfilm-Format, Schuhgr\u00f6\u00dfe 41 verbietet jeden Diminutiv an der Sandale.<\/p>\n<p>Und jetzt kommt der Catch: Eine Frau wie ich DARF sich damit nicht qu\u00e4len. Unsereiner MUSS auf Teufel komm raus dar\u00fcber stehen.<\/p>\n<p>Wir haben ein klasse Elternhaus, liberal und offen. Unser Geist ist brillant, unsere soziale Intelligenz macht uns sympathisch. Es gibt keine offensichtlichen Kindheitstraumen (Missbrauch, Gewalt, Todesf\u00e4lle). Ich selbst kann nicht mal auf die heute so weit verbreitete Hochbegabung als Entschuldigung zur\u00fcckgreifen. Unsereiner findet sich bevorzugt in gesellschaftlichen Positionen, in denen wir von vielen Frauen beneidet werden.<\/p>\n<p>Unsere psychische Karriere sieht \u00fcblicherweise wie folgt aus:<\/p>\n<p>In der Pubert\u00e4t sind wir noch auf die Di\u00e4t-Maschinerie reingefallen. Brigitte-Di\u00e4t war die weit verbreitete Einstiegsdroge, da sie so sch\u00f6n ern\u00e4hrungswissenschaftlich unterf\u00fcttert war. Wir waren schon damals reflektiert und lie\u00dfen uns keine kurzfristige und einseitige Ananas- oder W\u00fcrstchen-Di\u00e4t (gab\u2019s in den 80ern \u00fcbrigens tats\u00e4chlich) einreden. Mittelfristig f\u00fchrte das dennoch zu nichts.<br \/>\nAlso haben wir die grundlegende Unzufriedenheit mit dem eigenen K\u00f6rper erkannt und daran gearbeitet:<br \/>\n&#8211; Das weibliche Sch\u00f6nheitsideal ist lediglich eine subtile Unterdr\u00fcckung aller Errungenschaften des Feminismus.<br \/>\n&#8211; Wahre Sch\u00f6nheit kommt von innen.<br \/>\n&#8211; Eine gute Figur oder auch nur Attraktivit\u00e4t kann nicht in Kilos gemessen werden.<br \/>\n&#8211; Selbst Models sehen nicht aus wie auf den nachbearbeiteten Fotos.<br \/>\n&#8211; Erfolg in der Liebe h\u00e4ngt nicht nur vom Aussehen ab.<br \/>\n&#8211; Wir lassen uns vom Di\u00e4tterror nicht unterdr\u00fccken!<\/p>\n<p>Oft ging das ein paar Jahre lang gut. \u201eWarum darf es gro\u00dfe wie kleine Menschen geben, aber nicht d\u00fcnne wie dicke?\u201c, riefen wir. Wir bildeten uns, kamen voran, sammelten Erfolge. Hin und wieder sahen wir uns unvermutet und ohne Vorbereitung im Spiegel und gingen dann an diesem Tag lieber erst gar nicht vor die T\u00fcr. Nicht etwa, weil wir unseren Anblick nicht ertragen h\u00e4tten \u2013 WIR waren doch nicht so oberfl\u00e4chlich! Sondern weil, weil, weil\u2026 \u2013 wir ohnehin lieber an diesem einen schwer verdaulichen Buch rumlasen. Hin und wieder wurden wir beim Anblick einer sch\u00f6nen, schlanken Frau oder eines unglaublich begehrenswerten Mannes schlagartig todtraurig. Nicht etwa weil uns die Erkenntnis durchfahren hatte, dass uns der Zugang zu dieser Welt f\u00fcr immer versperrt war \u2013 diese Leute verachteten wir ja! Sondern weil, weil, weil\u2026 \u2013 wir vermutlich dieser Tage unsere Periode bekommen w\u00fcrden. Vielleicht fanden wir ja irgendwann die Energie, die eine oder andere Kleidergr\u00f6\u00dfe weniger zu werden und diese Figur mit ungeheurem Aufwand und Selbstbetrug zu halten. Aber selbst dann f\u00fchlten wir uns wie Betr\u00fcgerinnen, in denen die eigentliche Dicke lediglich unterdr\u00fcckt war.<\/p>\n<p>Gerne gab es an jeder Stelle dieser Di\u00e4t-Karriere Ausrei\u00dfer ins Pathologische, also Anorexie oder Bulimie. Oder und.<\/p>\n<p>Frauen, die schon immer intellektuell fr\u00fchreif waren, haben sich in der Lebensmitte bereits mehrere hundert Mal durch diese M\u00f6bius-Schleife der Selbstreflexion gedacht.<\/p>\n<p>Uns geht es deshalb tats\u00e4chlich erst mal um die Erlaubnis, uns so richtig schei\u00dfe zu f\u00fchlen. Das haben wir uns n\u00e4mlich nicht zugestanden &#8211; aus all den genannten Gr\u00fcnden. Unsereiner DARF gar nicht unter solchen Oberfl\u00e4chlichkeiten leiden. Die einen wurden esskrank, die anderen depressiv, einige beides. Wobei das nat\u00fcrlich nie nur eine Ursache hatte.<\/p>\n<p>Damit abfinden? Was hei\u00dft hier abfinden? Mit einer chronischen Krankheit muss man sich abfinden, mit dem Verlust eine Beines, des Augenlichts. Die eigene K\u00f6rperform sollte nichts sein, mit dem wir uns \u201eabfinden\u201c m\u00fcssen.<\/p>\n<p>Aber ja aber nat\u00fcrlich aber sowieso wissen wir um unser geniales Hirn, <i>mind the size of the universe<\/i> etc., etc. Aber wie gut diese Assets erst k\u00e4men, wenn wir sie in einem roten Schlauchkleid der Gr\u00f6\u00dfe 36 pr\u00e4sentieren k\u00f6nnten&#8230;!<\/p>\n<p>Lara Croft ist ja wohl das Ideal (man vergleiche dazu Betty Boop der 30er!): Messerscharfer Intellekt, Bibliotheksf\u00fcllende Bildung, artistische K\u00f6rperbeherrschung &#8211; und ein K\u00f6rper, der nur aus Zopf, Busen und Beinen zu bestehen scheint.<br \/>\n(Interessant daran \u00fcbrigens, dass ihr meines Wissens alle weiblichen Klischee-Eigenschaften fehlen. Vermutlich kann Lara Croft sogar EINPARKEN!)<\/p>\n<p>Lara Croft passt sogar auf einer tieferen Ebene: In dieser Schlacht ist jede eine Einzelk\u00e4mpferin. Der Unterschied: Ich habe keine Ahnung, wo der Weg zum Happy End ist.<\/p>\n<p><i>Grammatikalischer Disclaimer: Sollte niemand diese Gedanken nachvollziehen k\u00f6nnen, bitte \u201ewir\u201c durch \u201eich\u201c ersetzen.<\/i><\/p>\n","protected":false},"excerpt":{"rendered":"<p>Folgen (1) (2) (3) (4) (5) (6) (7) Drau\u00dfen scheint die gelbe Sau(TM), von meinem B\u00fcrofenster aus sehe ich ganz viel blauen Himmel, auf dem zwei Haufenw\u00f6lkchen surfen. Mein Herz h\u00fcpft und schickt Visionen in mein Hirn: Ich im gebl\u00fcmten T\u00fcftelim\u00fcfteli-Kleid, die nackten F\u00fc\u00dfe in hochhackigen Sand\u00e4lchen spazieren mich \u00fcber eine Wiese, Wind zaust an [&hellip;]<\/p>\n","protected":false},"author":2,"featured_media":0,"comment_status":"open","ping_status":"closed","sticky":false,"template":"","format":"standard","meta":{"footnotes":""},"categories":[1],"tags":[],"class_list":["post-286","post","type-post","status-publish","format-standard","hentry","category-general"],"_links":{"self":[{"href":"https:\/\/www.vorspeisenplatte.de\/speisen\/wp-json\/wp\/v2\/posts\/286","targetHints":{"allow":["GET"]}}],"collection":[{"href":"https:\/\/www.vorspeisenplatte.de\/speisen\/wp-json\/wp\/v2\/posts"}],"about":[{"href":"https:\/\/www.vorspeisenplatte.de\/speisen\/wp-json\/wp\/v2\/types\/post"}],"author":[{"embeddable":true,"href":"https:\/\/www.vorspeisenplatte.de\/speisen\/wp-json\/wp\/v2\/users\/2"}],"replies":[{"embeddable":true,"href":"https:\/\/www.vorspeisenplatte.de\/speisen\/wp-json\/wp\/v2\/comments?post=286"}],"version-history":[{"count":1,"href":"https:\/\/www.vorspeisenplatte.de\/speisen\/wp-json\/wp\/v2\/posts\/286\/revisions"}],"predecessor-version":[{"id":48003,"href":"https:\/\/www.vorspeisenplatte.de\/speisen\/wp-json\/wp\/v2\/posts\/286\/revisions\/48003"}],"wp:attachment":[{"href":"https:\/\/www.vorspeisenplatte.de\/speisen\/wp-json\/wp\/v2\/media?parent=286"}],"wp:term":[{"taxonomy":"category","embeddable":true,"href":"https:\/\/www.vorspeisenplatte.de\/speisen\/wp-json\/wp\/v2\/categories?post=286"},{"taxonomy":"post_tag","embeddable":true,"href":"https:\/\/www.vorspeisenplatte.de\/speisen\/wp-json\/wp\/v2\/tags?post=286"}],"curies":[{"name":"wp","href":"https:\/\/api.w.org\/{rel}","templated":true}]}}