{"id":28628,"date":"2015-09-13T11:10:40","date_gmt":"2015-09-13T09:10:40","guid":{"rendered":"https:\/\/www.vorspeisenplatte.de\/speisen\/?p=28628"},"modified":"2025-09-16T16:58:10","modified_gmt":"2025-09-16T14:58:10","slug":"journal-samstag-12-september-2015-12-von-12","status":"publish","type":"post","link":"https:\/\/www.vorspeisenplatte.de\/speisen\/2015\/09\/journal-samstag-12-september-2015-12-von-12.htm","title":{"rendered":"Journal Samstag, 12. September 2015 &#8211; 12 von 12"},"content":{"rendered":"<p>Diesmal hatte ich mir keine Erinnerung f\u00fcr <a href=\"http:\/\/draussennurkaennchen.blogspot.de\/p\/12-von-12.html\" target=\"_blank\">12 von 12<\/a> gesetzt &#8211; und schon dauerte es bis zum Fr\u00fchst\u00fcck, dass mich jemand darauf aufmerksam machte. Zum Gl\u00fcck hatte ich w\u00e4hrend meiner Eink\u00e4ufe f\u00fcrs Fr\u00fchst\u00fcck bereits ein Foto aufgenommen.<\/p>\n<p><a href=\"https:\/\/www.vorspeisenplatte.de\/speisen\/archiv\/150912_03_St_Matth\u00e4us.jpg\"><img loading=\"lazy\" decoding=\"async\" src=\"https:\/\/www.vorspeisenplatte.de\/speisen\/archiv\/150912_03_St_Matth\u00e4us.jpg\" alt=\"150912_03_St_Matth\u00e4us\" width=\"410\" height=\"428\" class=\"alignnone size-full wp-image-28630\" \/><\/a><\/p>\n<p>Ich mag die Architektur der benachbarten Kirche St. Matth\u00e4us sehr &#8211; von au\u00dfen. Ich habe es in fast 16 Jahren nicht geschafft, die Kirche zu betreten: Sie \u00f6ffnet nur selten f\u00fcrs Publikum, in Gottesdiensten will ich nicht st\u00f6ren.<\/p>\n<p><a href=\"https:\/\/www.vorspeisenplatte.de\/speisen\/archiv\/150912_04_Fr\u00fchst\u00fcckstafel.jpg\"><img loading=\"lazy\" decoding=\"async\" src=\"https:\/\/www.vorspeisenplatte.de\/speisen\/archiv\/150912_04_Fr\u00fchst\u00fcckstafel.jpg\" alt=\"150912_04_Fr\u00fchst\u00fcckstafel\" width=\"390\" height=\"473\" class=\"alignnone size-full wp-image-28631\" \/><\/a><\/p>\n<p>Mit Besuch an der typisch deutschen Fr\u00fchst\u00fcckstafel. Erst sp\u00e4ter bemerkte ich, dass ich weder Eier noch selbst gemachtes Granola angeboten hatte, das h\u00e4tte die Tafel komplettiert.<\/p>\n<p><a href=\"https:\/\/www.vorspeisenplatte.de\/speisen\/archiv\/150912_05_Sonnentag.jpg\"><img loading=\"lazy\" decoding=\"async\" src=\"https:\/\/www.vorspeisenplatte.de\/speisen\/archiv\/150912_05_Sonnentag.jpg\" alt=\"150912_05_Sonnentag\" width=\"427\" height=\"393\" class=\"alignnone size-full wp-image-28632\" \/><\/a><\/p>\n<p>Erst Mittags lichtete sich der Himmel zum angek\u00fcndigten Sonnentag, der Besuch verlie\u00df das Haus f\u00fcr einen Stadtbummel.<\/p>\n<p><a href=\"https:\/\/www.vorspeisenplatte.de\/speisen\/archiv\/150912_06_Gastgeschenke.jpg\"><img loading=\"lazy\" decoding=\"async\" src=\"https:\/\/www.vorspeisenplatte.de\/speisen\/archiv\/150912_06_Gastgeschenke.jpg\" alt=\"150912_06_Gastgeschenke\" width=\"392\" height=\"392\" class=\"alignnone size-full wp-image-28633\" srcset=\"https:\/\/www.vorspeisenplatte.de\/speisen\/archiv\/150912_06_Gastgeschenke.jpg 392w, https:\/\/www.vorspeisenplatte.de\/speisen\/archiv\/150912_06_Gastgeschenke-150x150.jpg 150w, https:\/\/www.vorspeisenplatte.de\/speisen\/archiv\/150912_06_Gastgeschenke-144x144.jpg 144w\" sizes=\"auto, (max-width: 392px) 100vw, 392px\" \/><\/a><\/p>\n<p>Die Gastgeschenke des Besuchs lie\u00dfen mich von deren gro\u00dfen Obstgarten profitieren (der norddeutsche Schinken, eine Lage ger\u00e4ucherter, eine Lage luftgetrockneter, war nicht selbstgemacht und ist im K\u00fchlschrank links vom Foto).<\/p>\n<p><a href=\"https:\/\/www.vorspeisenplatte.de\/speisen\/archiv\/150912_07_Siesta.jpg\"><img loading=\"lazy\" decoding=\"async\" src=\"https:\/\/www.vorspeisenplatte.de\/speisen\/archiv\/150912_07_Siesta.jpg\" alt=\"150912_07_Siesta\" width=\"343\" height=\"313\" class=\"alignnone size-full wp-image-28634\" \/><\/a><\/p>\n<p>Ich f\u00fchlte mich nicht ganz gesund (komischer Bauch) und nutzte die Gelegenheit einer Siesta im Bett von Hern Kaltmamsell.<\/p>\n<p><a href=\"https:\/\/www.vorspeisenplatte.de\/speisen\/archiv\/150912_08_Zwetschgenkuchen.jpg\"><img loading=\"lazy\" decoding=\"async\" src=\"https:\/\/www.vorspeisenplatte.de\/speisen\/archiv\/150912_08_Zwetschgenkuchen.jpg\" alt=\"150912_08_Zwetschgenkuchen\" width=\"367\" height=\"367\" class=\"alignnone size-full wp-image-28635\" srcset=\"https:\/\/www.vorspeisenplatte.de\/speisen\/archiv\/150912_08_Zwetschgenkuchen.jpg 367w, https:\/\/www.vorspeisenplatte.de\/speisen\/archiv\/150912_08_Zwetschgenkuchen-150x150.jpg 150w, https:\/\/www.vorspeisenplatte.de\/speisen\/archiv\/150912_08_Zwetschgenkuchen-144x144.jpg 144w\" sizes=\"auto, (max-width: 367px) 100vw, 367px\" \/><\/a><\/p>\n<p>Aus den mitgebrachten Zwetschgen wurde ein Kuchen.<\/p>\n<p><a href=\"https:\/\/www.vorspeisenplatte.de\/speisen\/archiv\/150912_10_Isargrillen.jpg\"><img loading=\"lazy\" decoding=\"async\" src=\"https:\/\/www.vorspeisenplatte.de\/speisen\/archiv\/150912_10_Isargrillen.jpg\" alt=\"150912_10_Isargrillen\" width=\"392\" height=\"410\" class=\"alignnone size-full wp-image-28636\" \/><\/a><\/p>\n<p>Der Anlass des Besuchs war an sich ein Hochzeitsgeschenk gewesen: Vergangenes Jahr hatte ich auf der Hochzeit von den Freunden des Brautpaar die Pflicht zu einem Isargrillen auferlegt bekommen. Der Korrespondenz direkt vor der Ankunft der beiden hatte ich aber entnommen, dass echtes Grillen gar nicht unbedingt n\u00f6tig sein w\u00fcrde. Deshalb wurde daraus ein Abendessen im Schnitzelgarten (echte St\u00fchle und Tische, keine verrauchte Kleidung &#8211; es sprach vieles daf\u00fcr).<\/p>\n<p><a href=\"https:\/\/www.vorspeisenplatte.de\/speisen\/archiv\/150912_12_Schuhkammerl.jpg\"><img loading=\"lazy\" decoding=\"async\" src=\"https:\/\/www.vorspeisenplatte.de\/speisen\/archiv\/150912_12_Schuhkammerl.jpg\" alt=\"150912_12_Schuhkammerl\" width=\"327\" height=\"328\" class=\"alignnone size-full wp-image-28637\" srcset=\"https:\/\/www.vorspeisenplatte.de\/speisen\/archiv\/150912_12_Schuhkammerl.jpg 327w, https:\/\/www.vorspeisenplatte.de\/speisen\/archiv\/150912_12_Schuhkammerl-150x150.jpg 150w, https:\/\/www.vorspeisenplatte.de\/speisen\/archiv\/150912_12_Schuhkammerl-144x144.jpg 144w\" sizes=\"auto, (max-width: 327px) 100vw, 327px\" \/><\/a><\/p>\n<p>Sie wollten sicher schon immer wissen, wie mein Schuhkammerl aussieht. (Als wir heimkamen, war es schon finstere Nacht, und ich hatte erst 7 von 12 Fotos gepostet. Da wurde ich kreativ.)<\/p>\n<p><a href=\"https:\/\/www.vorspeisenplatte.de\/speisen\/archiv\/150912_14_Gimlet.jpg\"><img loading=\"lazy\" decoding=\"async\" src=\"https:\/\/www.vorspeisenplatte.de\/speisen\/archiv\/150912_14_Gimlet.jpg\" alt=\"150912_14_Gimlet\" width=\"367\" height=\"395\" class=\"alignnone size-full wp-image-28638\" \/><\/a><\/p>\n<p>Es gab Gimlets, erst einen,<\/p>\n<p><a href=\"https:\/\/www.vorspeisenplatte.de\/speisen\/archiv\/150912_15_Gimletbereitung.jpg\"><img loading=\"lazy\" decoding=\"async\" src=\"https:\/\/www.vorspeisenplatte.de\/speisen\/archiv\/150912_15_Gimletbereitung.jpg\" alt=\"150912_15_Gimletbereitung\" width=\"366\" height=\"397\" class=\"alignnone size-full wp-image-28639\" \/><\/a><\/p>\n<p>dann noch einen.<\/p>\n<p><a href=\"https:\/\/www.vorspeisenplatte.de\/speisen\/archiv\/150912_17_H\u00e4uslichkeit.jpg\"><img loading=\"lazy\" decoding=\"async\" src=\"https:\/\/www.vorspeisenplatte.de\/speisen\/archiv\/150912_17_H\u00e4uslichkeit.jpg\" alt=\"150912_17_H\u00e4uslichkeit\" width=\"318\" height=\"318\" class=\"alignnone size-full wp-image-28640\" srcset=\"https:\/\/www.vorspeisenplatte.de\/speisen\/archiv\/150912_17_H\u00e4uslichkeit.jpg 318w, https:\/\/www.vorspeisenplatte.de\/speisen\/archiv\/150912_17_H\u00e4uslichkeit-150x150.jpg 150w, https:\/\/www.vorspeisenplatte.de\/speisen\/archiv\/150912_17_H\u00e4uslichkeit-144x144.jpg 144w\" sizes=\"auto, (max-width: 318px) 100vw, 318px\" \/><\/a><\/p>\n<p>Hier der Gimletbereiter, selbst ein Glas Rotwein haltend.<\/p>\n<p><a href=\"https:\/\/www.vorspeisenplatte.de\/speisen\/archiv\/150912_24_Selbstportrait_Bett.jpg\"><img loading=\"lazy\" decoding=\"async\" src=\"https:\/\/www.vorspeisenplatte.de\/speisen\/archiv\/150912_24_Selbstportrait_Bett.jpg\" alt=\"150912_24_Selbstportrait_Bett\" width=\"314\" height=\"314\" class=\"alignnone size-full wp-image-28641\" srcset=\"https:\/\/www.vorspeisenplatte.de\/speisen\/archiv\/150912_24_Selbstportrait_Bett.jpg 314w, https:\/\/www.vorspeisenplatte.de\/speisen\/archiv\/150912_24_Selbstportrait_Bett-150x150.jpg 150w, https:\/\/www.vorspeisenplatte.de\/speisen\/archiv\/150912_24_Selbstportrait_Bett-144x144.jpg 144w\" sizes=\"auto, (max-width: 314px) 100vw, 314px\" \/><\/a><\/p>\n<p>Selbstportrait vorm Schlafen.<\/p>\n","protected":false},"excerpt":{"rendered":"<p>Diesmal hatte ich mir keine Erinnerung f\u00fcr 12 von 12 gesetzt &#8211; und schon dauerte es bis zum Fr\u00fchst\u00fcck, dass mich jemand darauf aufmerksam machte. Zum Gl\u00fcck hatte ich w\u00e4hrend meiner Eink\u00e4ufe f\u00fcrs Fr\u00fchst\u00fcck bereits ein Foto aufgenommen. Ich mag die Architektur der benachbarten Kirche St. Matth\u00e4us sehr &#8211; von au\u00dfen. Ich habe es in [&hellip;]<\/p>\n","protected":false},"author":2,"featured_media":0,"comment_status":"open","ping_status":"closed","sticky":false,"template":"","format":"standard","meta":{"footnotes":""},"categories":[2,1],"tags":[],"class_list":["post-28628","post","type-post","status-publish","format-standard","hentry","category-fotos","category-general"],"_links":{"self":[{"href":"https:\/\/www.vorspeisenplatte.de\/speisen\/wp-json\/wp\/v2\/posts\/28628","targetHints":{"allow":["GET"]}}],"collection":[{"href":"https:\/\/www.vorspeisenplatte.de\/speisen\/wp-json\/wp\/v2\/posts"}],"about":[{"href":"https:\/\/www.vorspeisenplatte.de\/speisen\/wp-json\/wp\/v2\/types\/post"}],"author":[{"embeddable":true,"href":"https:\/\/www.vorspeisenplatte.de\/speisen\/wp-json\/wp\/v2\/users\/2"}],"replies":[{"embeddable":true,"href":"https:\/\/www.vorspeisenplatte.de\/speisen\/wp-json\/wp\/v2\/comments?post=28628"}],"version-history":[{"count":3,"href":"https:\/\/www.vorspeisenplatte.de\/speisen\/wp-json\/wp\/v2\/posts\/28628\/revisions"}],"predecessor-version":[{"id":112322,"href":"https:\/\/www.vorspeisenplatte.de\/speisen\/wp-json\/wp\/v2\/posts\/28628\/revisions\/112322"}],"wp:attachment":[{"href":"https:\/\/www.vorspeisenplatte.de\/speisen\/wp-json\/wp\/v2\/media?parent=28628"}],"wp:term":[{"taxonomy":"category","embeddable":true,"href":"https:\/\/www.vorspeisenplatte.de\/speisen\/wp-json\/wp\/v2\/categories?post=28628"},{"taxonomy":"post_tag","embeddable":true,"href":"https:\/\/www.vorspeisenplatte.de\/speisen\/wp-json\/wp\/v2\/tags?post=28628"}],"curies":[{"name":"wp","href":"https:\/\/api.w.org\/{rel}","templated":true}]}}