{"id":28647,"date":"2015-09-14T06:46:28","date_gmt":"2015-09-14T04:46:28","guid":{"rendered":"https:\/\/www.vorspeisenplatte.de\/speisen\/?p=28647"},"modified":"2015-09-14T06:46:28","modified_gmt":"2015-09-14T04:46:28","slug":"journal-sonntag-13-september-2015-freibadabschied","status":"publish","type":"post","link":"https:\/\/www.vorspeisenplatte.de\/speisen\/2015\/09\/journal-sonntag-13-september-2015-freibadabschied.htm","title":{"rendered":"Journal Sonntag, 13. September 2015 &#8211; Freibadabschied"},"content":{"rendered":"<p>Am Morgen verabschiedete ich den Besuch mit Wehmut. Zwar g\u00f6nne ich ihnen ihren anschlie\u00dfenden Urlaub, doch ich hatte es so genossen, von fremden Welten wie Segeln und Rudern erz\u00e4hlt zu bekommen und zwei so klugen, guten Menschen einfach ein bisschen herumleben zu sehen.<\/p>\n<p>Die Sonne schien und versuchte sich in W\u00e4rme, am heutigen Montag schlie\u00dft das Schyrenbad f\u00fcr diese Freibadsaison: letzte Chance auf einen Freibadschwumm.<\/p>\n<p><a href=\"https:\/\/www.vorspeisenplatte.de\/speisen\/archiv\/150913_01_Schyrenbad.jpg\"><img loading=\"lazy\" decoding=\"async\" src=\"https:\/\/www.vorspeisenplatte.de\/speisen\/archiv\/150913_01_Schyrenbad.jpg\" alt=\"150913_01_Schyrenbad\" width=\"476\" height=\"446\" class=\"alignnone size-full wp-image-28652\" \/><\/a><\/p>\n<p>Das Becken war nur wenig genutzt (allerdings mehr von Schwimmerinnen und Schwimmern als von Badeg\u00e4sten), ich konnte ungehindert durchschwimmen.<\/p>\n<p>Auch wenn immer wieder Wolken sie verdeckten, w\u00e4rmte die Sonne genug f\u00fcr Aufenthalt im Freien im Bikini. Allerdings stand sie deutliche tiefer als im Hochsommer, die B\u00e4ume warfen lange und breite Schatten. Da ich Sonne auf Vorrat tanken wollte, verlegt ich meine Decke etwa f\u00fcnf Mal weg vom drohenden Schatten, wanderte insgesamt sicher 20 Meter.<\/p>\n<p><a href=\"https:\/\/www.vorspeisenplatte.de\/speisen\/archiv\/150913_03_Schyrenbad.jpg\"><img loading=\"lazy\" decoding=\"async\" src=\"https:\/\/www.vorspeisenplatte.de\/speisen\/archiv\/150913_03_Schyrenbad.jpg\" alt=\"150913_03_Schyrenbad\" width=\"441\" height=\"441\" class=\"alignnone size-full wp-image-28653\" srcset=\"https:\/\/www.vorspeisenplatte.de\/speisen\/archiv\/150913_03_Schyrenbad.jpg 441w, https:\/\/www.vorspeisenplatte.de\/speisen\/archiv\/150913_03_Schyrenbad-150x150.jpg 150w, https:\/\/www.vorspeisenplatte.de\/speisen\/archiv\/150913_03_Schyrenbad-144x144.jpg 144w\" sizes=\"auto, (max-width: 441px) 100vw, 441px\" \/><\/a><\/p>\n<p>Auf der sp\u00e4rlich belegten Wiese schlenderten Kr\u00e4hen auf der Suche nach Futter. Ich lie\u00df sie an meinen mitgebrachten Brotzeitsemmeln teilhaben, legte ihnen ein paar Mal Semmelbrocken einige Meter von mir entfernt auf die Wiese und sah betont nicht hin. Die erste wartete mit der Annahme des Angebots, bis ich fort war zum Wasserholen. Die anderen Brocken holten sie sich schon in meiner Gegenwart.<\/p>\n<p>Buch ausgelesen.<\/p>\n<p>Zur\u00fcck daheim setzte ich mich mit der Wochenendzeitung auf den Balkon; <a href=\"http:\/\/www.spiegel.de\/politik\/deutschland\/fluechtlinge-thomas-de-maiziere-verkuendet-grenzkontrollen-a-1052724.html\" target=\"_blank\">die nachmitt\u00e4gliche Nachricht von der Einf\u00fchrung deutscher Grenzkontrollen<\/a> hatte gef\u00fchlte 30 Prozent des Inhalts irrelevant werden lassen. <a href=\"http:\/\/www.sueddeutsche.de\/muenchen\/fluechtlinge-fluechtlinge-an-einem-tag-muenchen-kommt-an-seine-grenzen-1.2645178\" target=\"_blank\">Allein am Samstag waren \u00fcber 10.000 Geflohene in M\u00fcnchen angekommen.<\/a> Da die anderen Bundesl\u00e4nder mit Ausnahme von Nordrhein-Westfalen nur z\u00f6gerlich Erstunterk\u00fcnfte bereit gestellt hatten, konnte Oberb\u00fcrgermeister Reiter die Unterbringung nicht mehr garantieren (es musste dann zum Gl\u00fcck doch niemand unter freiem Himmel \u00fcbernachten). Ohne eine gemeinschaftliche Anstrengung aller Bundesl\u00e4nder und aller europ\u00e4ischen L\u00e4nder nutzt aller Freiwilligeneinsatz nichts. <\/p>\n<p>Zur Zeitungslekt\u00fcre bekam ich eine durchgehende Eichh\u00f6rnchenshow, es wird gerade emsig geerntet, gefressen, einander um die Baumst\u00e4mme gejagt.<\/p>\n<p>Sehr genossen, dass ich nochmal bis nachts Fenster und Balkont\u00fcren offen lassen konnte.<\/p>\n","protected":false},"excerpt":{"rendered":"<p>Am Morgen verabschiedete ich den Besuch mit Wehmut. Zwar g\u00f6nne ich ihnen ihren anschlie\u00dfenden Urlaub, doch ich hatte es so genossen, von fremden Welten wie Segeln und Rudern erz\u00e4hlt zu bekommen und zwei so klugen, guten Menschen einfach ein bisschen herumleben zu sehen. Die Sonne schien und versuchte sich in W\u00e4rme, am heutigen Montag schlie\u00dft [&hellip;]<\/p>\n","protected":false},"author":2,"featured_media":0,"comment_status":"open","ping_status":"closed","sticky":false,"template":"","format":"standard","meta":{"footnotes":""},"categories":[2,1],"tags":[],"class_list":["post-28647","post","type-post","status-publish","format-standard","hentry","category-fotos","category-general"],"_links":{"self":[{"href":"https:\/\/www.vorspeisenplatte.de\/speisen\/wp-json\/wp\/v2\/posts\/28647","targetHints":{"allow":["GET"]}}],"collection":[{"href":"https:\/\/www.vorspeisenplatte.de\/speisen\/wp-json\/wp\/v2\/posts"}],"about":[{"href":"https:\/\/www.vorspeisenplatte.de\/speisen\/wp-json\/wp\/v2\/types\/post"}],"author":[{"embeddable":true,"href":"https:\/\/www.vorspeisenplatte.de\/speisen\/wp-json\/wp\/v2\/users\/2"}],"replies":[{"embeddable":true,"href":"https:\/\/www.vorspeisenplatte.de\/speisen\/wp-json\/wp\/v2\/comments?post=28647"}],"version-history":[{"count":8,"href":"https:\/\/www.vorspeisenplatte.de\/speisen\/wp-json\/wp\/v2\/posts\/28647\/revisions"}],"predecessor-version":[{"id":28657,"href":"https:\/\/www.vorspeisenplatte.de\/speisen\/wp-json\/wp\/v2\/posts\/28647\/revisions\/28657"}],"wp:attachment":[{"href":"https:\/\/www.vorspeisenplatte.de\/speisen\/wp-json\/wp\/v2\/media?parent=28647"}],"wp:term":[{"taxonomy":"category","embeddable":true,"href":"https:\/\/www.vorspeisenplatte.de\/speisen\/wp-json\/wp\/v2\/categories?post=28647"},{"taxonomy":"post_tag","embeddable":true,"href":"https:\/\/www.vorspeisenplatte.de\/speisen\/wp-json\/wp\/v2\/tags?post=28647"}],"curies":[{"name":"wp","href":"https:\/\/api.w.org\/{rel}","templated":true}]}}