{"id":28940,"date":"2015-10-05T07:11:49","date_gmt":"2015-10-05T05:11:49","guid":{"rendered":"https:\/\/www.vorspeisenplatte.de\/speisen\/?p=28940"},"modified":"2016-10-08T19:00:46","modified_gmt":"2016-10-08T17:00:46","slug":"journal-sonntag-4-oktober-2015-karpfen-im-altmuehltal","status":"publish","type":"post","link":"https:\/\/www.vorspeisenplatte.de\/speisen\/2015\/10\/journal-sonntag-4-oktober-2015-karpfen-im-altmuehltal.htm","title":{"rendered":"Journal Sonntag, 4. Oktober 2015 &#8211; Karpfen im Altm\u00fchltal"},"content":{"rendered":"<p>Am Sonntagmorgen fr\u00fch aufgewacht, in milder Luft auf den Balkon getreten und einen ungew\u00f6hnlicher Geruch eingeatmet. Es mischten sich die D\u00fcfte einer warmen Nacht mit Erde- und Bl\u00e4tterger\u00fcchen des Herbsts, es war wohl genau die Stunde des Wetterumschwungs. Eine Begleiterscheinung war ein wundersch\u00f6ner Regenbogen, so deutlich, wie ich ihn noch nie gesehen hatte.<\/p>\n<p><a href=\"https:\/\/www.vorspeisenplatte.de\/speisen\/archiv\/151004_03_Regenbogen.jpg\"><img loading=\"lazy\" decoding=\"async\" src=\"https:\/\/www.vorspeisenplatte.de\/speisen\/archiv\/151004_03_Regenbogen.jpg\" alt=\"151004_03_Regenbogen\" width=\"391\" height=\"510\" class=\"alignnone size-full wp-image-28953\" \/><\/a><\/p>\n<p>Vormittags nahm ich mit Herrn Kaltmamsell einen Zug nach Ingolstadt, meine Mutter feiert ihren Geburtstag vor. Am Ankunftsort regnete es bereits leicht. Im Auto und auf der vierspurig voll besetzten Autobahn (in beide Richtungen) fuhren wir ins Altm\u00fchltal: Im <a href=\"http:\/\/www.landgasthof-wagner.de\/de\/m3v\/landgasthof-wagner.html\" target=\"_blank\">Landgasthof Wagner in Unteremmendorf<\/a> war ein Tisch f\u00fcr uns reserviert.<\/p>\n<p>Wir spazierten eine kleine Strecke hin, die Altm\u00fchl im Blick.<\/p>\n<p><a href=\"https:\/\/www.vorspeisenplatte.de\/speisen\/archiv\/151004_06_Unteremmendorf.jpg\"><img loading=\"lazy\" decoding=\"async\" src=\"https:\/\/www.vorspeisenplatte.de\/speisen\/archiv\/151004_06_Unteremmendorf.jpg\" alt=\"151004_06_Unteremmendorf\" width=\"440\" height=\"505\" class=\"alignnone size-full wp-image-28956\" \/><\/a><\/p>\n<p><a href=\"https:\/\/www.vorspeisenplatte.de\/speisen\/archiv\/151004_07_Unteremmendorf.jpg\"><img loading=\"lazy\" decoding=\"async\" src=\"https:\/\/www.vorspeisenplatte.de\/speisen\/archiv\/151004_07_Unteremmendorf.jpg\" alt=\"151004_07_Unteremmendorf\" width=\"510\" height=\"375\" class=\"alignnone size-full wp-image-28957\" \/><\/a><\/p>\n<p>In dieses <a href=\"http:\/\/www.naturpark-altmuehltal.de\/sehenswertes\/zu_gast_im_hirtenhaus-15756\/\" target=\"_blank\">Hirtenh\u00e4usl<\/a> kann man sich sogar einmieten.<\/p>\n<p>Der Gasthof wurde vor einiger Zeit von &#8220;de junga Leit&#8221; \u00fcbernommen, die ihn erkennbar in der bisherigen Tradition weiterf\u00fchren, aber noch expliziter mit saisonalen Gerichten und regionalen Lieferanten:<\/p>\n<p><a href=\"https:\/\/www.vorspeisenplatte.de\/speisen\/archiv\/151004_09_Wagner_Unteremmendorf.jpg\"><img loading=\"lazy\" decoding=\"async\" src=\"https:\/\/www.vorspeisenplatte.de\/speisen\/archiv\/151004_09_Wagner_Unteremmendorf.jpg\" alt=\"151004_09_Wagner_Unteremmendorf\" width=\"392\" height=\"474\" class=\"alignnone size-full wp-image-28958\" \/><\/a><\/p>\n<p>Der Gastraum wurde <a href=\"https:\/\/www.vorspeisenplatte.de\/speisen\/2006\/12\/wieder-ein-adventspaziergang.htm\" target=\"_blank\">seit meinem letzten Besuch vor neun Jahren<\/a> sanft entr\u00fcmpelt, alles spricht von Weiterentwicklung statt Umbruch (dennoch erz\u00e4hlte meine Mutter, &#8220;d&#8217;Anni hat g&#8217;sagt, sie geht jetzt nimmer hi, des is net wia friara&#8221;). Da ich ihn sonst nirgendwo bekomme und sehr gern esse, bestellte ich auch diesmal den Karpfen in Bierteig &#8211; k\u00f6stlich.<\/p>\n<p><a href=\"https:\/\/www.vorspeisenplatte.de\/speisen\/archiv\/151004_11_Wagner_Unteremmendorf.jpg\"><img loading=\"lazy\" decoding=\"async\" src=\"https:\/\/www.vorspeisenplatte.de\/speisen\/archiv\/151004_11_Wagner_Unteremmendorf.jpg\" alt=\"151004_11_Wagner_Unteremmendorf\" width=\"379\" height=\"501\" class=\"alignnone size-full wp-image-28959\" \/><\/a><\/p>\n<p>Selbst die Nichte (10) bestellte Karpfen, und zwar nicht nur wegen der knusprigen Panade, die sie bis aufs letze Kr\u00fcmelchen selbst vom Karpfenkopf nagte. Am Tisch wurden zudem Forelle und Ochsenbackerl gegessen, zur ausgesprochenen Zufriedenheit der Esser.<\/p>\n<p>Eigentlich \u00fcberhaupt kein Wunder, dass ich beim Hereinkommen <a href=\"http:\/\/www.extraprimagood.de\/\" target=\"_blank\">den mittagessenden Herrn Padrone angetroffen hatte<\/a> &#8211; der Gasthof ist Slow-Food-Unterst\u00fctzer.<\/p>\n<p><a href=\"https:\/\/www.vorspeisenplatte.de\/speisen\/archiv\/151004_13_Wagner_Unteremmendorf.jpg\"><img loading=\"lazy\" decoding=\"async\" src=\"https:\/\/www.vorspeisenplatte.de\/speisen\/archiv\/151004_13_Wagner_Unteremmendorf.jpg\" alt=\"151004_13_Wagner_Unteremmendorf\" width=\"376\" height=\"504\" class=\"alignnone size-full wp-image-28962\" \/><\/a><\/p>\n<p>Auf der R\u00fcckfahrt regnete es dann energischer.<\/p>\n<p><a href=\"https:\/\/www.vorspeisenplatte.de\/speisen\/archiv\/151004_18_Autobahn.jpg\"><img loading=\"lazy\" decoding=\"async\" src=\"https:\/\/www.vorspeisenplatte.de\/speisen\/archiv\/151004_18_Autobahn.jpg\" alt=\"151004_18_Autobahn\" width=\"416\" height=\"426\" class=\"alignnone size-full wp-image-28963\" \/><\/a><\/p>\n<p>Im Elternhaus noch selbst gebackene Auszog&#8217;ne und ein Glas Sekt.<\/p>\n<p>Der M\u00fcnchner Bahnhof empfing uns mit einem letzten bizarren Aufb\u00e4umen des Oktoberfestrummels.<\/p>\n<p><a href=\"https:\/\/www.vorspeisenplatte.de\/speisen\/archiv\/151004_20_M\u00fcnchen_Hbf.jpg\"><img loading=\"lazy\" decoding=\"async\" src=\"https:\/\/www.vorspeisenplatte.de\/speisen\/archiv\/151004_20_M\u00fcnchen_Hbf.jpg\" alt=\"151004_20_M\u00fcnchen_Hbf\" width=\"378\" height=\"393\" class=\"alignnone size-full wp-image-28964\" \/><\/a> <img loading=\"lazy\" decoding=\"async\" src=\"https:\/\/ssl-vg03.met.vgwort.de\/na\/cdc3183d60a344178678d6beea57ab93\" width=\"1\" height=\"1\" alt=\"\"\/><\/p>\n","protected":false},"excerpt":{"rendered":"<p>Am Sonntagmorgen fr\u00fch aufgewacht, in milder Luft auf den Balkon getreten und einen ungew\u00f6hnlicher Geruch eingeatmet. Es mischten sich die D\u00fcfte einer warmen Nacht mit Erde- und Bl\u00e4tterger\u00fcchen des Herbsts, es war wohl genau die Stunde des Wetterumschwungs. Eine Begleiterscheinung war ein wundersch\u00f6ner Regenbogen, so deutlich, wie ich ihn noch nie gesehen hatte. Vormittags nahm [&hellip;]<\/p>\n","protected":false},"author":2,"featured_media":0,"comment_status":"open","ping_status":"closed","sticky":false,"template":"","format":"standard","meta":{"footnotes":""},"categories":[6,2,1],"tags":[],"class_list":["post-28940","post","type-post","status-publish","format-standard","hentry","category-essen","category-fotos","category-general"],"_links":{"self":[{"href":"https:\/\/www.vorspeisenplatte.de\/speisen\/wp-json\/wp\/v2\/posts\/28940","targetHints":{"allow":["GET"]}}],"collection":[{"href":"https:\/\/www.vorspeisenplatte.de\/speisen\/wp-json\/wp\/v2\/posts"}],"about":[{"href":"https:\/\/www.vorspeisenplatte.de\/speisen\/wp-json\/wp\/v2\/types\/post"}],"author":[{"embeddable":true,"href":"https:\/\/www.vorspeisenplatte.de\/speisen\/wp-json\/wp\/v2\/users\/2"}],"replies":[{"embeddable":true,"href":"https:\/\/www.vorspeisenplatte.de\/speisen\/wp-json\/wp\/v2\/comments?post=28940"}],"version-history":[{"count":3,"href":"https:\/\/www.vorspeisenplatte.de\/speisen\/wp-json\/wp\/v2\/posts\/28940\/revisions"}],"predecessor-version":[{"id":34319,"href":"https:\/\/www.vorspeisenplatte.de\/speisen\/wp-json\/wp\/v2\/posts\/28940\/revisions\/34319"}],"wp:attachment":[{"href":"https:\/\/www.vorspeisenplatte.de\/speisen\/wp-json\/wp\/v2\/media?parent=28940"}],"wp:term":[{"taxonomy":"category","embeddable":true,"href":"https:\/\/www.vorspeisenplatte.de\/speisen\/wp-json\/wp\/v2\/categories?post=28940"},{"taxonomy":"post_tag","embeddable":true,"href":"https:\/\/www.vorspeisenplatte.de\/speisen\/wp-json\/wp\/v2\/tags?post=28940"}],"curies":[{"name":"wp","href":"https:\/\/api.w.org\/{rel}","templated":true}]}}