{"id":2926,"date":"2008-08-27T10:49:28","date_gmt":"2008-08-27T08:49:28","guid":{"rendered":"https:\/\/www.vorspeisenplatte.de\/speisen\/?p=2926"},"modified":"2008-08-27T17:27:04","modified_gmt":"2008-08-27T15:27:04","slug":"zeitschriftenfrauen-2","status":"publish","type":"post","link":"https:\/\/www.vorspeisenplatte.de\/speisen\/2008\/08\/zeitschriftenfrauen-2.htm","title":{"rendered":"Zeitschriftenfrauen &#8211; 2"},"content":{"rendered":"<p><a href=\"https:\/\/www.vorspeisenplatte.de\/speisen\/2008\/08\/zeitschriftenfrauen.htm\">Hier die erste Folge.<\/a><\/p>\n<p><b>Bunte, Nr. 35, 21.8.2008<\/b><\/p>\n<p>Wie schon bei <i>InStyle<\/i> st\u00f6\u00dft mich dieses Promiklatsch-Magazin auf das Problem, dass ich kaum Prominente als solche erkenne: Sie k\u00f6nnten mir Serafina Enzinger aus Gro\u00dfmehring als Ber\u00fchmtheit vor die Nase halten \u2013 ich w\u00fcrde es Ihnen glauben. Unterschied der <i>Bunte<\/i> zur <i>InStyle<\/i>: Die Ber\u00fchmtheiten schauen meistens schei\u00dfe aus, weil haupts\u00e4chlich heimlich aufgenommene Schnappsch\u00fcsse von ihnen gezeigt werden. Das macht es erheblich einfacher, Reklame zu erkennen: Das sind tendenziell die Seiten, auf denen die Abgebildeten sch\u00f6n ausssehen.<br \/>\nDie Zielgruppe ist wohl auch \u00e4lter: Es gibt Gesundheitsseiten.<\/p>\n<p>Themen: Prominente \u2013 das Inhaltsverzeichnis reiht fast nur Namen auf, unterteilt in die Bet\u00e4tigungsfelder der behandelten Menschen, also Leute, Politik, Kultur, Film\/TV, Sport, Schicksal. Au\u00dferdem gibt es Lebensart, haupts\u00e4chlich, aber nicht nur anhand von Prominenten, sowie die bereits erw\u00e4hnten Gesundheitsseiten.<\/p>\n<p>Packt die Leserinnen an ihren niedrigsten Instinkten und liefert in erster Linie Material zum L\u00e4stern und sich \u00fcber Ber\u00fchmtheiten lustig zu machen \u2013 die Reichen und Sch\u00f6nen dadurch auf gef\u00fchlte Augenh\u00f6he herunterzuholen. Womit Chefredakteurin Patricia Riekel <a href=\"http:\/\/www.sueddeutsche.de\/leben\/artikel\/850\/181291\/4\/\" target=_new>den eigenen Anspruch<\/a> ja erf\u00fcllt h\u00e4tte:<br \/>\n\u201eFrauen m\u00f6chten Geschichten, mit denen sie sich identifizieren. Nach dem Motto: Was w\u00fcrde ich tun, wenn mir das geschehen w\u00fcrde?\u201c<\/p>\n<p>(Hervorstechendes Zitat konnte ich keines mehr nachbl\u00e4ttern: Das Blatt war \u00fcber Nacht von der Gro\u00dfraumb\u00fcrotheke verschwunden; gratuliere, Frau Riekel.)<\/p>\n<p><b>Elle, September 2008<\/b><\/p>\n<p>NOCH mehr Reklameseiten vor der Inhaltsangabe \u2013 da gibt es doch einen Wettstreit unter den Anzeigenverk\u00e4uferinnen, wetten? (21 Seiten Reklame, Impressum, 19 Seiten Reklame, Inhaltsverzeichnis, 2 Seiten Reklame, Editorial, 15 Seiten Reklame, Mitarbeiterportrait, 11 Seiten Reklame \u2013 der erste Artikel beginnt nach 59 Seiten Reklame, Reschpekt)<\/p>\n<p>Themen: Frisuren (scheinen <i>flavour of the month<\/i> zu sein), sch\u00f6ne Accessoires, sch\u00f6ner Schmuck, sch\u00f6ne Autos, Hollywood-Schauspielerinnen und -Schauspieler, Pl\u00e4doyer f\u00fcr Sch\u00f6nheitsfehler (wenige Seiten weiter allerdings Tipps f\u00fcr Frisuren, die von einer gro\u00dfen Nase \u201eablenken\u201c sollen \u2013 und die Propagierung von \u201emakellosem Teint\u201c), neue technische Gadgets (kein Fitzelchen rosa!), Mode nach Alter der Tr\u00e4gerin (bis 60), Kunst (K\u00fcnstler und K\u00fcnstlerinnen, Stiftungen, Design-Trends, Innenarchitektur), Kosmetik, Medizin (frauenspezifische Herzrisiken), Mode (auch britische Klamotten scheinen Thema des Monats zu sein), Mode (60er, Einfl\u00fcsse von Architektur, Metallschmuck),<\/p>\n<blockquote><p>Hosenanz\u00fcge<br \/>\nEndlich sind sie wieder da!<\/p><\/blockquote>\n<p>(Jahaha, und Sie Nulpe hatten nicht mal mitbekommen, dass sie weg waren \u2013 geben Sie\u2019s doch zu!)<br \/>\nschicke Partys.<\/p>\n<p>Texte von teilweise \u00fcberraschend hoher Qualit\u00e4t, manchmal sogar Ausrutscher nach oben ins Feuilletonistische, deshalb hervorstechendes Zitat: \u201eWas Robbie Williams mit Goethes Faust verbindet. Und warum Paris Hilton eine Figur von Beaumarchais sein k\u00f6nnte.\u201c<\/p>\n<p><i>Elle<\/i> ist eine positive \u00dcberraschung: Mehr als nur stereotype Themen, Frauen wird ganz offensichtlich sogar Hirn und intellektueller Anspruch zugetraut. Zwei Modethemen und ein Promi-Thema weniger, statt dessen das eine oder andere Wirtschaftsthema auf brandeins-Niveau sowie ein sauberer Technikartikel \u2013 und ich w\u00fcrde tats\u00e4chlich hin und wieder freiwillig reinschauen.<\/p>\n","protected":false},"excerpt":{"rendered":"<p>Hier die erste Folge. Bunte, Nr. 35, 21.8.2008 Wie schon bei InStyle st\u00f6\u00dft mich dieses Promiklatsch-Magazin auf das Problem, dass ich kaum Prominente als solche erkenne: Sie k\u00f6nnten mir Serafina Enzinger aus Gro\u00dfmehring als Ber\u00fchmtheit vor die Nase halten \u2013 ich w\u00fcrde es Ihnen glauben. Unterschied der Bunte zur InStyle: Die Ber\u00fchmtheiten schauen meistens schei\u00dfe [&hellip;]<\/p>\n","protected":false},"author":2,"featured_media":0,"comment_status":"open","ping_status":"closed","sticky":false,"template":"","format":"standard","meta":{"footnotes":""},"categories":[1],"tags":[],"class_list":["post-2926","post","type-post","status-publish","format-standard","hentry","category-general"],"_links":{"self":[{"href":"https:\/\/www.vorspeisenplatte.de\/speisen\/wp-json\/wp\/v2\/posts\/2926","targetHints":{"allow":["GET"]}}],"collection":[{"href":"https:\/\/www.vorspeisenplatte.de\/speisen\/wp-json\/wp\/v2\/posts"}],"about":[{"href":"https:\/\/www.vorspeisenplatte.de\/speisen\/wp-json\/wp\/v2\/types\/post"}],"author":[{"embeddable":true,"href":"https:\/\/www.vorspeisenplatte.de\/speisen\/wp-json\/wp\/v2\/users\/2"}],"replies":[{"embeddable":true,"href":"https:\/\/www.vorspeisenplatte.de\/speisen\/wp-json\/wp\/v2\/comments?post=2926"}],"version-history":[{"count":0,"href":"https:\/\/www.vorspeisenplatte.de\/speisen\/wp-json\/wp\/v2\/posts\/2926\/revisions"}],"wp:attachment":[{"href":"https:\/\/www.vorspeisenplatte.de\/speisen\/wp-json\/wp\/v2\/media?parent=2926"}],"wp:term":[{"taxonomy":"category","embeddable":true,"href":"https:\/\/www.vorspeisenplatte.de\/speisen\/wp-json\/wp\/v2\/categories?post=2926"},{"taxonomy":"post_tag","embeddable":true,"href":"https:\/\/www.vorspeisenplatte.de\/speisen\/wp-json\/wp\/v2\/tags?post=2926"}],"curies":[{"name":"wp","href":"https:\/\/api.w.org\/{rel}","templated":true}]}}