{"id":29293,"date":"2015-11-02T07:08:55","date_gmt":"2015-11-02T06:08:55","guid":{"rendered":"https:\/\/www.vorspeisenplatte.de\/speisen\/?p=29293"},"modified":"2015-11-02T07:08:55","modified_gmt":"2015-11-02T06:08:55","slug":"journal-sonntag-1-november-2015-allerheiligenleuchten","status":"publish","type":"post","link":"https:\/\/www.vorspeisenplatte.de\/speisen\/2015\/11\/journal-sonntag-1-november-2015-allerheiligenleuchten.htm","title":{"rendered":"Journal Sonntag, 1. November 2015 &#8211; Allerheiligenleuchten"},"content":{"rendered":"<p>Erst als ich durch die strahlende Sonne zum Olympiabad radelte, fiel mir ein, was fehlte: Dieses Jahr hatte ich an die Augsburger Seelenbrezen zu Allerheiligen nicht mal gedacht (gro\u00dfe Brezen aus s\u00fc\u00dfem Hefeteig, gibt es nur zu Allerheiligen). Halloween hatte ich lediglich \u00fcber Meldungen anderer auf Twitter mitbekommen, mein Eck der Stadt ist davon v\u00f6llig unbehelligt.<\/p>\n<p>Die Wanderung vom Vortag machte sich in Ans\u00e4tzen von Muskelkater bemerkbar. Ich schwankte, ob jetzt Lage Ruhe oder Bewegung besser war, doch meine Lust aufs Schwimmen siegte unabh\u00e4ngig davon &#8211; zumal ich wusste, dass ich kommende Woche kaum Gelegenheit zu Sport finden w\u00fcrde. Nach nebligen Morgenstunden war der Himmel wolkenlos, ich genoss sowohl das Radeln zum und vom Olympiabad als auch die gut 3.000 Meter darin (verz\u00e4hlte mich mehrmals, rundete immer ab). <a href=\"https:\/\/www.vorspeisenplatte.de\/speisen\/archiv\/151003_03_Schwimmbrille.jpg\" target=\"_blank\">Mit der neuen Schwimmbrille<\/a> bin ich noch nicht zufrieden: Damit sie dicht sa\u00df, musste ich ihren Sitz mehrfach korrigieren und sie schmerzhaft fest ziehen.<\/p>\n<p><a href=\"https:\/\/www.vorspeisenplatte.de\/speisen\/archiv\/151101_Fensterblick_1.jpg\"><img loading=\"lazy\" decoding=\"async\" src=\"https:\/\/www.vorspeisenplatte.de\/speisen\/archiv\/151101_Fensterblick_1.jpg\" alt=\"151101_Fensterblick_1\" width=\"390\" height=\"456\" class=\"alignnone size-full wp-image-29356\" \/><\/a><\/p>\n<p>Nachmittag im lichtdurchfluteten Wohnzimmer: Internetlesen, Zeitunglesen, Wanderstiefel eingewintert, B\u00fcgeln mit <a href=\"http:\/\/www.wrint.de\/2015\/10\/25\/wr485-frau-diener-verreist-mit-der-transsib\/\" target=\"_blank\">Andrea Dieners Erz\u00e4hlung von ihrer Transsib-Reise im Ohr<\/a>, Telefonat mit Mutter.<\/p>\n<p>Zum Abendessen kochte ich Kartoffelsuppe mit Steinpilzen (meine Mutter hatte erz\u00e4hlt, dass meine polnische Oma eine solche gelegentlich machte, um das Aroma der kostbaren getrockneten Steinpilze m\u00f6glichst ergiebig zu nutzen &#8211; kann es sein, dass Tr\u00fcffel die Steinpilze des gro\u00dfen Mannes sind?), Herr Kaltmamsell briet Roschtbief, dazu Endivienreste aus Ernteanteil. Im Fernsehen lie\u00dfen wir <i>Unheimliche Begegnung der dritten Art<\/i> laufen: Zu meiner gro\u00dfen \u00dcberraschung hatte der Science-Fiction-Buff an meiner Seite den Film nie gesehen.<\/p>\n<p>\u00a7<\/p>\n<p>Sigrid L\u00f6ffler hat die Laudatio auf Daniela Strigl zur Verleihung des Berliner Preises f\u00fcr Literaturkritik gehalten:<br \/>\n<a href=\"http:\/\/www.welt.de\/print\/die_welt\/literatur\/article148272086\/Die-Rettung-der-Kritik.html\" target=\"_blank\">&#8220;Die Rettung der Kritik&#8221;.<\/a><\/p>\n<p>Daniela Strigl ist m\u00f6glicherweise die kl\u00fcgste Literaturkritikerin, die mir je begegnet ist, und ich habe sie samt ihrem Humor ohne jede Albernheit in Klagenfurt sehr vermisst. Sigrid L\u00f6ffler zitiert sie zum Beispiel mit folgendem Klugen:<\/p>\n<blockquote><p>&#8220;Der Journalismus ist inzwischen so vordringlich mit dem eigenen \u00dcberleben besch\u00e4ftigt, dass er Probleme der Sprache als Luxusprobleme begreift. Gegen\u00fcber Fragen des Stils, aber auch banalen Grammatik- und Rechtschreibfehlern herrscht eine l\u00e4hmende Gleichg\u00fcltigkeit. Nichts ist wirklich peinlich. Der schreibenden Zunft ist die Zunftehre abhanden gekommen. Sichtbar wird dies in einer kollektiven Kapitulation vor der Phrase, dem Modewort, dem Jargon. Denn die sprachliche Uniformierung ist ein Symptom f\u00fcr den Verzicht auf eigene Denkarbeit. Dort, wo man sich selber nichts denkt, \u00fcbernimmt man das Vorgedachte, das hei\u00dft: das von der Macht einem Zugedachte. In diesem Sinne ist Sprachkritik demokratische Geistessch\u00e4rfung.&#8221;<\/p><\/blockquote>\n<p>\u00a7<\/p>\n<p>Sowas mag ich einfach:<br \/>\n<a href=\"http:\/\/www.visualnews.com\/2015\/10\/25\/auto-mechanics-recreate-renaissance-paintings-in-this-charming-photo-series\/\" target=\"_blank\">&#8220;Auto Mechanics Recreate Renaissance Paintings in this Charming Photo Series&#8221;.<\/a><\/p>\n<p>\u00a7<\/p>\n<p>Sowas mag ich auch sehr: <a href=\"http:\/\/www.falstaff.de\/gourmetartikel\/food-photo-festival-2015-top-ten-der-besten-11625.html\" target=\"_blank\">Stevan Paul berichtet vom Food Photo Festival 2015<\/a>, und es waren <a href=\"http:\/\/www.mariececilethijs.com\/1162292\/food\" target=\"_blank\">die Bilder von Marie Cecile Thijs<\/a>, die mich umhauten. (Auch ihre anderen Sujets gefallen mir sehr gut.)<\/p>\n","protected":false},"excerpt":{"rendered":"<p>Erst als ich durch die strahlende Sonne zum Olympiabad radelte, fiel mir ein, was fehlte: Dieses Jahr hatte ich an die Augsburger Seelenbrezen zu Allerheiligen nicht mal gedacht (gro\u00dfe Brezen aus s\u00fc\u00dfem Hefeteig, gibt es nur zu Allerheiligen). Halloween hatte ich lediglich \u00fcber Meldungen anderer auf Twitter mitbekommen, mein Eck der Stadt ist davon v\u00f6llig [&hellip;]<\/p>\n","protected":false},"author":2,"featured_media":0,"comment_status":"open","ping_status":"closed","sticky":false,"template":"","format":"standard","meta":{"footnotes":""},"categories":[6,2,1],"tags":[],"class_list":["post-29293","post","type-post","status-publish","format-standard","hentry","category-essen","category-fotos","category-general"],"_links":{"self":[{"href":"https:\/\/www.vorspeisenplatte.de\/speisen\/wp-json\/wp\/v2\/posts\/29293","targetHints":{"allow":["GET"]}}],"collection":[{"href":"https:\/\/www.vorspeisenplatte.de\/speisen\/wp-json\/wp\/v2\/posts"}],"about":[{"href":"https:\/\/www.vorspeisenplatte.de\/speisen\/wp-json\/wp\/v2\/types\/post"}],"author":[{"embeddable":true,"href":"https:\/\/www.vorspeisenplatte.de\/speisen\/wp-json\/wp\/v2\/users\/2"}],"replies":[{"embeddable":true,"href":"https:\/\/www.vorspeisenplatte.de\/speisen\/wp-json\/wp\/v2\/comments?post=29293"}],"version-history":[{"count":10,"href":"https:\/\/www.vorspeisenplatte.de\/speisen\/wp-json\/wp\/v2\/posts\/29293\/revisions"}],"predecessor-version":[{"id":29360,"href":"https:\/\/www.vorspeisenplatte.de\/speisen\/wp-json\/wp\/v2\/posts\/29293\/revisions\/29360"}],"wp:attachment":[{"href":"https:\/\/www.vorspeisenplatte.de\/speisen\/wp-json\/wp\/v2\/media?parent=29293"}],"wp:term":[{"taxonomy":"category","embeddable":true,"href":"https:\/\/www.vorspeisenplatte.de\/speisen\/wp-json\/wp\/v2\/categories?post=29293"},{"taxonomy":"post_tag","embeddable":true,"href":"https:\/\/www.vorspeisenplatte.de\/speisen\/wp-json\/wp\/v2\/tags?post=29293"}],"curies":[{"name":"wp","href":"https:\/\/api.w.org\/{rel}","templated":true}]}}