{"id":30937,"date":"2016-03-02T07:11:25","date_gmt":"2016-03-02T06:11:25","guid":{"rendered":"https:\/\/www.vorspeisenplatte.de\/speisen\/?p=30937"},"modified":"2016-03-02T07:11:25","modified_gmt":"2016-03-02T06:11:25","slug":"journal-dienstag-1-maerz-2016-schnee-und-bloggercocktails","status":"publish","type":"post","link":"https:\/\/www.vorspeisenplatte.de\/speisen\/2016\/03\/journal-dienstag-1-maerz-2016-schnee-und-bloggercocktails.htm","title":{"rendered":"Journal Dienstag, 1. M\u00e4rz 2016 &#8211; Schnee und Bloggercocktails"},"content":{"rendered":"<p>Als ich Herrn Kaltmamsell einen guten Morgen w\u00fcnschte, riet er: &#8220;Schau lieber nicht raus.&#8221; Aber bereits die Ger\u00e4uschkulisse beim Aufwachen (Schneer\u00e4umen) hatte mir verraten, wie es da aussah.<\/p>\n<p><img loading=\"lazy\" decoding=\"async\" src=\"https:\/\/www.vorspeisenplatte.de\/speisen\/archiv\/160301_02_Balkonblick.jpg\" alt=\"160301_02_Balkonblick\" width=\"397\" height=\"431\" class=\"alignnone size-full wp-image-30941\" \/><\/p>\n<p>Auf dem Weg in die Arbeit schneite es weiter.<\/p>\n<p><img loading=\"lazy\" decoding=\"async\" src=\"https:\/\/www.vorspeisenplatte.de\/speisen\/archiv\/160301_04_Kaiser_Ludwig_Platz.jpg\" alt=\"160301_04_Kaiser_Ludwig_Platz\" width=\"524\" height=\"356\" class=\"alignnone size-full wp-image-30943\" \/><\/p>\n<p><img loading=\"lazy\" decoding=\"async\" src=\"https:\/\/www.vorspeisenplatte.de\/speisen\/archiv\/160301_05_Theresienwiese.jpg\" alt=\"160301_05_Theresienwiese\" width=\"559\" height=\"374\" class=\"alignnone size-full wp-image-30944\" \/><\/p>\n<p><img loading=\"lazy\" decoding=\"async\" src=\"https:\/\/www.vorspeisenplatte.de\/speisen\/archiv\/160301_07_Bavariapark.jpg\" alt=\"160301_07_Bavariapark\" width=\"425\" height=\"508\" class=\"alignnone size-full wp-image-30942\" \/><\/p>\n<p>Nein, das ist kein Filter \u00fcber dem untersten Bild, das ist eine nasse Linse.<\/p>\n<p>\u00dcber den Tag h\u00f6rte der Schnee aber auf. Es blieb d\u00fcster, grau und matschig.<\/p>\n<p>Abends die sehr befreute Verabredung mit einer in M\u00fcnchen gebliebenen Bloggerin vom Wochenende samt Begleitung, die mit einer Einladung in den Westerwald endete. Dann habe ich da also einen Termin im Sommer.<\/p>\n<p>\u00a7<\/p>\n<p>Giovanni di Lorenzo, Herausgeber der <i>Zeit<\/i> hielt eine &#8220;Dresdner Rede&#8221;, in der er die Entstehung des Konzepts L\u00fcgenpresse analysiert &#8211; aus der Perspektive der Rezipienten, aber auch aus der Sicht der Medien, mit vielen konkreten Beispielen. Di Lorenzo setzt auf Aufkl\u00e4rung und Transparenz. Ich w\u00fcnschte es g\u00e4be mehr Beweise, dass das tats\u00e4chlich wirkt.<br \/>\n<a href=\"http:\/\/www.zeit.de\/kultur\/2016-02\/dresdner-rede-dresden-giovanni-di-lorenzo\/komplettansicht\" target=\"_blank\">&#8220;Alles L\u00fcge? Warum Deutschlands Medien so stark \u2013 und manchmal doch so angreifbar sind&#8221;.<\/a><\/p>\n<p>\u00a7<\/p>\n<p>Warum ich Blogs liebe, Folge f\u00fcnfstellig. Frau Br\u00fcllen schildert einen Ausschnitt ihrer Arbeit f\u00fcr ein Schweizer Pharmaunternehmen, n\u00e4mlich ein Konferenztelefonat mit der US-Beh\u00f6rde Center of Disease Control and Prevention. Wo wenn nicht in Blogs w\u00fcrde ich je von sowas lesen?<br \/>\n<a href=\"http:\/\/bruellen.blogspot.de\/2016\/02\/man-hats-nicht-leicht.html\" target=\"_blank\">&#8220;Man hat&#8217;s nicht leicht.&#8221;<\/a><\/p>\n","protected":false},"excerpt":{"rendered":"<p>Als ich Herrn Kaltmamsell einen guten Morgen w\u00fcnschte, riet er: &#8220;Schau lieber nicht raus.&#8221; Aber bereits die Ger\u00e4uschkulisse beim Aufwachen (Schneer\u00e4umen) hatte mir verraten, wie es da aussah. Auf dem Weg in die Arbeit schneite es weiter. Nein, das ist kein Filter \u00fcber dem untersten Bild, das ist eine nasse Linse. \u00dcber den Tag h\u00f6rte [&hellip;]<\/p>\n","protected":false},"author":2,"featured_media":0,"comment_status":"open","ping_status":"closed","sticky":false,"template":"","format":"standard","meta":{"footnotes":""},"categories":[1],"tags":[],"class_list":["post-30937","post","type-post","status-publish","format-standard","hentry","category-general"],"_links":{"self":[{"href":"https:\/\/www.vorspeisenplatte.de\/speisen\/wp-json\/wp\/v2\/posts\/30937","targetHints":{"allow":["GET"]}}],"collection":[{"href":"https:\/\/www.vorspeisenplatte.de\/speisen\/wp-json\/wp\/v2\/posts"}],"about":[{"href":"https:\/\/www.vorspeisenplatte.de\/speisen\/wp-json\/wp\/v2\/types\/post"}],"author":[{"embeddable":true,"href":"https:\/\/www.vorspeisenplatte.de\/speisen\/wp-json\/wp\/v2\/users\/2"}],"replies":[{"embeddable":true,"href":"https:\/\/www.vorspeisenplatte.de\/speisen\/wp-json\/wp\/v2\/comments?post=30937"}],"version-history":[{"count":3,"href":"https:\/\/www.vorspeisenplatte.de\/speisen\/wp-json\/wp\/v2\/posts\/30937\/revisions"}],"predecessor-version":[{"id":30946,"href":"https:\/\/www.vorspeisenplatte.de\/speisen\/wp-json\/wp\/v2\/posts\/30937\/revisions\/30946"}],"wp:attachment":[{"href":"https:\/\/www.vorspeisenplatte.de\/speisen\/wp-json\/wp\/v2\/media?parent=30937"}],"wp:term":[{"taxonomy":"category","embeddable":true,"href":"https:\/\/www.vorspeisenplatte.de\/speisen\/wp-json\/wp\/v2\/categories?post=30937"},{"taxonomy":"post_tag","embeddable":true,"href":"https:\/\/www.vorspeisenplatte.de\/speisen\/wp-json\/wp\/v2\/tags?post=30937"}],"curies":[{"name":"wp","href":"https:\/\/api.w.org\/{rel}","templated":true}]}}