{"id":30970,"date":"2016-03-06T09:18:12","date_gmt":"2016-03-06T08:18:12","guid":{"rendered":"https:\/\/www.vorspeisenplatte.de\/speisen\/?p=30970"},"modified":"2016-03-06T09:18:12","modified_gmt":"2016-03-06T08:18:12","slug":"journal-samstag-5-maerz-2016-wmdedgt","status":"publish","type":"post","link":"https:\/\/www.vorspeisenplatte.de\/speisen\/2016\/03\/journal-samstag-5-maerz-2016-wmdedgt.htm","title":{"rendered":"Journal Samstag, 5. M\u00e4rz 2016 &#8211; WMDEDGT"},"content":{"rendered":"<p>Am 5. jedes Monats m\u00f6chte Frau Br\u00fcllen wissen: <a href=\"http:\/\/bruellen.blogspot.de\/2016\/03\/wmdedgt-0316.html\" target=\"_blank\">Was machst du eigentlich den ganzen Tag?, abgek\u00fcrzt WMDEDGT<\/a>, deshalb in noch erm\u00fcdenderer Ausf\u00fchrlichkeit als sonst:<\/p>\n<p>Gestern schlief ich erst mal aus und blieb im Bett bis acht.<\/p>\n<p>Ich machte Herrn Kaltmamsell und mir Milchkaffee auf der Basis von Cafetera-Espresso, bloggte und hatte dann endlich Zeit f\u00fcr eine ausf\u00fchrliche Betrachtung der Oscar-Kleider bei <a href=\"http:\/\/www.gofugyourself.com\/\" target=\"_blank\">Go fug yourself<\/a>. Wobei das gr\u00f6\u00dfte Vergn\u00fcgen ja in den Assoziationsketten der Autorinnen liegt, <a href=\"http:\/\/www.gofugyourself.com\/oscar-post-party-fugs-and-fabs-celebs-who-changed-03-2016\/2016-vanity-fair-oscar-party-39\" target=\"_blank\">zum Beispiel bei der Ablehnung dieses Kleids<\/a>.<\/p>\n<p>Und falls Sie sich wie ich immer wieder fragen, wie&#8217;s Faye Dunaway geht: <a href=\"http:\/\/www.gofugyourself.com\/oscars-post-parties-fugs-and-fabs-women-wearing-black-03-2016\/2016-vanity-fair-oscar-party-28\" target=\"_blank\">Hier ein aktuelles Bild von der Vanity Fair Party.<\/a> (Ich dachte zum Beispiel letzthin <a href=\"http:\/\/www.imdb.com\/title\/tt0106589\/\" target=\"_blank\">beim <i>Columbo<\/i>-Gucken<\/a> an sie (kommt auf ZDF Neo immer vor dem Abendessen).)<\/p>\n<p>Diese doofen breiten Ausschnitte bis zum G\u00fcrtel scheinen ein Motto gewesen zu sein &#8211; so viele habe ich noch nie bei den Oscars gesehen. Vielleicht sind wir hiermit durch damit? Bitte?<\/p>\n<p>Beim Klicken durch die Bilder merkte ich, dass mich die Frauen am meisten interessierten, die keinen Idealk\u00f6rper haben, ob nun vor\u00fcbergehend (Schwangerschaft) oder dauerhaft: So sch\u00f6n die Roben selbst auch sind &#8211; \u00e4sthetisch interessant wird&#8217;s, wenn sie sich auf einen individuellen K\u00f6rper einstellen m\u00fcssen.<\/p>\n<p>\u00a7<\/p>\n<p>Duschen, anziehen, Rucksack und Einkaufszettel geschnappt, raus zum Einkaufen (was wer am Wochenende kochen w\u00fcrde, hatte ich schon an Vorabend mit Herrn Kaltmamsell vereinbart). Ich musste zwei Runden machen, weil ich eine Idiotin bin.<\/p>\n<p>Geld geholt im Untergrund am Sendlinger Tor, beim Herrmannsdorfer Speck und Brotzeitwammerl, auf dem Viktualienmarkt zwei gro\u00dfe Artischocken. Dann spazierte ich zum Glockenbachviertel. Ich war bester Stimmung, weil ein wenig die Sonne schien, weil ich einen wundersch\u00f6nen Vorhangstoff mit eingestickten Federn bei <a href=\"http:\/\/www.lestissuscolbert.de\/\" target=\"_blank\">Les Tissus Colbert<\/a> in der Blumenstra\u00dfe gesehen und mich der B\u00e4ckereiverk\u00e4ufer bei <a href=\"http:\/\/www.dompierre.de\/\" target=\"_blank\">Dompierre<\/a> mit &#8220;What a lovely lady!&#8221; angesch\u00e4kert hatte<sup><a href=\"#footnote_1_30970\" id=\"identifier_1_30970\" class=\"footnote-link footnote-identifier-link\" title=\"a) Komme ich in das Alter, in dem Verk&auml;ufer nicht mehr bef&uuml;rchten m&uuml;ssen, ich k&ouml;nnte solche Kommentare anders als scherzhaft auffassen, b) schreitet die Prenzlauerbergisierung des Glockenbachviertels voran, so dass auch hier Lehrer ihre Sch&uuml;ler bald mit dem Argument zum Englischlernen bringen, dass sie sonst keinen Kaffee bestellen k&ouml;nnen.\">1<\/a><\/sup>, als mir kurz vorm Tengelmann auffiel, dass ich auf dem Viktualienmarkt den wichtigsten Punkt auf meiner Einkaufsliste vergessen hatte: das Hirschgulasch f\u00fcr Sonntag. Von fr\u00f6hlich zu Selbsthass in unter drei Sekunden: Kein Problem f\u00fcr mich. <\/p>\n<p>Also zog ich nach Abladen der ersten Eink\u00e4ufe nochmal los auf anderer Route zum Vikutalienmarkt, um Hirschgulasch zu besorgen. Auf dem R\u00fcckweg kaufte ich beim Alnatura an der Sonnenstra\u00dfe Knoblauch, Milchprodukte, Eier, au\u00dferdem Gr\u00fcntee f\u00fcr die Arbeit. Und verga\u00df zum Beleg f\u00fcr mein Idiotentum fast meine Handschuhe dort.<\/p>\n<p>\u00a7<\/p>\n<p>Daheim kochte ich Lemon Curd nach dem Rezept meiner englischen Studienfreundin Helene (mit dem sie bei einem \u00f6rtlichen Wettbewerb schon mal gegen eine sp\u00e4ter Zweitplatzierte in <i>The Great British Bake Off<\/i> gewonnen hat!). Allerdings basiert es auf Zubereitung in der Mikrowelle &#8211; die ich nicht habe (nichts Ideologisches, ich will blo\u00df kein weiteres Riesentrumm in der K\u00fcche haben und vermisse sie nicht). Also guckte ich <a href=\"http:\/\/www.ankegroener.de\/?p=8535\" target=\"_blank\">bei Lemon Curd-Fan Anke nach einer alternativen Methode<\/a>, lie\u00df aber das Wasserbad weg: Ich erinnerte mich n\u00e4mlich, dass Ei bei 80-83 Grad Celsius eindickt, und r\u00fchrte das Gemisch so lange auf mittlerer Hitze, bis es diese Temperatur hatte.<\/p>\n<p><a href=\"http:\/\/www.voelkner.de\/products\/17392\/Digitales-Haushaltsthermometer-E514.html\" target=\"_blank\">Das dazu verwendete Zuckerthermometer<\/a> ist eine Erinnerung an Herrn Kaltmamsells monatelange Experimente mit Fudge-Rezepten, britisch und amerikanisch. Ich verwende es regelm\u00e4\u00dfig, unter anderem bei der Joghurtherstellung. Die Temperatur von \u00fcber 80 Grad bedeutet \u00fcbrigens auch, dass das Ei im Lemon Curd nicht mehr roh ist und man das (den?) Curd ein paar Wochen im K\u00fchlschrank lagern kann. Wie von Helene geraten, r\u00fchrte ich abschlie\u00dfend einen Essl\u00f6ffel Drambuie ein &#8211; gute Idee. (Nein, ich wei\u00df nicht, warum nochmal wir eine Drittel-volle Flasche Drambuie im Schrank stehen haben.)<\/p>\n<p><img loading=\"lazy\" decoding=\"async\" src=\"https:\/\/www.vorspeisenplatte.de\/speisen\/archiv\/160305_05_Lemon_curd.jpg\" alt=\"160305_05_Lemon_curd\" width=\"505\" height=\"353\" class=\"alignnone size-full wp-image-30984\" \/><\/p>\n<p>Fr\u00fchst\u00fcck!<br \/>\nHelene hatte auch notiert, dass sie mal Curd aus dem Saft frischer schwarzer Johannisbeeren gemacht habe: &#8220;It was seriously yummy!&#8221; Wird im Hochsommer ausprobiert.<\/p>\n<p>\u00a7<\/p>\n<p>Ein paar B\u00fccher online bestellt &#8211; per E-Mail beim <a href=\"http:\/\/www.tucholskybuchhandlung.de\/\" target=\"_blank\">Buchladen Tucholsky<\/a>, wo ich sie n\u00e4chste Woche nach der Arbeit abhole. Auch nicht umst\u00e4ndlicher als ein Gang zur Packstation.<\/p>\n<p>Twitter hinterhergelesen &#8211; die Tweets seit Samstagabend, bereits angeklickte Artikel daraus von mehreren Tagen.<\/p>\n<p>Eine weitere h\u00f6chst spannende Hausarbeit einer Nachwuchskunsthistorikerin gegengelesen, mit Genuss und Belehrung.<\/p>\n<p>\u00a7<\/p>\n<p>Auf Twitter erfahren, <a href=\"http:\/\/gedankentraeger.de\/?p=4831\" target=\"_blank\">dass Monika, Frau Gedankentr\u00e4ger, ihren Sohn John in der Nacht auf Samstag verloren hat<\/a>. Das ersch\u00fcttert mich schwer: \u00dcber das Blog seiner Mutter verfolge ich ja Johns Leben seit \u00fcber zehn Jahren. Ich habe von ihm und seiner Mutter unglaublich viel \u00fcber Autismus gelernt, <a href=\"https:\/\/www.vorspeisenplatte.de\/speisen\/2012\/06\/unser-buchprojekt-tomorrow-can-wait.htm\" target=\"_blank\">das Buch <i>Tomorrow Can Wait<\/i><\/a> mitfinanziert und begeistert gelesen. Oh nein, das ist so furchtbar. Ich h\u00e4tte John so gern erwachsen werden sehen. <a href=\"http:\/\/www.amazon.de\/Tomorrow-Can-Wait-Exploring-Autistic\/dp\/0615829880\" target=\"_blank\">Das Buch<\/a> empfehle ich immer noch und hoffe, dass die Menschen aufh\u00f6ren, &#8220;autistisch&#8221; als Beleidigung zu verwenden &#8211; oder es Menschen zuzuschreiben, deren zwischenmenschlicher Umgang ihnen seltsam vorkommt.<\/p>\n<p>Zum Gedankenflie\u00dfenlassenk\u00f6nnen geb\u00fcgelt.<\/p>\n<p>\u00a7<\/p>\n<p>Den Abend l\u00e4uteten Herr Kaltmamsell und ich mit Cosmopolitans ein.<\/p>\n<p><img loading=\"lazy\" decoding=\"async\" src=\"https:\/\/www.vorspeisenplatte.de\/speisen\/archiv\/160305_08_Cosmopolitan.jpg\" alt=\"160305_08_Cosmopolitan\" width=\"343\" height=\"427\" class=\"alignnone size-full wp-image-30988\" \/><\/p>\n<p>Der Herr hatte sich noch daran erinnert, dass dieser Cocktail sehr betrunken macht, ich war \u00fcberrascht.<\/p>\n<p><img loading=\"lazy\" decoding=\"async\" src=\"https:\/\/www.vorspeisenplatte.de\/speisen\/archiv\/160305_11_Artischocke.jpg\" alt=\"160305_11_Artischocke\" width=\"391\" height=\"442\" class=\"alignnone size-full wp-image-30989\" \/><\/p>\n<p>Zur Vorspeise Artischocken mit selbst gemachter Knoblauchmajo (verd\u00fcnnt mit Joghurt), zubereitet von mir.<\/p>\n<p><img loading=\"lazy\" decoding=\"async\" src=\"https:\/\/www.vorspeisenplatte.de\/speisen\/archiv\/160305_14_Sellerieauflauf.jpg\" alt=\"160305_14_Sellerieauflauf\" width=\"301\" height=\"366\" class=\"alignnone size-full wp-image-30990\" \/><\/p>\n<p>Dann <a href=\"http:\/\/magentratzerl.net\/2016\/02\/02\/sellerie-au-gratin\/\" target=\"_blank\">Selleriegratin<\/a> (Sellerie aus Ernteanteil), zubereitet von Herrn Kaltmamsell.<\/p>\n<p>Dazu guckten wir \u00fcbers Internet <a href=\"http:\/\/www.tvnow.de\/vox\/kitchen-impossible-maelzer-vs-raue\/list\/aktuell\/folge-4-tim-maelzer-vs-juan-amador\/player\" target=\"_blank\">die letztw\u00f6chige Folge <i>Kitchen impossible<\/i><\/a> an, von der <a href=\"http:\/\/www.indiskretionehrensache.de\/2016\/02\/kitchen-impossible-tim-maelzer\/\" target=\"_blank\">so viel geschw\u00e4rmt worden war<\/a>.<\/p>\n<p>Nun habe ich ja keinen Vergleich, weil mich Fernseh-Kochshows nicht interessieren und ich die anderen nicht kenne. Aber dieses Konzept fand ich ganz spannend, unter anderem das nicht-lineare Erz\u00e4hlen: Dazwischen wird immer wieder gezeigt, wie die konkurrierenden K\u00f6che zusammen ansehen, was von ihnen bei ihren Abenteuern gefilmt wurde.<br \/>\nWor\u00fcber ich immer wieder bei Fernseh-Non-fiction stolpere: Dass das Kamerateam nicht thematisiert wird. Juan Amador wird beim Trampen in Finnland nicht mitgenommen? Klar: Wenn ich einen Mann plus Kamerateam am Stra\u00dfenrand stehen sehe, halte ich auch nicht an. Amador steigt in ein Auto, das endlich h\u00e4lt, und f\u00e4hrt los &#8211; und in der n\u00e4chsten Aufnahme sitzt das Kamerteam offensichtlich auf dem R\u00fccksitz und filmt ihn im Gespr\u00e4ch. Ich f\u00fchlte mich verarscht. Im Theater spricht man ja von der unsichtbaren vierten Wand, der zum Publikum &#8211; gibt es im Fernsehen eine unsichtbare zweite, hinter der das Kamerateam steht?<br \/>\nDas soll sich jetzt aber nicht so lesen, als glaubte ich, die Show sei nicht ohnehin von A bis Z durchgescripted.<\/p>\n<p>\u00a7<\/p>\n<p>Sch\u00f6ne Leseentdeckung bei Maximilian Buddenbohm:<br \/>\n<a href=\"http:\/\/www.herzdamengeschichten.de\/2016\/03\/05\/kleine-szenen-8\/\" target=\"_blank\">&#8220;Kleine Szenen (8)&#8221;.<\/a> <img loading=\"lazy\" decoding=\"async\" src=\"https:\/\/ssl-vg03.met.vgwort.de\/na\/c04f0f8eadab4e3cbd1b9e54a04857b3\" width=\"1\" height=\"1\" alt=\"\"\/><\/p>\n<ol class=\"footnotes\"><li id=\"footnote_1_30970\" class=\"footnote\">a) Komme ich in das Alter, in dem Verk\u00e4ufer nicht mehr bef\u00fcrchten m\u00fcssen, ich k\u00f6nnte solche Kommentare anders als scherzhaft auffassen, b) schreitet die Prenzlauerbergisierung des Glockenbachviertels voran, so dass auch hier Lehrer ihre Sch\u00fcler bald mit dem Argument zum Englischlernen bringen, dass sie sonst keinen Kaffee bestellen k\u00f6nnen.<span class=\"footnote-back-link-wrapper\"> [<a href=\"#identifier_1_30970\" class=\"footnote-link footnote-back-link\">&#8617;<\/a>]<\/span><\/li><\/ol>","protected":false},"excerpt":{"rendered":"<p>Am 5. jedes Monats m\u00f6chte Frau Br\u00fcllen wissen: Was machst du eigentlich den ganzen Tag?, abgek\u00fcrzt WMDEDGT, deshalb in noch erm\u00fcdenderer Ausf\u00fchrlichkeit als sonst: Gestern schlief ich erst mal aus und blieb im Bett bis acht. Ich machte Herrn Kaltmamsell und mir Milchkaffee auf der Basis von Cafetera-Espresso, bloggte und hatte dann endlich Zeit f\u00fcr [&hellip;]<\/p>\n","protected":false},"author":2,"featured_media":0,"comment_status":"open","ping_status":"closed","sticky":false,"template":"","format":"standard","meta":{"footnotes":""},"categories":[6,2,1],"tags":[],"class_list":["post-30970","post","type-post","status-publish","format-standard","hentry","category-essen","category-fotos","category-general"],"_links":{"self":[{"href":"https:\/\/www.vorspeisenplatte.de\/speisen\/wp-json\/wp\/v2\/posts\/30970","targetHints":{"allow":["GET"]}}],"collection":[{"href":"https:\/\/www.vorspeisenplatte.de\/speisen\/wp-json\/wp\/v2\/posts"}],"about":[{"href":"https:\/\/www.vorspeisenplatte.de\/speisen\/wp-json\/wp\/v2\/types\/post"}],"author":[{"embeddable":true,"href":"https:\/\/www.vorspeisenplatte.de\/speisen\/wp-json\/wp\/v2\/users\/2"}],"replies":[{"embeddable":true,"href":"https:\/\/www.vorspeisenplatte.de\/speisen\/wp-json\/wp\/v2\/comments?post=30970"}],"version-history":[{"count":3,"href":"https:\/\/www.vorspeisenplatte.de\/speisen\/wp-json\/wp\/v2\/posts\/30970\/revisions"}],"predecessor-version":[{"id":30998,"href":"https:\/\/www.vorspeisenplatte.de\/speisen\/wp-json\/wp\/v2\/posts\/30970\/revisions\/30998"}],"wp:attachment":[{"href":"https:\/\/www.vorspeisenplatte.de\/speisen\/wp-json\/wp\/v2\/media?parent=30970"}],"wp:term":[{"taxonomy":"category","embeddable":true,"href":"https:\/\/www.vorspeisenplatte.de\/speisen\/wp-json\/wp\/v2\/categories?post=30970"},{"taxonomy":"post_tag","embeddable":true,"href":"https:\/\/www.vorspeisenplatte.de\/speisen\/wp-json\/wp\/v2\/tags?post=30970"}],"curies":[{"name":"wp","href":"https:\/\/api.w.org\/{rel}","templated":true}]}}