{"id":31201,"date":"2016-03-28T09:46:53","date_gmt":"2016-03-28T07:46:53","guid":{"rendered":"https:\/\/www.vorspeisenplatte.de\/speisen\/?p=31201"},"modified":"2016-03-28T09:46:53","modified_gmt":"2016-03-28T07:46:53","slug":"journal-karsamstagostersonntag-26-27-maerz-2016-klinikbesuche","status":"publish","type":"post","link":"https:\/\/www.vorspeisenplatte.de\/speisen\/2016\/03\/journal-karsamstagostersonntag-26-27-maerz-2016-klinikbesuche.htm","title":{"rendered":"Journal Karsamstag\/Ostersonntag, 26.\/27. M\u00e4rz 2016 &#8211; Klinikbesuche"},"content":{"rendered":"<p>Am Karsamstag, heutzutage Ostersamstag, war es endlich sonnig. Nach einem halbwegs gem\u00fctlichen Milchkaffee mit Bloggen und einer halben Stunde Kraftgymnastik ging ich ein wenig Einkaufen, unter anderem um f\u00fcr meinen Vater im Krankenhaus Leckereien zu besorgen.<\/p>\n<p>Zu ihm nach Donauw\u00f6rth fuhr ich mittags mit dem Zug. Ich spazierte in der Sonne vom Bahnhof zur Klinik. Meinem Vater ging es so mittelgut. Wegen des Osterwochenendes war kein \u00e4rztliches Personal da, das ihm auch nur sagen konnte, wie lange er voraussichtlich im Krankenhaus w\u00fcrde bleiben m\u00fcssen. Zumindest versorgte ich ihn (neben den spanischen Zeitschriften, die ich mitgebracht hatte) mit Fernsehzugang, damit ihm nicht auch noch langweilig wurde. Das habe ich gleich mal <a href=\"http:\/\/techniktagebuch.tumblr.com\/post\/141826159877\/26-m%C3%A4rz-2016\" target=\"_blank\">f\u00fcrs Techniktagebuch aufgeschrieben<\/a>.<\/p>\n<p>Sch\u00f6ne Aussicht aus dem Krankenzimmer:<\/p>\n<p><a href=\"https:\/\/www.vorspeisenplatte.de\/speisen\/archiv\/160326_04_Donauwoerth.jpg\" rel=\"attachment wp-att-31211\"><img loading=\"lazy\" decoding=\"async\" src=\"https:\/\/www.vorspeisenplatte.de\/speisen\/archiv\/160326_04_Donauwoerth.jpg\" alt=\"160326_04_Donauwoerth\" width=\"279\" height=\"444\" class=\"alignnone size-full wp-image-31211\" \/><\/a><\/p>\n<p>Zur\u00fcck zu Hause setzte ich den <a href=\"https:\/\/www.vorspeisenplatte.de\/rezepte\/fruchtiger-osterzopf.htm\" target=\"_blank\">Osterzopf f\u00fcr Sonntag<\/a> an.<\/p>\n<p>Herr Kaltmamsell machte uns Shakshuka zum Nachtmahl, dann brach ich zu meiner Abendverabredung auf: Cocktails mit Internetmenschen aus Blogs und Twitter. Es war ein sehr fr\u00f6hlicher Abend, ich lernte einiges \u00fcber die B\u00fcrokratie des Ausl\u00e4nderalltags und \u00fcber ambitionierte Bankangestellte. Der Abend dauerte deutlich l\u00e4nger, als ich geplant hatte, schlie\u00dflich musste ich am Ostersonntag fr\u00fch aufstehen, um den Zopf zu backen. Den dritten Cocktail h\u00e4tte es wahrscheinlich wirklich nicht gebraucht, ich war ziemlich betrunken, als ich nach Mitternacht heim kam.<\/p>\n<p>Ich wei\u00df, Eltern k\u00f6nnen da nur m\u00fcde (hihi) l\u00e4cheln: Nach wegen Umstellung auf Sommerzeit nur f\u00fcnf Stunden Schlaf stand ich sehr benommen und noch deutlich alkoholisiert auf. Dennoch war die Zeit bis zur Fahrt zum Osterfr\u00fchst\u00fcck bei meiner Mutter so knapp bemessen, dass ich die Hefez\u00f6pfe direkt aus dem Ofen einpacken musste.<\/p>\n<p><a href=\"https:\/\/www.vorspeisenplatte.de\/speisen\/archiv\/160327_05_Osterzopf.jpg\" rel=\"attachment wp-att-31212\"><img loading=\"lazy\" decoding=\"async\" src=\"https:\/\/www.vorspeisenplatte.de\/speisen\/archiv\/160327_05_Osterzopf.jpg\" alt=\"160327_05_Osterzopf\" width=\"392\" height=\"522\" class=\"alignnone size-full wp-image-31212\" \/><\/a><\/p>\n<p>Es war weiterhin wunderbar sonnig, doch auch im Zug sp\u00fcrte ich den Alkohol der Osternacht noch sehr.<\/p>\n<p><a href=\"https:\/\/www.vorspeisenplatte.de\/speisen\/archiv\/160327_08_Zugfahrt.jpg\" rel=\"attachment wp-att-31213\"><img loading=\"lazy\" decoding=\"async\" src=\"https:\/\/www.vorspeisenplatte.de\/speisen\/archiv\/160327_08_Zugfahrt.jpg\" alt=\"160327_08_Zugfahrt\" width=\"554\" height=\"389\" class=\"alignnone size-full wp-image-31213\" \/><\/a><\/p>\n<p>Osterfr\u00fchst\u00fcck (inneres Kr\u00fcckstockgefuchtel, dass das mittlerweile &#8220;Osterbrunch&#8221; genannt wird), Ostereiersuchen der Nifften, fotografiert von ihrem Vater.<\/p>\n<p><a href=\"https:\/\/www.vorspeisenplatte.de\/speisen\/archiv\/160327_17_Ostertafel.jpg\" rel=\"attachment wp-att-31217\"><img loading=\"lazy\" decoding=\"async\" src=\"https:\/\/www.vorspeisenplatte.de\/speisen\/archiv\/160327_17_Ostertafel.jpg\" alt=\"160327_17_Ostertafel\" width=\"289\" height=\"415\" class=\"alignnone size-full wp-image-31217\" \/><\/a><\/p>\n<p><a href=\"https:\/\/www.vorspeisenplatte.de\/speisen\/archiv\/160327_18_Eiersuchen.jpg\" rel=\"attachment wp-att-31214\"><img loading=\"lazy\" decoding=\"async\" src=\"https:\/\/www.vorspeisenplatte.de\/speisen\/archiv\/160327_18_Eiersuchen.jpg\" alt=\"160327_18_Eiersuchen\" width=\"349\" height=\"455\" class=\"alignnone size-full wp-image-31214\" \/><\/a><\/p>\n<p>Mit Mutter, Bruder und Herrn Kaltmamsell fuhr ich nochmal zu meinem Vater in die Klinik, er war zumindest schon mal deutlich besserer Laune.<\/p>\n","protected":false},"excerpt":{"rendered":"<p>Am Karsamstag, heutzutage Ostersamstag, war es endlich sonnig. Nach einem halbwegs gem\u00fctlichen Milchkaffee mit Bloggen und einer halben Stunde Kraftgymnastik ging ich ein wenig Einkaufen, unter anderem um f\u00fcr meinen Vater im Krankenhaus Leckereien zu besorgen. Zu ihm nach Donauw\u00f6rth fuhr ich mittags mit dem Zug. Ich spazierte in der Sonne vom Bahnhof zur Klinik. [&hellip;]<\/p>\n","protected":false},"author":2,"featured_media":0,"comment_status":"open","ping_status":"closed","sticky":false,"template":"","format":"standard","meta":{"footnotes":""},"categories":[6,2,1],"tags":[],"class_list":["post-31201","post","type-post","status-publish","format-standard","hentry","category-essen","category-fotos","category-general"],"_links":{"self":[{"href":"https:\/\/www.vorspeisenplatte.de\/speisen\/wp-json\/wp\/v2\/posts\/31201","targetHints":{"allow":["GET"]}}],"collection":[{"href":"https:\/\/www.vorspeisenplatte.de\/speisen\/wp-json\/wp\/v2\/posts"}],"about":[{"href":"https:\/\/www.vorspeisenplatte.de\/speisen\/wp-json\/wp\/v2\/types\/post"}],"author":[{"embeddable":true,"href":"https:\/\/www.vorspeisenplatte.de\/speisen\/wp-json\/wp\/v2\/users\/2"}],"replies":[{"embeddable":true,"href":"https:\/\/www.vorspeisenplatte.de\/speisen\/wp-json\/wp\/v2\/comments?post=31201"}],"version-history":[{"count":3,"href":"https:\/\/www.vorspeisenplatte.de\/speisen\/wp-json\/wp\/v2\/posts\/31201\/revisions"}],"predecessor-version":[{"id":31218,"href":"https:\/\/www.vorspeisenplatte.de\/speisen\/wp-json\/wp\/v2\/posts\/31201\/revisions\/31218"}],"wp:attachment":[{"href":"https:\/\/www.vorspeisenplatte.de\/speisen\/wp-json\/wp\/v2\/media?parent=31201"}],"wp:term":[{"taxonomy":"category","embeddable":true,"href":"https:\/\/www.vorspeisenplatte.de\/speisen\/wp-json\/wp\/v2\/categories?post=31201"},{"taxonomy":"post_tag","embeddable":true,"href":"https:\/\/www.vorspeisenplatte.de\/speisen\/wp-json\/wp\/v2\/tags?post=31201"}],"curies":[{"name":"wp","href":"https:\/\/api.w.org\/{rel}","templated":true}]}}