{"id":315,"date":"2004-03-24T10:33:14","date_gmt":"2004-03-24T09:33:14","guid":{"rendered":"https:\/\/www.vorspeisenplatte.de\/speisen\/2004\/03\/was-soll-ich-bloss-anziehen.htm"},"modified":"-0001-11-30T00:00:00","modified_gmt":"-0001-11-29T22:00:00","slug":"was-soll-ich-bloss-anziehen","status":"publish","type":"post","link":"https:\/\/www.vorspeisenplatte.de\/speisen\/2004\/03\/was-soll-ich-bloss-anziehen.htm","title":{"rendered":"\u201eWas soll ich blo\u00df anziehen?\u201c"},"content":{"rendered":"<p>H\u00e4tte ich nicht selbst mal eine Freundin mit dieser Marotte gehabt, hielte ich dieses Frauenklischee \u201eWas soll ich blo\u00df anziehen?\u201c f\u00fcr eine b\u00f6swillige Erfindung der Medien. Ich habe nie einen Menschen kennen gelernt, der mehr Kleidung besessen h\u00e4tte als diese Freundin. Selbst auf Reisen hatte sie f\u00fcr jede Gelegenheit und jeden Tag mehrere Outfits dabei. Vor dem gemeinsamen Ausgehen machte sie sich fertig und stellte dann jedes Mal die gef\u00fcrchtete Frage: \u201eWie sehe ich aus?\u201c Ich lernte schnell, dass \u201esuper, lass uns gehen\u201c gaaaaanz falsch war. Denn dann war ihre Reaktion: \u201eOder soll ich doch was anderes anziehen? Wart ich zeig\u2019s dir.\u201c Damit war der Abend f\u00fcr mich gelaufen, denn nun begann eine Modenschau, die im schlimmsten Fall komplettes Umschminken und Umfrisieren einschloss. Das konnte ich verhindern, indem ich die gef\u00fcrchtete Frage mit einem zehnmin\u00fctigen detailreichen Vortrag beantwortete: \u201eDas schaut klasse aus, weil die Hose deine langen Beine betont \/ du zu dem Rock diese sch\u00f6nen roten Pumps anziehen kannst \/ ich dir das Shirt schon lange neide \/ die Jacke ja wohl blo\u00df noch cool ist \/ die Kn\u00f6pfe von der Bluse genau zu deiner Augenfarbe passen etc., etc.\u201c Brauchte Anstrengung und Improvisationstalent, sparte aber Zeit und Nerven. Als Sahneh\u00e4ubchen wurde solch ein Vortrag mit einem Verbesserungsvorschlag abgeschlossen. \u201eHast du dazu nicht diese silbernen langen Ohrringe? Die m\u00fcssten ph\u00e4nomenal passen. Wart, ich bring sie dir.\u201c<\/p>\n<p>Doch ich werde w\u00fctend, wenn dieses Drama als typisch weiblich bezeichnet wird &#8211; oder gar als Beweis f\u00fcr Weiblichkeit gilt. Tendenziell verachte ich Frauen sogar, wenn sie solch ein Theater anstellen. Doch gestern hat mir eine Psychologin erkl\u00e4rt, was dahinter steckt. Und seither kann ich mich wenigstens zu Mitleid durchringen. Ich fasse mal in meinem Worten zusammen (wodurch alle Argumentationsfehler bitte auf meine Kappe gehen und nicht auf die der Frau Psychologin).<\/p>\n<p>Frauen stehen unter dem Druck, sich st\u00e4ndig inszenieren zu m\u00fcssen. Schlie\u00dflich werden bei Frauen erheblich mehr \u00e4u\u00dfere Kriterien zur Beurteilung herangezogen, als wenn es sich um einen Mann handelte. Die erstbesten Beispiele, die mir einfallen: Angela Merkel, die neue Chefin meines Mitbewohners (die hinter ihrem R\u00fccken \u201eSchneewittchen\u201c oder \u201eBarbie\u201c genannt wird &#8211; was sich sicher nicht auf ihren F\u00fchrungsstil bezieht), Schlagers\u00e4ngerinnen, Uschi Glas. Es geht also nicht einfach nur darum <b>gut<\/b> auszusehen, sondern <b>richtig<\/b>, die Inszenierung zu kontrollieren.<\/p>\n<p>Diese Inszenierung, neudeutsch das \u201eStyling\u201c, beruht in erster Linie auf Kleidung. Beim Anziehen entscheiden sich Frauen f\u00fcr das Bild, mit sie wahrgenommen werden m\u00f6chten. Viele Frauen sind aber in genau diesem Punkt existenziell verunsichert. Frauen stehen in einem Kreuzfeuer von Informationen, welche Kleidung welchen Eindruck vermittelt. Die typischen Attribute, mit denen Kleidung angepriesen wird, lauten <i>vorteilhaft<\/i>, <i>modern<\/i>, <i>modisch<\/i>, <i>flott<\/i>, <i>zum Typ passend<\/i>, <i>feminin<\/i> oder <i>figurbetont<\/i>. Der Eindruck, der erreicht werden soll, ist unter anderem: reflektiert, aktiv, offen, kreativ, lustvoll, gehorsam, flexibel oder erfolgreich, weltgewandt.<br \/>\nDazu kommen die Auswirkungen der eigenen Erziehung, zum Beispiel eine Mutter mit der \u00dcberzeugung, dass niemand Frauen mit tiefem Ausschnitt f\u00fcr integre Menschen h\u00e4lt.<\/p>\n<p>Nur sind all diese Informationen oft widerspr\u00fcchlich, \u00e4ndern sich st\u00e4ndig, sind ideologisch belegt und f\u00fchren in ihrer Gesamtheit zu inneren Konflikten. Nach au\u00dfen dringen diese Konflikte dann so: \u201eWas soll ich blo\u00df anziehen?\u201c<\/p>\n","protected":false},"excerpt":{"rendered":"<p>H\u00e4tte ich nicht selbst mal eine Freundin mit dieser Marotte gehabt, hielte ich dieses Frauenklischee \u201eWas soll ich blo\u00df anziehen?\u201c f\u00fcr eine b\u00f6swillige Erfindung der Medien. Ich habe nie einen Menschen kennen gelernt, der mehr Kleidung besessen h\u00e4tte als diese Freundin. Selbst auf Reisen hatte sie f\u00fcr jede Gelegenheit und jeden Tag mehrere Outfits dabei. [&hellip;]<\/p>\n","protected":false},"author":2,"featured_media":0,"comment_status":"open","ping_status":"open","sticky":false,"template":"","format":"standard","meta":{"footnotes":""},"categories":[1],"tags":[],"class_list":["post-315","post","type-post","status-publish","format-standard","hentry","category-general"],"_links":{"self":[{"href":"https:\/\/www.vorspeisenplatte.de\/speisen\/wp-json\/wp\/v2\/posts\/315","targetHints":{"allow":["GET"]}}],"collection":[{"href":"https:\/\/www.vorspeisenplatte.de\/speisen\/wp-json\/wp\/v2\/posts"}],"about":[{"href":"https:\/\/www.vorspeisenplatte.de\/speisen\/wp-json\/wp\/v2\/types\/post"}],"author":[{"embeddable":true,"href":"https:\/\/www.vorspeisenplatte.de\/speisen\/wp-json\/wp\/v2\/users\/2"}],"replies":[{"embeddable":true,"href":"https:\/\/www.vorspeisenplatte.de\/speisen\/wp-json\/wp\/v2\/comments?post=315"}],"version-history":[{"count":0,"href":"https:\/\/www.vorspeisenplatte.de\/speisen\/wp-json\/wp\/v2\/posts\/315\/revisions"}],"wp:attachment":[{"href":"https:\/\/www.vorspeisenplatte.de\/speisen\/wp-json\/wp\/v2\/media?parent=315"}],"wp:term":[{"taxonomy":"category","embeddable":true,"href":"https:\/\/www.vorspeisenplatte.de\/speisen\/wp-json\/wp\/v2\/categories?post=315"},{"taxonomy":"post_tag","embeddable":true,"href":"https:\/\/www.vorspeisenplatte.de\/speisen\/wp-json\/wp\/v2\/tags?post=315"}],"curies":[{"name":"wp","href":"https:\/\/api.w.org\/{rel}","templated":true}]}}