{"id":31561,"date":"2016-04-25T10:40:29","date_gmt":"2016-04-25T08:40:29","guid":{"rendered":"https:\/\/www.vorspeisenplatte.de\/speisen\/?p=31561"},"modified":"2016-04-25T10:40:29","modified_gmt":"2016-04-25T08:40:29","slug":"journal-sonntag-24-april-2016-schnee-und-abschied-vom-habicht","status":"publish","type":"post","link":"https:\/\/www.vorspeisenplatte.de\/speisen\/2016\/04\/journal-sonntag-24-april-2016-schnee-und-abschied-vom-habicht.htm","title":{"rendered":"Journal Sonntag, 24. April 2016 &#8211; Schnee und Abschied vom Habicht"},"content":{"rendered":"<p>Es war so angek\u00fcndigt, und allso geschah es: Auf meinem Fu\u00dfweg zum Bahnhof schneite es. Ich setzte mich in einen Zug nach Ingolstadt, um meinen eben aus der Reha gekommenen Vater zu begr\u00fc\u00dfen.<\/p>\n<p><a href=\"https:\/\/www.vorspeisenplatte.de\/speisen\/archiv\/160424_03_Bahnfahrt.jpg\"><img loading=\"lazy\" decoding=\"async\" class=\"alignnone size-full wp-image-31563\" src=\"https:\/\/www.vorspeisenplatte.de\/speisen\/archiv\/160424_03_Bahnfahrt.jpg\" alt=\"160424_03_Bahnfahrt\" width=\"555\" height=\"347\" \/><\/a><\/p>\n<p>(Da ich die Spiegelung des Zugfensters nicht wegkriege, erkl\u00e4re ich sie zur k\u00fcnstlerischen Absicht.) Lassen Sie sich von der Sonne nicht t\u00e4uschen: Es war saukalt. Aus dem Rest der Republik trafen bei instagram Bilder ein, <a href=\"https:\/\/www.instagram.com\/p\/BElLyUSRMl1\/\" target=\"_blank\">die noch Schlimmeres zeigten<\/a>.<\/p>\n<p>Unterm Arm, abwechselnd auf der Schulter hatte ich die Rolle Vorhangstoff, aus der meine Mutter Vorh\u00e4nge schneidern wird.<br \/>\nMeinem Vater geht es gut, er braucht keine Schmerztabletten mehr (zumindest nicht mehr f\u00fcr die Ursache der OP; den anderen orthop\u00e4dischen Schaden will er erst n\u00e4chsten Winter angehen).<\/p>\n<p><a href=\"https:\/\/www.vorspeisenplatte.de\/speisen\/archiv\/160424_04_Zarzuela.jpg\"><img loading=\"lazy\" decoding=\"async\" class=\"alignnone size-full wp-image-31564\" src=\"https:\/\/www.vorspeisenplatte.de\/speisen\/archiv\/160424_04_Zarzuela.jpg\" alt=\"160424_04_Zarzuela\" width=\"392\" height=\"488\" \/><\/a><\/p>\n<p>Zur Feier des Tages hatte meine Mutter <i>zarzuela de pescado<\/i> gekocht, serviert in irdener Sch\u00fcssel (mein Vater zeigt auf die <i>chipirones<\/i>, die sich ganz unten in der Sch\u00fcssel verbergen).<\/p>\n<p>Auf der Heimfahrt sah ich bl\u00fchenden Raps. Doch es war weiterhin saukalt, soll es laut Wettervorhersage auch noch ein paar Tage bleiben.<\/p>\n<p>Zu Haus b\u00fcgelte ich, die n\u00e4chsten Tage sind mit Reisevorbereitungen durchgetaktet. Zum B\u00fcgeln h\u00f6rte ich WRINT-Podcast:<br \/>\n<a href=\"http:\/\/www.wrint.de\/2016\/03\/04\/wr519-frau-diener-verreist-schon-wieder-nach-japan\/\" target=\"_blank\">&#8220;Frau Diener verreist schon wieder nach Japan.&#8221;<\/a><\/p>\n<p>Beim Aufr\u00e4umen der W\u00e4sche vom W\u00e4schest\u00e4nder und aus dem Trockner entspann sich eine Grundlagendiskussion um Sockenlagerung mit Herrn Kaltmamsell. Der Herr versuchte unsere unterschiedlichen Auffassungen kurz in Verbindung zu bringen mit <a href=\"http:\/\/www.akweb.de\/\/\/ak_s\/ak615\/24.htm\" target=\"_blank\">der M\u00e4r von unterschiedlichen Sauberkeitsstandards bei M\u00e4nnern und Frauen<\/a>, hielt diese Argumentationslinie aber nicht durch.<\/p>\n<blockquote class=\"twitter-tweet\" data-lang=\"en\">\n<p dir=\"ltr\" lang=\"de\">&#8220;Ich bin ein Freigeist!&#8221; &#8220;Nein, bist du nicht.&#8221;<br \/>\nDiskussion ums Aufbewahren von Socken. (Paarweise oder nicht.) (Nicht.)<\/p>\n<p>\u2014 Thomas Rau (@Herr_Rau) <a href=\"https:\/\/twitter.com\/Herr_Rau\/status\/724273712468496385\">April 24, 2016<\/a><\/p><\/blockquote>\n<p><script src=\"\/\/platform.twitter.com\/widgets.js\" async=\"\" charset=\"utf-8\"><\/script><\/p>\n<p>Als ich beim B\u00fcgeln dann ein Geschirrtuch vermisste, das ich morgens mitgewaschen hatte, fand es sich in der von Herrn Kaltmamsell ausger\u00e4umten Waschmaschine. Sein letztes argumentatives Aufb\u00e4umen: &#8220;M\u00e4nner haben halt eine andere Auffassung von leer als Frauen.&#8221;<\/p>\n<p>Zum Nachtmahl wurde mir <a href=\"https:\/\/magentratzerl.net\/2016\/02\/02\/sellerie-au-gratin\/\" target=\"_blank\">eine Sellerielasagne<\/a> aus dem Ernteanteilsellerie serviert.<\/p>\n<p><a href=\"https:\/\/www.vorspeisenplatte.de\/speisen\/archiv\/buch_macdonald.jpg\"><img loading=\"lazy\" decoding=\"async\" class=\"alignnone size-full wp-image-31430\" src=\"https:\/\/www.vorspeisenplatte.de\/speisen\/archiv\/buch_macdonald.jpg\" alt=\"buch_macdonald\" width=\"150\" height=\"241\" \/><\/a><\/p>\n<p>Vor dem Schlafen las ich <a href=\"https:\/\/en.wikipedia.org\/wiki\/H_is_for_Hawk\" target=\"_blank\"><i>H is for Hawk<\/i><\/a> aus. Ein wirklich besonderes Buch: Helen Macdonald schreibt ihre pers\u00f6nliche Geschichte mit der Falknerei auf. Anlass ist der Tod ihres Vaters, doch in sehr pers\u00f6nlicher, gleichzeitig n\u00fcchterner Weise erz\u00e4hlt sie ihre lebenslange Verbindung mit dieser alten Kunst. Es taucht das kleine M\u00e4dchen auf, das sich in B\u00fccher \u00fcber Falknerei vergr\u00e4bt, die Jugendliche, die unter professioneller Aufsicht die ersten Falken trainiert, der Kauf und das Z\u00e4hmen eines Habichts nach dem Tod des Vaters. Doch der r\u00f6teste Faden ist das Buch <i>The Goshawk<\/i> von T.H. White: Helen hat es als Achtj\u00e4hrige entdeckt und war beim ersten Lesen emp\u00f6rt &#8211; T.H. White macht alles falsch im Umgang mit seinem Habicht. Jetzt, als Erwachsene, vollzieht sie die Handlung des Buches vor dem Hintergrund von Whites Biografie nach, sieht sie in mancher Hinsicht als Parallele zu ihrem eigenen Umgang mit ihrem Habicht Mabel.<\/p>\n<p>Ich habe eine Menge \u00fcber die Falknerei gelernt, ohne dass im Buch jemals doziert w\u00fcrde. Ich habe eine sperrige Pers\u00f6nlichkeit kennengelernt und mich an den ungew\u00f6hnlichen Anblick eines Habichts in ihrer Wohnzimmerecke gew\u00f6hnt, an den noch ungew\u00f6hnlicheren Anblick der jungen Frau, die in Cambrige mit ihrem Habicht auf dem Falknerhandschuh spazieren geht. Auch das Buch ist sperrig: Die Sprache dient sich nicht an, der Verlauf der Erz\u00e4hlung entzieht sich jeder Gef\u00e4lligkeit &#8211; ist aber gleichzeitig dicht gewoben und struktuiert. Gro\u00dfe Empfehlung.<\/p>\n","protected":false},"excerpt":{"rendered":"<p>Es war so angek\u00fcndigt, und allso geschah es: Auf meinem Fu\u00dfweg zum Bahnhof schneite es. Ich setzte mich in einen Zug nach Ingolstadt, um meinen eben aus der Reha gekommenen Vater zu begr\u00fc\u00dfen. (Da ich die Spiegelung des Zugfensters nicht wegkriege, erkl\u00e4re ich sie zur k\u00fcnstlerischen Absicht.) Lassen Sie sich von der Sonne nicht t\u00e4uschen: [&hellip;]<\/p>\n","protected":false},"author":2,"featured_media":0,"comment_status":"open","ping_status":"closed","sticky":false,"template":"","format":"standard","meta":{"footnotes":""},"categories":[3,6,2,1],"tags":[],"class_list":["post-31561","post","type-post","status-publish","format-standard","hentry","category-bucher","category-essen","category-fotos","category-general"],"_links":{"self":[{"href":"https:\/\/www.vorspeisenplatte.de\/speisen\/wp-json\/wp\/v2\/posts\/31561","targetHints":{"allow":["GET"]}}],"collection":[{"href":"https:\/\/www.vorspeisenplatte.de\/speisen\/wp-json\/wp\/v2\/posts"}],"about":[{"href":"https:\/\/www.vorspeisenplatte.de\/speisen\/wp-json\/wp\/v2\/types\/post"}],"author":[{"embeddable":true,"href":"https:\/\/www.vorspeisenplatte.de\/speisen\/wp-json\/wp\/v2\/users\/2"}],"replies":[{"embeddable":true,"href":"https:\/\/www.vorspeisenplatte.de\/speisen\/wp-json\/wp\/v2\/comments?post=31561"}],"version-history":[{"count":3,"href":"https:\/\/www.vorspeisenplatte.de\/speisen\/wp-json\/wp\/v2\/posts\/31561\/revisions"}],"predecessor-version":[{"id":31568,"href":"https:\/\/www.vorspeisenplatte.de\/speisen\/wp-json\/wp\/v2\/posts\/31561\/revisions\/31568"}],"wp:attachment":[{"href":"https:\/\/www.vorspeisenplatte.de\/speisen\/wp-json\/wp\/v2\/media?parent=31561"}],"wp:term":[{"taxonomy":"category","embeddable":true,"href":"https:\/\/www.vorspeisenplatte.de\/speisen\/wp-json\/wp\/v2\/categories?post=31561"},{"taxonomy":"post_tag","embeddable":true,"href":"https:\/\/www.vorspeisenplatte.de\/speisen\/wp-json\/wp\/v2\/tags?post=31561"}],"curies":[{"name":"wp","href":"https:\/\/api.w.org\/{rel}","templated":true}]}}