{"id":31569,"date":"2016-04-26T07:06:03","date_gmt":"2016-04-26T05:06:03","guid":{"rendered":"https:\/\/www.vorspeisenplatte.de\/speisen\/?p=31569"},"modified":"2026-04-24T16:06:46","modified_gmt":"2026-04-24T14:06:46","slug":"journal-montag-25-april-2016-schneegestoeber-und-vietnamesischer-reinfall","status":"publish","type":"post","link":"https:\/\/www.vorspeisenplatte.de\/speisen\/2016\/04\/journal-montag-25-april-2016-schneegestoeber-und-vietnamesischer-reinfall.htm","title":{"rendered":"Journal Montag, 25. April 2016 &#8211; Schneegest\u00f6ber und vietnamesischer Reinfall"},"content":{"rendered":"<p>Ich war froh, dass ich den Wintermantel am Samstag nicht in die Reinigung gebracht habe (nicht aus Hellseherinnentum, sondern weil ich beschlossen hatte, dass er sauber genug ist, ohne Reinigung eingewintert zu werden). Ist vermutlich das Pendant zur Freude von Autobesitzerinnen, die Winterreifen noch nicht ausgewechselt zu haben.<\/p>\n<p>W\u00e4hrend meiner morgendlichen Bauch\u00fcbungen sah ich einzelne Schneeflocken, solche begleiteten mich auch auf dem Fu\u00dfweg in die Arbeit. Kaum im B\u00fcro angekommen,\u00a0wurde es ernst: Schneesturm.<br \/>\nIm Lauf des Tages dann immer wieder Phasen mit dichtem Schneefall, von Weihnachtsqualit\u00e4t bis Pistensegen.<\/p>\n<p><a href=\"https:\/\/www.vorspeisenplatte.de\/speisen\/archiv\/160425_04_Bueroausblick_Schnee.jpg\"><img loading=\"lazy\" decoding=\"async\" class=\"alignnone size-full wp-image-31576\" src=\"https:\/\/www.vorspeisenplatte.de\/speisen\/archiv\/160425_04_Bueroausblick_Schnee.jpg\" alt=\"160425_04_Bueroausblick_Schnee\" width=\"421\" height=\"566\" \/><\/a><\/p>\n<p>Vormittags.<\/p>\n<p><a href=\"https:\/\/www.vorspeisenplatte.de\/speisen\/archiv\/160425_06_Bueroausblick_Schnee.jpg\"><img loading=\"lazy\" decoding=\"async\" class=\"alignnone size-full wp-image-31577\" src=\"https:\/\/www.vorspeisenplatte.de\/speisen\/archiv\/160425_06_Bueroausblick_Schnee.jpg\" alt=\"160425_06_Bueroausblick_Schnee\" width=\"395\" height=\"481\" \/><\/a><\/p>\n<p>Nachmittags.<\/p>\n<p>Nach Feierabend kaufte ich mir f\u00fcr den Urlaub dann doch eine Wanderhose, die auch so hei\u00dft. Zum Gl\u00fcck passte mir eine, die weder in t\u00f6dlichem Beige<sup><a href=\"#footnote_1_31569\" id=\"identifier_1_31569\" class=\"footnote-link footnote-identifier-link\" title=\"Zitat einer der Protagonistinnen des Blogs Advanced Style: &ldquo;Beige kills.&rdquo;\">1<\/a><\/sup> gehalten war, noch mit albernen Rei\u00dfverschl\u00fcssen und Taschen ausgestattet. Die beiden B\u00e4ndel und die eine Tasche, die ich mir nicht erkl\u00e4ren konnte, lie\u00df ich mir von einem Verk\u00e4ufer vorf\u00fchren und verstehe sie jetzt. Nun f\u00fcrchte ich mich nur noch vor dem Ger\u00e4usch der Plastik-bekleideten Oberschenkel beim Gehen, vor dem Swisch, Swisch von Synthetik auf Synthetik.<\/p>\n<p>Abends Verabredung mit einer ehemaligen Arbeitskollegin in einem kleinen vietnamesischen Restaurant. Die Begegnung und das Gespr\u00e4ch freuten mich sehr, doch das Lokal streiche ich schleunigst von meiner Empfehlungsliste: Ich zahlte 18 Euro f\u00fcr ein kleine Sch\u00fcssel Reisnudeln in purer Fischso\u00dfe schwimmend mit ein paar gegrillten Tintenfischringen, wir warteten anderthalb Stunden auf unser Essen, mussten unsere Getr\u00e4nke auf Englisch bestellen, weil die Aushilfsbedienung (frisches Getr\u00e4nk servieren, ohne das leere Glas mitzunehmen?) kaum Deutsch verstand, konnten unser Gespr\u00e4ch ein paar Mal nur schreiend fortsetzen, weil einer der erstaunlich vielen mitgebrachten Hunde offensichtlich nicht Restaurant-tauglich war und mehrfach das Glockenbachviertel zusammenbellte.<br \/>\nAber das Sch\u00f6ne an M\u00fcnchen ist ja, dass nicht nur kein Mangel an verl\u00e4sslich guten Lokalen besteht, sondern dieses auch in der Nische der vietnamesischen.<\/p>\n<ol class=\"footnotes\"><li id=\"footnote_1_31569\" class=\"footnote\">Zitat einer der Protagonistinnen des Blogs <a href=\"http:\/\/advancedstyle.blogspot.de\/\" target=\"_blank\"><i>Advanced Style<\/i><\/a>: &#8220;Beige kills.&#8221;<span class=\"footnote-back-link-wrapper\"> [<a href=\"#identifier_1_31569\" class=\"footnote-link footnote-back-link\">&#8617;<\/a>]<\/span><\/li><\/ol>","protected":false},"excerpt":{"rendered":"<p>Ich war froh, dass ich den Wintermantel am Samstag nicht in die Reinigung gebracht habe (nicht aus Hellseherinnentum, sondern weil ich beschlossen hatte, dass er sauber genug ist, ohne Reinigung eingewintert zu werden). Ist vermutlich das Pendant zur Freude von Autobesitzerinnen, die Winterreifen noch nicht ausgewechselt zu haben. W\u00e4hrend meiner morgendlichen Bauch\u00fcbungen sah ich einzelne [&hellip;]<\/p>\n","protected":false},"author":2,"featured_media":0,"comment_status":"open","ping_status":"closed","sticky":false,"template":"","format":"standard","meta":{"footnotes":""},"categories":[6,2,1],"tags":[],"class_list":["post-31569","post","type-post","status-publish","format-standard","hentry","category-essen","category-fotos","category-general"],"_links":{"self":[{"href":"https:\/\/www.vorspeisenplatte.de\/speisen\/wp-json\/wp\/v2\/posts\/31569","targetHints":{"allow":["GET"]}}],"collection":[{"href":"https:\/\/www.vorspeisenplatte.de\/speisen\/wp-json\/wp\/v2\/posts"}],"about":[{"href":"https:\/\/www.vorspeisenplatte.de\/speisen\/wp-json\/wp\/v2\/types\/post"}],"author":[{"embeddable":true,"href":"https:\/\/www.vorspeisenplatte.de\/speisen\/wp-json\/wp\/v2\/users\/2"}],"replies":[{"embeddable":true,"href":"https:\/\/www.vorspeisenplatte.de\/speisen\/wp-json\/wp\/v2\/comments?post=31569"}],"version-history":[{"count":3,"href":"https:\/\/www.vorspeisenplatte.de\/speisen\/wp-json\/wp\/v2\/posts\/31569\/revisions"}],"predecessor-version":[{"id":31580,"href":"https:\/\/www.vorspeisenplatte.de\/speisen\/wp-json\/wp\/v2\/posts\/31569\/revisions\/31580"}],"wp:attachment":[{"href":"https:\/\/www.vorspeisenplatte.de\/speisen\/wp-json\/wp\/v2\/media?parent=31569"}],"wp:term":[{"taxonomy":"category","embeddable":true,"href":"https:\/\/www.vorspeisenplatte.de\/speisen\/wp-json\/wp\/v2\/categories?post=31569"},{"taxonomy":"post_tag","embeddable":true,"href":"https:\/\/www.vorspeisenplatte.de\/speisen\/wp-json\/wp\/v2\/tags?post=31569"}],"curies":[{"name":"wp","href":"https:\/\/api.w.org\/{rel}","templated":true}]}}