{"id":31598,"date":"2016-04-28T07:20:34","date_gmt":"2016-04-28T05:20:34","guid":{"rendered":"https:\/\/www.vorspeisenplatte.de\/speisen\/?p=31598"},"modified":"2026-04-24T16:13:44","modified_gmt":"2026-04-24T14:13:44","slug":"journal-mittwoch-27-april-2016-welche-zugtickets","status":"publish","type":"post","link":"https:\/\/www.vorspeisenplatte.de\/speisen\/2016\/04\/journal-mittwoch-27-april-2016-welche-zugtickets.htm","title":{"rendered":"Journal Mittwoch, 27. April 2016 &#8211; Welche Zugtickets?"},"content":{"rendered":"<p>Trotzig und zornig dokumentiere ich einen weiteren Schneetag.<\/p>\n<p><a href=\"https:\/\/www.vorspeisenplatte.de\/speisen\/archiv\/160427_05_Bueroausblick_Schnee.jpg\"><img loading=\"lazy\" decoding=\"async\" src=\"https:\/\/www.vorspeisenplatte.de\/speisen\/archiv\/160427_05_Bueroausblick_Schnee.jpg\" alt=\"160427_05_Bueroausblick_Schnee\" width=\"368\" height=\"541\" class=\"alignnone size-full wp-image-31607\" \/><\/a><\/p>\n<p>Und kommen Sie mir jetzt nicht mit: &#8220;Aber es scheint doch schon die Sonne!&#8221; Zudem blies ein b\u00f6ser, eisiger Wind.<\/p>\n<p><a href=\"https:\/\/www.vorspeisenplatte.de\/speisen\/archiv\/160427_08_Theresienwiese_1.jpg\"><img loading=\"lazy\" decoding=\"async\" src=\"https:\/\/www.vorspeisenplatte.de\/speisen\/archiv\/160427_08_Theresienwiese_1.jpg\" alt=\"160427_08_Theresienwiese_1\" width=\"653\" height=\"355\" class=\"alignnone size-full \" \/><\/a><\/p>\n<p>Heimweg \u00fcber die Theresienwiese, wo vom Fr\u00fchlingsfest Juchzer aus den Karussels her\u00fcberschallten.<\/p>\n<p>Zum Nachtmahl bereitete Herr Kaltmamsell Teile unseres frisch geholten Ernteanteils zu:<\/p>\n<p><a href=\"https:\/\/www.vorspeisenplatte.de\/speisen\/archiv\/160427_09_Nachtmahl.jpg\"><img loading=\"lazy\" decoding=\"async\" src=\"https:\/\/www.vorspeisenplatte.de\/speisen\/archiv\/160427_09_Nachtmahl.jpg\" alt=\"160427_09_Nachtmahl\" width=\"392\" height=\"450\" class=\"alignnone size-full wp-image-31608\" \/><\/a><\/p>\n<p>Das Gr\u00fcn der Mair\u00fcbchen plus Asiasalat mit Guanciale und Mozzarella. Als zweiten Gang gab es Ruccola, zum Nachtisch Schokon\u00fcsse.<\/p>\n<p>Dann eine kurze Aufregung. Am Freitag fahre ich mit Herrn Kaltmamsell zu einem lange befreuten Anlass nach Wien. Da lange nicht feststand, ob ich von dort aus zur\u00fcck nach M\u00fcnchen fahren w\u00fcrde (keinen Urlaub f\u00fcr die re:publica bekommen) oder weiter nach Berlin fliegen (Urlaub bekommen), hatten wir uns geeinigt, ein Zugticket hin und zur\u00fcck zu kaufen und gegebenenfalls meine R\u00fcckfahrt verfallen zu lassen. Die Ausweis-\/Bahncard-\/Kreditkartendaten dazu mussten also von Herrn Kaltmamsell kommen, da ich ja m\u00f6glicherweise auf der R\u00fcckfahrt nicht dabei sein w\u00fcrde. In meinen Reisevorbereitungen fragte ich ihn also gestern Abend, wann nochmal am Freitag unser Zug abfahre. Um einen verschreckten Blick zu ernten: Aber das m\u00fcsse doch ich wissen, schlie\u00dflich h\u00e4tte ich die Fahrkarten.<br \/>\nWir hatten es irgendwie geschafft, uns so gr\u00fcndlich misszuverstehen, dass weder er noch ich die Fahrkarten gekauft hatten. Nicht schlimm, das lie\u00df sich nachholen, aber wir waren sehr verdutzt &#8211; sonst ist unser Umeinander-K\u00fcmmer-Bed\u00fcrfnis so gro\u00df, dass Vorbereitungen eher doppelt getroffen werden.<\/p>\n<p>\u00a7<\/p>\n<p>Nochmal zur\u00fcck zu Prince (also dem mit der Musik): Die Fugly-Damen habe <a href=\"http:\/\/www.gofugyourself.com\/well-fugging-miss-you-prince-04-2016\/prince9\" target=\"_blank\">eine wundervolle Slide-Show<\/a> zusammengestellt.<\/p>\n<p>Sehr gerne habe ich mich auch nochmal <a href=\"http:\/\/www.gofugyourself.com\/princely-played-prince-at-the-french-open-06-2014\/celebrities-at-the-french-tennis-open-2014s-tribunes-at-roland-garros-arena-in-paris\" target=\"_blank\">durch ihren Bericht von Prince auf den French Open 2014<\/a> geklickt.<\/p>\n<blockquote><p>Seriously, I know Prince is a human being, but sometimes Prince does not seem of this Earth, and so it catches me by surprise that he does regular human things. Prince is concentrating!<\/p><\/blockquote>\n<p>\u00a7<\/p>\n<p>Apropos:<\/p>\n<blockquote class=\"twitter-tweet\" data-lang=\"en\">\n<p lang=\"en\" dir=\"ltr\">When you&#39;re sad, just Google Image search &quot;birds getting weighed&quot;. <a href=\"http:\/\/t.co\/DUiH6kAlyK\">pic.twitter.com\/DUiH6kAlyK<\/a><\/p>\n<p>&mdash; Michelle Lee (@mlee525) <a href=\"https:\/\/twitter.com\/mlee525\/status\/577667871548968961\">March 17, 2015<\/a><\/p><\/blockquote>\n<p><script async src=\"\/\/platform.twitter.com\/widgets.js\" charset=\"utf-8\"><\/script><\/p>\n<p>\u00a7<\/p>\n<p>Eltern, die ihre Kinder versohlen? UNS HAT&#8217;S AUCH NICHT GESCHADET!!!11!!<br \/>\n1. Hat es doch.<br \/>\n2. Es hat nicht mal kurzfristig sein Ziel erf\u00fcllt, das Kind gef\u00fcgig zu machen.<\/p>\n<p>Das beweist jetzt eine Metaanalyse von f\u00fcnf Jahrzehnten Studien:<br \/>\n<a href=\"http:\/\/www.iflscience.com\/brain\/spanking-leads-angrier-and-more-defiant-children\" target=\"_blank\">&#8220;Huge New Study Reveals The Impact Of Spanking On Children&#8221;.<\/a><\/p>\n<blockquote><p>Most strikingly, she found that it is a very ineffective way to get children to follow parents&#8217; wishes.<br \/>\n&#8220;We found that spanking was associated with unintended detrimental outcomes and was not associated with more immediate or long-term compliance, which are parents&#8217; intended outcomes when they discipline their children,&#8221; Gershoff said.<\/p>\n<p>On top of this, the traditional line that \u201cit never did me any harm\u201d doesn&#8217;t stand up very well. Adults who were spanked as a child were more likely to suffer mental health problems and to behave in anti-social ways.<\/p><\/blockquote>\n","protected":false},"excerpt":{"rendered":"<p>Trotzig und zornig dokumentiere ich einen weiteren Schneetag. Und kommen Sie mir jetzt nicht mit: &#8220;Aber es scheint doch schon die Sonne!&#8221; Zudem blies ein b\u00f6ser, eisiger Wind. Heimweg \u00fcber die Theresienwiese, wo vom Fr\u00fchlingsfest Juchzer aus den Karussels her\u00fcberschallten. Zum Nachtmahl bereitete Herr Kaltmamsell Teile unseres frisch geholten Ernteanteils zu: Das Gr\u00fcn der Mair\u00fcbchen [&hellip;]<\/p>\n","protected":false},"author":2,"featured_media":0,"comment_status":"open","ping_status":"closed","sticky":false,"template":"","format":"standard","meta":{"footnotes":""},"categories":[6,2,1],"tags":[],"class_list":["post-31598","post","type-post","status-publish","format-standard","hentry","category-essen","category-fotos","category-general"],"_links":{"self":[{"href":"https:\/\/www.vorspeisenplatte.de\/speisen\/wp-json\/wp\/v2\/posts\/31598","targetHints":{"allow":["GET"]}}],"collection":[{"href":"https:\/\/www.vorspeisenplatte.de\/speisen\/wp-json\/wp\/v2\/posts"}],"about":[{"href":"https:\/\/www.vorspeisenplatte.de\/speisen\/wp-json\/wp\/v2\/types\/post"}],"author":[{"embeddable":true,"href":"https:\/\/www.vorspeisenplatte.de\/speisen\/wp-json\/wp\/v2\/users\/2"}],"replies":[{"embeddable":true,"href":"https:\/\/www.vorspeisenplatte.de\/speisen\/wp-json\/wp\/v2\/comments?post=31598"}],"version-history":[{"count":3,"href":"https:\/\/www.vorspeisenplatte.de\/speisen\/wp-json\/wp\/v2\/posts\/31598\/revisions"}],"predecessor-version":[{"id":118808,"href":"https:\/\/www.vorspeisenplatte.de\/speisen\/wp-json\/wp\/v2\/posts\/31598\/revisions\/118808"}],"wp:attachment":[{"href":"https:\/\/www.vorspeisenplatte.de\/speisen\/wp-json\/wp\/v2\/media?parent=31598"}],"wp:term":[{"taxonomy":"category","embeddable":true,"href":"https:\/\/www.vorspeisenplatte.de\/speisen\/wp-json\/wp\/v2\/categories?post=31598"},{"taxonomy":"post_tag","embeddable":true,"href":"https:\/\/www.vorspeisenplatte.de\/speisen\/wp-json\/wp\/v2\/tags?post=31598"}],"curies":[{"name":"wp","href":"https:\/\/api.w.org\/{rel}","templated":true}]}}