{"id":316,"date":"2004-03-24T14:52:18","date_gmt":"2004-03-24T13:52:18","guid":{"rendered":"https:\/\/www.vorspeisenplatte.de\/speisen\/2004\/03\/bevor-ich-platze.htm"},"modified":"-0001-11-30T00:00:00","modified_gmt":"-0001-11-29T22:00:00","slug":"bevor-ich-platze","status":"publish","type":"post","link":"https:\/\/www.vorspeisenplatte.de\/speisen\/2004\/03\/bevor-ich-platze.htm","title":{"rendered":"Bevor ich platze"},"content":{"rendered":"<p>Da schreibt der Alex R\u00fchle in der <i>S\u00fcddeutschen Zeitung<\/i> eine Glosse mit dem Titel &#8220;<a href=\"http:\/\/www.sueddeutsche.de\/jobkarriere\/berufstudium\/artikel\/64\/29035\/\" target=_new>Das Kind als Start-up-Unternehmen<\/a>&#8221;  \u00fcber die bayerische Schulpolitik. Er prangert darin die &#8220;Mogelpackung&#8221; G8 an, schimpft dar\u00fcber, dass Bildung durch Ausbildung ersetzt werde. Und dann steht da gleich im zweiten Absatz: &#8220;Entgegen des bayerischen Naturgesetzes Laptop mal Lederhose gleich ewiger Aufschwung geht es der Wirtschaft momentan nicht so toll.&#8221;<\/p>\n<p>&#8220;NA!&#8221;, muss ich ihm jetzt dann doch zubr\u00fcllen, &#8220;SO TOLL WAR DAS MIT IHRER BILDUNG JA WOHL AUCH NICHT, WAS?!&#8221;<\/p>\n<p>Entgegen <b>DEM<\/b> bayerischen Naturgesetz, zum Teufel, entgegen <b>DEM<\/b>!!!!<\/p>\n<p><i>Und genau daf\u00fcr gibt es Blogs. Jetzt geht&#8217;s mir besser.<\/i><\/p>\n","protected":false},"excerpt":{"rendered":"<p>Da schreibt der Alex R\u00fchle in der S\u00fcddeutschen Zeitung eine Glosse mit dem Titel &#8220;Das Kind als Start-up-Unternehmen&#8221; \u00fcber die bayerische Schulpolitik. Er prangert darin die &#8220;Mogelpackung&#8221; G8 an, schimpft dar\u00fcber, dass Bildung durch Ausbildung ersetzt werde. Und dann steht da gleich im zweiten Absatz: &#8220;Entgegen des bayerischen Naturgesetzes Laptop mal Lederhose gleich ewiger Aufschwung [&hellip;]<\/p>\n","protected":false},"author":2,"featured_media":0,"comment_status":"open","ping_status":"open","sticky":false,"template":"","format":"standard","meta":{"footnotes":""},"categories":[1],"tags":[],"class_list":["post-316","post","type-post","status-publish","format-standard","hentry","category-general"],"_links":{"self":[{"href":"https:\/\/www.vorspeisenplatte.de\/speisen\/wp-json\/wp\/v2\/posts\/316","targetHints":{"allow":["GET"]}}],"collection":[{"href":"https:\/\/www.vorspeisenplatte.de\/speisen\/wp-json\/wp\/v2\/posts"}],"about":[{"href":"https:\/\/www.vorspeisenplatte.de\/speisen\/wp-json\/wp\/v2\/types\/post"}],"author":[{"embeddable":true,"href":"https:\/\/www.vorspeisenplatte.de\/speisen\/wp-json\/wp\/v2\/users\/2"}],"replies":[{"embeddable":true,"href":"https:\/\/www.vorspeisenplatte.de\/speisen\/wp-json\/wp\/v2\/comments?post=316"}],"version-history":[{"count":0,"href":"https:\/\/www.vorspeisenplatte.de\/speisen\/wp-json\/wp\/v2\/posts\/316\/revisions"}],"wp:attachment":[{"href":"https:\/\/www.vorspeisenplatte.de\/speisen\/wp-json\/wp\/v2\/media?parent=316"}],"wp:term":[{"taxonomy":"category","embeddable":true,"href":"https:\/\/www.vorspeisenplatte.de\/speisen\/wp-json\/wp\/v2\/categories?post=316"},{"taxonomy":"post_tag","embeddable":true,"href":"https:\/\/www.vorspeisenplatte.de\/speisen\/wp-json\/wp\/v2\/tags?post=316"}],"curies":[{"name":"wp","href":"https:\/\/api.w.org\/{rel}","templated":true}]}}