{"id":31854,"date":"2016-05-14T08:06:34","date_gmt":"2016-05-14T06:06:34","guid":{"rendered":"https:\/\/www.vorspeisenplatte.de\/speisen\/?p=31854"},"modified":"2017-02-05T15:44:34","modified_gmt":"2017-02-05T14:44:34","slug":"journal-freitag-13-mai-2016-menopausenbloggen","status":"publish","type":"post","link":"https:\/\/www.vorspeisenplatte.de\/speisen\/2016\/05\/journal-freitag-13-mai-2016-menopausenbloggen.htm","title":{"rendered":"Journal Freitag, 13. Mai 2016 &#8211; Menopausenbloggen"},"content":{"rendered":"<p>Seit ein paar Jahren scherze ich mit <a href=\"http:\/\/www.frau-indica.de\/\" target=\"_blank\">Frau Indica<\/a>, dass aus uns Bloggerinnen der anderthalbten Stunde (vorher war <a href=\"http:\/\/www.moving-target.de\/\" target=\"_blank\">Melody<\/a>, vorher war <a href=\"https:\/\/antville.org\/\" target=\"_blank\">antville<\/a>) dereinst die erste Generation Menopausenbloggerinnen wird. Die Zeit des Scherzens ist vor\u00fcber, der Moment und die L\u00fccke sind da.<\/p>\n<p>Bewusst wurde mir das durch einen Post der eigentlich Foodbloggerin Kerstin Rodgers aka <a href=\"http:\/\/www.msmarmitelover.com\/\" target=\"_blank\">MsMarmite Lover<\/a>:<br \/>\n<a href=\"http:\/\/www.msmarmitelover.com\/2016\/03\/menopausal-in-canada.html\" target=\"_blank\">&#8220;Menopausal in Canada&#8221;.<\/a><\/p>\n<blockquote><p>I&#8217;m going to write about the excellent food and the exhilarating travel and all that stuff don&#8217;t you worry. But what I really want to write about is <b>my menopause<\/b>.<br \/>\nNobody ever talks about the menopause. Except me. I talk about it literally all the time. I just spent a week in New York telling EVERYONE I&#8217;m menopausal, to my daughter&#8217;s eye-rolling embarrassment.<\/p><\/blockquote>\n<p>Kerstin schreibt \u00fcber ihre Hitzewallungen (was ist das bitte f\u00fcr ein Wort?), das sprunghafte Altern, Schlafst\u00f6rungen, ihre Kommentatorinnen berichten \u00fcber geistige Aussetzer und Gewichtszunahme. Zu meinem gro\u00dfen Schrecken aber auch dar\u00fcber, dass diese Wechseljahrsymptome schon mit Mitte 30 auftauchen k\u00f6nnen und sich dann \u00fcber 20 Jahre lang hinziehen. Prost Mahlzeit!<\/p>\n<p>Ich hoffe, dass das Thema vermehrt in Journalblogs auftaucht. Im Mitschreib-Internet wird \u00fcber Pubert\u00e4t erz\u00e4hlt, also den Einstieg in die biologische Fruchtbarkeit des Menschen. Aber Erfahrungen mit ihrem Ende muss man schon suchen. So viele Menschen haben sich aufgehoben und informiert gef\u00fchlt, nicht mehr allein, weil andere \u00fcber ihre Elternschaft oder ihre Krebserkrankungen schrieben. K\u00f6nnte das mit dem\u00a0Klimakterium nicht\u00a0\u00e4hnlich sein?<\/p>\n<p>Oder sind Wechseljahre ein Tabu? Ich kenne durchaus den leicht raunenden Tonfall, mit dem Frauen &#8220;in einem bestimmten Alter&#8221; genannt werden, die Verlegenheit, mit der diese sich entschuldigen, weil sie bei normalen B\u00fcrotemperaturen in \u00e4rmelfreiem Oberteil am Schreibtisch sitzen und das Fenster \u00f6ffnen. Doch selbst ernsthafte Diskussionen \u00fcber die Einnahme von Hormonen als Gegenmittel habe ich bislang nur ganz am Rand meines Blickfelds mitbekommen.<\/p>\n<p>Und die derbe und unkonventionelle TV-Miniserie <a href=\"https:\/\/de.wikipedia.org\/wiki\/Klimawechsel\" target=\"_blank\"><i>Klimawechsel<\/i><\/a>, die Doris D\u00f6rrie 2010 ums Klimakterium machte, steht ja bis heute allein auf weiter Dings.<\/p>\n<p>Wie also bekomme ich mit, was so alles zu den Wechseljahren geh\u00f6rt (haben sie vielleicht bei mir auch schon mit 40 begonnen?), was ich erwarten kann (geht am End&#8217; meine Berufslebenskrise auf ihr Konto?), was noch in der Norm ist, ab wann ich mir Sorgen machen sollte (meine seit fast zehn Jahren brennenden und bl\u00e4tternden Lippen?), woran man \u00fcberhaupt das Einsetzen der Wechseljahre festmacht (mein Zyklus ist immer noch 27-29 Tage lang, Beschwerden und Blutungsst\u00e4rke schwanken, wie halt seit Menarche) &#8211; wenn nicht mehr Frauen diese Details in ihre Alltagsschilderungen einbauen?<\/p>\n<p>Oder f\u00e4nde ich all dies gar in Frauengazetten, die ich seit Jahrzehnten ignoriere? <img loading=\"lazy\" decoding=\"async\" src=\"https:\/\/ssl-vg03.met.vgwort.de\/na\/2f373cf11e2347dba1e63011cf2dc112\" width=\"1\" height=\"1\" alt=\"\"\/><\/p>\n","protected":false},"excerpt":{"rendered":"<p>Seit ein paar Jahren scherze ich mit Frau Indica, dass aus uns Bloggerinnen der anderthalbten Stunde (vorher war Melody, vorher war antville) dereinst die erste Generation Menopausenbloggerinnen wird. Die Zeit des Scherzens ist vor\u00fcber, der Moment und die L\u00fccke sind da. Bewusst wurde mir das durch einen Post der eigentlich Foodbloggerin Kerstin Rodgers aka MsMarmite [&hellip;]<\/p>\n","protected":false},"author":2,"featured_media":0,"comment_status":"open","ping_status":"closed","sticky":false,"template":"","format":"standard","meta":{"footnotes":""},"categories":[1],"tags":[],"class_list":["post-31854","post","type-post","status-publish","format-standard","hentry","category-general"],"_links":{"self":[{"href":"https:\/\/www.vorspeisenplatte.de\/speisen\/wp-json\/wp\/v2\/posts\/31854","targetHints":{"allow":["GET"]}}],"collection":[{"href":"https:\/\/www.vorspeisenplatte.de\/speisen\/wp-json\/wp\/v2\/posts"}],"about":[{"href":"https:\/\/www.vorspeisenplatte.de\/speisen\/wp-json\/wp\/v2\/types\/post"}],"author":[{"embeddable":true,"href":"https:\/\/www.vorspeisenplatte.de\/speisen\/wp-json\/wp\/v2\/users\/2"}],"replies":[{"embeddable":true,"href":"https:\/\/www.vorspeisenplatte.de\/speisen\/wp-json\/wp\/v2\/comments?post=31854"}],"version-history":[{"count":3,"href":"https:\/\/www.vorspeisenplatte.de\/speisen\/wp-json\/wp\/v2\/posts\/31854\/revisions"}],"predecessor-version":[{"id":31862,"href":"https:\/\/www.vorspeisenplatte.de\/speisen\/wp-json\/wp\/v2\/posts\/31854\/revisions\/31862"}],"wp:attachment":[{"href":"https:\/\/www.vorspeisenplatte.de\/speisen\/wp-json\/wp\/v2\/media?parent=31854"}],"wp:term":[{"taxonomy":"category","embeddable":true,"href":"https:\/\/www.vorspeisenplatte.de\/speisen\/wp-json\/wp\/v2\/categories?post=31854"},{"taxonomy":"post_tag","embeddable":true,"href":"https:\/\/www.vorspeisenplatte.de\/speisen\/wp-json\/wp\/v2\/tags?post=31854"}],"curies":[{"name":"wp","href":"https:\/\/api.w.org\/{rel}","templated":true}]}}